{"id":21740,"date":"2020-03-21T01:08:11","date_gmt":"2020-03-21T01:08:11","guid":{"rendered":"https:\/\/jorgezanoni.com.br\/2019\/?p=21740"},"modified":"2020-03-21T01:08:11","modified_gmt":"2020-03-21T01:08:11","slug":"capitao-cavalcante-orienta-condutores-sobre-o-uso-do-alcool-em-gel-em-veiculos","status":"publish","type":"post","link":"https:\/\/jorgezanoni.com.br\/2019\/capitao-cavalcante-orienta-condutores-sobre-o-uso-do-alcool-em-gel-em-veiculos\/","title":{"rendered":"Capit\u00e3o Cavalcante orienta condutores sobre o uso do \u00e1lcool em gel em ve\u00edculos"},"content":{"rendered":"<p style=\"text-align: justify;\"><strong>O capit\u00e3o Marcelo Cavalcante, coordenador operacional do 25\u00ba Batalh\u00e3o e Comandante da 1\u00aa Cia da Pol\u00edcia Militar em Dracena orienta condutores sobre a utiliza\u00e7\u00e3o de \u00e1lcool em gel no interior dos ve\u00edculos.<\/strong><\/p>\n<p style=\"text-align: justify;\"><img loading=\"lazy\" decoding=\"async\" class=\"alignnone size-full wp-image-21742\" src=\"https:\/\/jorgezanoni.com.br\/2019\/wp-content\/uploads\/2020\/03\/PM-ORIENTA-\u00c1LCOOL-EM-GEL-2.jpg\" alt=\"\" width=\"750\" height=\"375\" srcset=\"https:\/\/jorgezanoni.com.br\/2019\/wp-content\/uploads\/2020\/03\/PM-ORIENTA-\u00c1LCOOL-EM-GEL-2.jpg 750w, https:\/\/jorgezanoni.com.br\/2019\/wp-content\/uploads\/2020\/03\/PM-ORIENTA-\u00c1LCOOL-EM-GEL-2-300x150.jpg 300w, https:\/\/jorgezanoni.com.br\/2019\/wp-content\/uploads\/2020\/03\/PM-ORIENTA-\u00c1LCOOL-EM-GEL-2-696x348.jpg 696w\" sizes=\"auto, (max-width: 750px) 100vw, 750px\" \/>Etil\u00f4metro passivo pode indicar n\u00edvel de \u00e1lcool pelo uso do \u00e1lcool em gel no carro, mas n\u00e3o trar\u00e1 problemas aos condutores (Marcos Maia\/JR)<\/p>\n<p style=\"text-align: justify;\">Ele ressalta inicialmente que a utiliza\u00e7\u00e3o do produto deve ser feita no momento que estiver parado, porque em movimento, o condutor pode cometer infra\u00e7\u00e3o de tr\u00e2nsito, dirigindo sem observar os cuidados necess\u00e1rios.<\/p>\n<p style=\"text-align: justify;\">Em rela\u00e7\u00e3o ao etil\u00f4metro (baf\u00f4metro), o capit\u00e3o explica que embora a Pol\u00edcia Militar tenha dois equipamentos para a aferi\u00e7\u00e3o de alcoolemia, o etil\u00f4metro passivo que \u00e9 usado no momento que o policial se aproxima do condutor pode indicar uma quantidade de \u00e1lcool em virtude do uso \u00e1lcool em gel. Cavalcante tranquiliza a todos que se eventualmente em uma blitz e sendo usado o etil\u00f4metro passivo e constatar algum n\u00edvel de \u00e1lcool, caso seja devido ao \u00e1lcool em gel, n\u00e3o resultar\u00e1 em problema para o condutor, porque para fins de elabora\u00e7\u00e3o de multa, detec\u00e7\u00e3o de crime \u00e9 obrigat\u00f3rio usar o etil\u00f4metro convencional, em que o condutor ter\u00e1 que assoprar o aparelho. \u201cSe no passivo constatou algum n\u00edvel de \u00e1lcool e foi por conta do \u00e1lcool em gel na hora que for utilizado o convencional n\u00e3o vai constar nada, pois ele s\u00f3 observa o n\u00edvel de \u00e1lcool vindo dos pulm\u00f5es em caso de ingest\u00e3o. As pessoas de bem que est\u00e3o preocupadas em rela\u00e7\u00e3o a isso podem ficar tranquilas\u201d.<\/p>\n<p style=\"text-align: justify;\">O capit\u00e3o ressalta que em casos de desculpas para se livrar de algum tipo de puni\u00e7\u00e3o caso o condutor tenha ingerido bebida alc\u00f3olica n\u00e3o ser\u00e1 poss\u00edvel, porque o baf\u00f4metro convencional ir\u00e1 mostrar as condi\u00e7\u00f5es.<\/p>\n<p style=\"text-align: justify;\">Sobre a preven\u00e7\u00e3o ao coronav\u00edrus, o capit\u00e3o Cavalcante informa que o policial militar vai seguir as mesmas medidas de prote\u00e7\u00e3o transmitidas a popula\u00e7\u00e3o.<\/p>\n<p style=\"text-align: justify;\">Segundo o capit\u00e3o, \u00e9 importante que o policial se adapte a essas quest\u00f5es se prevenindo quanto a lavar as m\u00e3os, usar \u00e1lcool em gel, entre outros cuidados.<\/p>\n<p>Fonte: Portal Regional<\/p>\n<p style=\"text-align: justify;\">\n","protected":false},"excerpt":{"rendered":"<p>O capit\u00e3o Marcelo Cavalcante, coordenador operacional do 25\u00ba Batalh\u00e3o e Comandante da 1\u00aa Cia da Pol\u00edcia Militar em Dracena orienta condutores sobre a utiliza\u00e7\u00e3o de \u00e1lcool em gel no interior dos ve\u00edculos. Etil\u00f4metro passivo pode indicar n\u00edvel de \u00e1lcool pelo uso do \u00e1lcool em gel no carro, mas n\u00e3o trar\u00e1 problemas aos condutores (Marcos Maia\/JR) [&hellip;]<\/p>\n","protected":false},"author":1,"featured_media":21741,"comment_status":"closed","ping_status":"open","sticky":false,"template":"","format":"standard","meta":{"footnotes":""},"categories":[110,2],"tags":[],"class_list":["post-21740","post","type-post","status-publish","format-standard","has-post-thumbnail","hentry","category-noticiasdestaque","category-policial"],"_links":{"self":[{"href":"https:\/\/jorgezanoni.com.br\/2019\/wp-json\/wp\/v2\/posts\/21740","targetHints":{"allow":["GET"]}}],"collection":[{"href":"https:\/\/jorgezanoni.com.br\/2019\/wp-json\/wp\/v2\/posts"}],"about":[{"href":"https:\/\/jorgezanoni.com.br\/2019\/wp-json\/wp\/v2\/types\/post"}],"author":[{"embeddable":true,"href":"https:\/\/jorgezanoni.com.br\/2019\/wp-json\/wp\/v2\/users\/1"}],"replies":[{"embeddable":true,"href":"https:\/\/jorgezanoni.com.br\/2019\/wp-json\/wp\/v2\/comments?post=21740"}],"version-history":[{"count":0,"href":"https:\/\/jorgezanoni.com.br\/2019\/wp-json\/wp\/v2\/posts\/21740\/revisions"}],"wp:featuredmedia":[{"embeddable":true,"href":"https:\/\/jorgezanoni.com.br\/2019\/wp-json\/wp\/v2\/media\/21741"}],"wp:attachment":[{"href":"https:\/\/jorgezanoni.com.br\/2019\/wp-json\/wp\/v2\/media?parent=21740"}],"wp:term":[{"taxonomy":"category","embeddable":true,"href":"https:\/\/jorgezanoni.com.br\/2019\/wp-json\/wp\/v2\/categories?post=21740"},{"taxonomy":"post_tag","embeddable":true,"href":"https:\/\/jorgezanoni.com.br\/2019\/wp-json\/wp\/v2\/tags?post=21740"}],"curies":[{"name":"wp","href":"https:\/\/api.w.org\/{rel}","templated":true}]}}