{"id":2174,"date":"2019-07-26T15:26:58","date_gmt":"2019-07-26T15:26:58","guid":{"rendered":"http:\/\/jorgezanoni.com.br\/2019\/?p=2174"},"modified":"2019-07-26T15:26:58","modified_gmt":"2019-07-26T15:26:58","slug":"emdaep-providencia-a-troca-de-bomba-de-poco-do-bairro-metropole","status":"publish","type":"post","link":"https:\/\/jorgezanoni.com.br\/2019\/emdaep-providencia-a-troca-de-bomba-de-poco-do-bairro-metropole\/","title":{"rendered":"Emdaep providencia a troca de bomba de po\u00e7o do Bairro Metr\u00f3pole"},"content":{"rendered":"<p class=\"ydp26b889e8MsoNormal\" style=\"text-align: justify;\"><b>Nesta sexta-feira, queimou a bomba do po\u00e7o localizado nas imedia\u00e7\u00f5es da Emefi Professor Moacir Simardi, no Bairro Metr\u00f3pole.<\/b><\/p>\n<p class=\"ydp26b889e8MsoNormal\" style=\"text-align: justify;\"><b>De imediato, a Emdaep realizou manobras na rede para diminuir o impacto da falta de \u00e1gua nos im\u00f3veis de parte do centro e do Bairro Metr\u00f3pole.<\/b><\/p>\n<p class=\"ydp26b889e8MsoNormal\" style=\"text-align: justify;\"><b>Ao longo do dia uma nova bomba ser\u00e1 instalada no local visando a normaliza\u00e7\u00e3o do abastecimento.<\/b><\/p>\n<p class=\"ydp26b889e8MsoNormal\" style=\"text-align: justify;\"><b>A Emdaep esclarece que conforme a NBR 5626:1998, da ABNT, cada im\u00f3vel deve ter reservat\u00f3rio com capacidade para abastecimento normal do edif\u00edcio para 24 horas de consumo normal. Recomenda-se que a reserva m\u00ednima seja de 500 litros.<\/b><\/p>\n<p class=\"ydp26b889e8MsoNormal\" style=\"text-align: justify;\"><b>Informa\u00e7\u00f5es na Emdaep no telefone 3821-1146.<\/b><b>\u00a0<\/b><\/p>\n<p class=\"ydp26b889e8MsoNormal\" style=\"text-align: justify;\"><b>Ass. Rela\u00e7\u00f5es P\u00fablicas da Emdaep<\/b><\/p>\n","protected":false},"excerpt":{"rendered":"<p>Nesta sexta-feira, queimou a bomba do po\u00e7o localizado nas imedia\u00e7\u00f5es da Emefi Professor Moacir Simardi, no Bairro Metr\u00f3pole. De imediato, a Emdaep realizou manobras na rede para diminuir o impacto da falta de \u00e1gua nos im\u00f3veis de parte do centro e do Bairro Metr\u00f3pole. Ao longo do dia uma nova bomba ser\u00e1 instalada no local [&hellip;]<\/p>\n","protected":false},"author":1,"featured_media":2175,"comment_status":"open","ping_status":"open","sticky":false,"template":"","format":"standard","meta":{"footnotes":""},"categories":[114,110],"tags":[],"class_list":["post-2174","post","type-post","status-publish","format-standard","has-post-thumbnail","hentry","category-geralecomercio","category-noticiasdestaque"],"_links":{"self":[{"href":"https:\/\/jorgezanoni.com.br\/2019\/wp-json\/wp\/v2\/posts\/2174","targetHints":{"allow":["GET"]}}],"collection":[{"href":"https:\/\/jorgezanoni.com.br\/2019\/wp-json\/wp\/v2\/posts"}],"about":[{"href":"https:\/\/jorgezanoni.com.br\/2019\/wp-json\/wp\/v2\/types\/post"}],"author":[{"embeddable":true,"href":"https:\/\/jorgezanoni.com.br\/2019\/wp-json\/wp\/v2\/users\/1"}],"replies":[{"embeddable":true,"href":"https:\/\/jorgezanoni.com.br\/2019\/wp-json\/wp\/v2\/comments?post=2174"}],"version-history":[{"count":0,"href":"https:\/\/jorgezanoni.com.br\/2019\/wp-json\/wp\/v2\/posts\/2174\/revisions"}],"wp:featuredmedia":[{"embeddable":true,"href":"https:\/\/jorgezanoni.com.br\/2019\/wp-json\/wp\/v2\/media\/2175"}],"wp:attachment":[{"href":"https:\/\/jorgezanoni.com.br\/2019\/wp-json\/wp\/v2\/media?parent=2174"}],"wp:term":[{"taxonomy":"category","embeddable":true,"href":"https:\/\/jorgezanoni.com.br\/2019\/wp-json\/wp\/v2\/categories?post=2174"},{"taxonomy":"post_tag","embeddable":true,"href":"https:\/\/jorgezanoni.com.br\/2019\/wp-json\/wp\/v2\/tags?post=2174"}],"curies":[{"name":"wp","href":"https:\/\/api.w.org\/{rel}","templated":true}]}}