{"id":21735,"date":"2020-03-21T00:38:25","date_gmt":"2020-03-21T00:38:25","guid":{"rendered":"https:\/\/jorgezanoni.com.br\/2019\/?p=21735"},"modified":"2020-03-21T00:38:25","modified_gmt":"2020-03-21T00:38:25","slug":"dracena-policia-civil-tem-rotina-para-atendimento-publico-evitando-o-contagio-do-novo-coronavirus","status":"publish","type":"post","link":"https:\/\/jorgezanoni.com.br\/2019\/dracena-policia-civil-tem-rotina-para-atendimento-publico-evitando-o-contagio-do-novo-coronavirus\/","title":{"rendered":"Dracena: Pol\u00edcia Civil tem rotina para atendimento p\u00fablico evitando o cont\u00e1gio do novo coronavirus"},"content":{"rendered":"<p style=\"text-align: justify;\">Atendendo determina\u00e7\u00f5es superiores e de bom senso nestes tempos de sa\u00fade fr\u00e1gil, a Pol\u00edcia civil em todo o Estado adotou medidas emergenciais para evitar o cont\u00e1gio do novo coronav\u00edrus, por\u00e9m, imbu\u00edda da necessidade de se bem atender ao p\u00fablico usu\u00e1rio dos servi\u00e7os p\u00fablicos policiais civis.<br \/>\nDesta forma a Delegacia Seccional de Pol\u00edcia de Dracena tamb\u00e9m estabeleceu a rotina em moldes padr\u00e3o do que ocorre em todo o Estado de s\u00e3o Paulo, tendo por fulcro Portaria do Delegado Geral de Pol\u00edcia do Estado, sendo a 16, de 17.03.2020, cuja abertura demonstra:<\/p>\n<p>Assim, ser\u00e3o atendidos nos plant\u00f5es e nas Delegacias de Pol\u00edcia, com a observ\u00e2ncia devido para se evitar contamina\u00e7\u00e3o, os casos de<br \/>\n\u2022 Morte e desaparecimento de pessoa<br \/>\n\u2022 Viol\u00eancia dom\u00e9stica ou praticada contra crian\u00e7as e adolescentes<br \/>\n\u2022 Estupro, sequestro e c\u00e1rcere privado<br \/>\n\u2022 Roubo e\/ou extors\u00e3o<br \/>\n\u2022 Situa\u00e7\u00e3o de flagr\u00e2ncia (crime, infra\u00e7\u00e3o de menor potencial ofensivo e ato infracional)<\/p>\n<p style=\"text-align: justify;\">Os casos n\u00e3o elencados no rol anterior, em que se vislumbrarem a necessidade de imediata interven\u00e7\u00e3o da Pol\u00edcia Civil, dever\u00e3o ser imediatamente comunicados ao Delegado de Pol\u00edcia para aprecia\u00e7\u00e3o.<\/p>\n<p style=\"text-align: justify;\">Em caso de muita procura aos meios policiais civis poder\u00e1 ser institu\u00eddo o uso de senhas e limita\u00e7\u00e3o de ingresso no local, em \u00e1rea comum do pr\u00e9dio onde se realizam os atendimentos.<\/p>\n<p style=\"text-align: justify;\">Os Policiais Civis n\u00e3o poder\u00e3o negar atendimento a quem quer que seja que procure a unidade policial civil, por\u00e9m, na impossibilidade de se registrar a ocorr\u00eancia, as partes devem ser orientadas a registrarem o fato pela Delegacia Eletr\u00f4nica, sendo esta ocorr\u00eancia ao depois, convalidada pela Delegacia de Policia da \u00e1rea do fato.<\/p>\n<p style=\"text-align: justify;\">Crimes que poder\u00e3o ser registrados por meio da DELEGACIA ELETR\u00d4NICA, via internet:<\/p>\n<p style=\"text-align: justify;\">\u2022 Roubo ou furto de ve\u00edculos<br \/>\n\u2022 Furto de documentos\/celular\/placa de ve\u00edculo\/bicicleta<br \/>\n\u2022 Perda de documentos\/celular\/placa de ve\u00edculo<br \/>\n\u2022 Roubo de documentos, celulares e\/ou objetos<br \/>\n\u2022 Inj\u00faria, cal\u00fania ou difama\u00e7\u00e3o<br \/>\n\u2022 Acidente de tr\u00e2nsito sem v\u00edtimas<br \/>\n\u2022 Desaparecimento de pessoas<br \/>\n\u2022 Encontro de pessoas<br \/>\n\u2022 Furto de fios\/cabos em vias p\u00fablicas (somente para empresas concession\u00e1rias)<br \/>\n\u2022 DEPA \u2013 Prote\u00e7\u00e3o animal<\/p>\n<p style=\"text-align: justify;\">Para se acessar a Delegacia eletr\u00f4nica, o usu\u00e1rio deve entrar no endere\u00e7o eletr\u00f4nico:<br \/>\nhttps:\/\/www.delegaciaeletronica.policiacivil.sp.gov.br\/ssp-de-cidadao\/home, quando surgir\u00e1 na tela esta p\u00e1gina:<\/p>\n<p style=\"text-align: justify;\">Portanto, todas as Delegacias de Pol\u00edcia da \u00e1rea da Delegacia Seccional de Pol\u00edcia de Dracena, tanto das na sede: Plant\u00e3o Policial Permanente, DDM \u2013 Delegacia de Pol\u00edcia de Defesa da Mulher, 1\u00ba e 2\u00ba Distritos Policiais Agrupados, DIG e DISE Agrupadas e demais setores (como a Cadeia P\u00fablica com suas regras proibitivas, inclusive de visitas de familiares), e ainda as unidades dos munic\u00edpios de Junqueir\u00f3polis, Ouro Verde, Tupi Paulista, Nova Guataporanga, Monte Castelo, S\u00e3o Jo\u00e3o do Pau D\u2019Alho, Santa Mercedes, Paulic\u00e9ia e Panorama dever\u00e3o seguir a rotina estabelecida pela Administra\u00e7\u00e3o Superior da Pol\u00edcia Civil, nos termos destas normas regulamentares. Enquanto perdurar o estado emergencial.<\/p>\n<p><img loading=\"lazy\" decoding=\"async\" class=\"alignnone size-full wp-image-21736\" src=\"https:\/\/jorgezanoni.com.br\/2019\/wp-content\/uploads\/2020\/03\/civil-2.jpg\" alt=\"\" width=\"383\" height=\"498\" srcset=\"https:\/\/jorgezanoni.com.br\/2019\/wp-content\/uploads\/2020\/03\/civil-2.jpg 383w, https:\/\/jorgezanoni.com.br\/2019\/wp-content\/uploads\/2020\/03\/civil-2-231x300.jpg 231w, https:\/\/jorgezanoni.com.br\/2019\/wp-content\/uploads\/2020\/03\/civil-2-323x420.jpg 323w\" sizes=\"auto, (max-width: 383px) 100vw, 383px\" \/> <img loading=\"lazy\" decoding=\"async\" class=\"alignnone size-full wp-image-21737\" src=\"https:\/\/jorgezanoni.com.br\/2019\/wp-content\/uploads\/2020\/03\/civil1-2.jpg\" alt=\"\" width=\"669\" height=\"394\" srcset=\"https:\/\/jorgezanoni.com.br\/2019\/wp-content\/uploads\/2020\/03\/civil1-2.jpg 669w, https:\/\/jorgezanoni.com.br\/2019\/wp-content\/uploads\/2020\/03\/civil1-2-300x177.jpg 300w\" sizes=\"auto, (max-width: 669px) 100vw, 669px\" \/><\/p>\n<p>&nbsp;<\/p>\n","protected":false},"excerpt":{"rendered":"<p>Atendendo determina\u00e7\u00f5es superiores e de bom senso nestes tempos de sa\u00fade fr\u00e1gil, a Pol\u00edcia civil em todo o Estado adotou medidas emergenciais para evitar o cont\u00e1gio do novo coronav\u00edrus, por\u00e9m, imbu\u00edda da necessidade de se bem atender ao p\u00fablico usu\u00e1rio dos servi\u00e7os p\u00fablicos policiais civis. Desta forma a Delegacia Seccional de Pol\u00edcia de Dracena tamb\u00e9m [&hellip;]<\/p>\n","protected":false},"author":1,"featured_media":21738,"comment_status":"closed","ping_status":"open","sticky":false,"template":"","format":"standard","meta":{"footnotes":""},"categories":[110,2],"tags":[],"class_list":["post-21735","post","type-post","status-publish","format-standard","has-post-thumbnail","hentry","category-noticiasdestaque","category-policial"],"_links":{"self":[{"href":"https:\/\/jorgezanoni.com.br\/2019\/wp-json\/wp\/v2\/posts\/21735","targetHints":{"allow":["GET"]}}],"collection":[{"href":"https:\/\/jorgezanoni.com.br\/2019\/wp-json\/wp\/v2\/posts"}],"about":[{"href":"https:\/\/jorgezanoni.com.br\/2019\/wp-json\/wp\/v2\/types\/post"}],"author":[{"embeddable":true,"href":"https:\/\/jorgezanoni.com.br\/2019\/wp-json\/wp\/v2\/users\/1"}],"replies":[{"embeddable":true,"href":"https:\/\/jorgezanoni.com.br\/2019\/wp-json\/wp\/v2\/comments?post=21735"}],"version-history":[{"count":0,"href":"https:\/\/jorgezanoni.com.br\/2019\/wp-json\/wp\/v2\/posts\/21735\/revisions"}],"wp:featuredmedia":[{"embeddable":true,"href":"https:\/\/jorgezanoni.com.br\/2019\/wp-json\/wp\/v2\/media\/21738"}],"wp:attachment":[{"href":"https:\/\/jorgezanoni.com.br\/2019\/wp-json\/wp\/v2\/media?parent=21735"}],"wp:term":[{"taxonomy":"category","embeddable":true,"href":"https:\/\/jorgezanoni.com.br\/2019\/wp-json\/wp\/v2\/categories?post=21735"},{"taxonomy":"post_tag","embeddable":true,"href":"https:\/\/jorgezanoni.com.br\/2019\/wp-json\/wp\/v2\/tags?post=21735"}],"curies":[{"name":"wp","href":"https:\/\/api.w.org\/{rel}","templated":true}]}}