{"id":21732,"date":"2020-03-21T00:08:00","date_gmt":"2020-03-21T00:08:00","guid":{"rendered":"https:\/\/jorgezanoni.com.br\/2019\/?p=21732"},"modified":"2020-03-21T00:08:00","modified_gmt":"2020-03-21T00:08:00","slug":"veja-horario-de-supermercados-e-alguns-comercios-que-estao-liberados-para-atendimento-ao-publico","status":"publish","type":"post","link":"https:\/\/jorgezanoni.com.br\/2019\/veja-horario-de-supermercados-e-alguns-comercios-que-estao-liberados-para-atendimento-ao-publico\/","title":{"rendered":"Veja hor\u00e1rio de Supermercados e alguns com\u00e9rcios que est\u00e3o liberados para atendimento ao p\u00fablico"},"content":{"rendered":"<div><strong>N\u00e3o seja mais um FAKE, procure os \u00f3rg\u00e3os com credibilidade de sua cidade e se informe melhor, veja hor\u00e1rios de Supermercados e mais alguns com\u00e9rcios que ficar\u00e3o aberto.<\/strong><\/div>\n<div><\/div>\n<div style=\"text-align: justify;\"><strong>POR FAVOR DIVULGUEM AO MAXIMO ESSA INFORMA\u00c7\u00c3O POIS ESTA CIRCULANDO UMA INFORMA\u00c7\u00c3O ERRADA A RESPEITO DOS HOR\u00c1RIOS DE SUPERMERCADOS E QUE PODER\u00c1 GERAR MUITA CONFUS\u00c3O E CORRERIA DOS CONSUMIDORES.<\/strong><\/div>\n<div><\/div>\n<div style=\"text-align: justify;\">Terminou uma reuni\u00e3o agora pouco com os proprietarios de Supermercados e ficou definido os hor\u00e1rios abaixo:<\/div>\n<div style=\"text-align: justify;\">Todos os supermercados de grande medio e pequeno porte continuar\u00e3o os atendimentos aos consumidores da seguinte forma:<\/div>\n<div style=\"text-align: justify;\">de segunda a sextas feiras das 8.00 \u00e0s 18.00<\/div>\n<div style=\"text-align: justify;\">sabados das 8h00 as 15h00 e<\/div>\n<div style=\"text-align: justify;\">os supermercados que normalmente abrem aos domingos v\u00e3o continuar atendendo das 8h00 as 12h00 .<\/div>\n<div style=\"text-align: justify;\">Pedimos a toda popula\u00e7\u00e3o que mantenham a calma pois n\u00e3o haver\u00e1 desabastecimento de produtos e que evitem aglomera\u00e7\u00e3o e que s\u00f3 saiam de casa em caso de muita necessidade .<\/div>\n<div style=\"text-align: justify;\">As farmacias e postos de combustiveis, distribuidora de agua e g\u00e1s tambem estar\u00e3o funcionando normalmente .<\/div>\n<div style=\"text-align: justify;\">pedimos que todos aguardem o decreto municipal para as demais regras<\/div>\n<div style=\"text-align: justify;\">Todos juntos contra COVID 19.<\/div>\n<div style=\"text-align: justify;\"><\/div>\n<div style=\"text-align: justify;\">Associa\u00e7\u00e3o Comercial de Dracena \/ Prefeitura Municipal<\/div>\n<div>Imagem Ilustrativa<\/div>\n","protected":false},"excerpt":{"rendered":"<p>N\u00e3o seja mais um FAKE, procure os \u00f3rg\u00e3os com credibilidade de sua cidade e se informe melhor, veja hor\u00e1rios de Supermercados e mais alguns com\u00e9rcios que ficar\u00e3o aberto. POR FAVOR DIVULGUEM AO MAXIMO ESSA INFORMA\u00c7\u00c3O POIS ESTA CIRCULANDO UMA INFORMA\u00c7\u00c3O ERRADA A RESPEITO DOS HOR\u00c1RIOS DE SUPERMERCADOS E QUE PODER\u00c1 GERAR MUITA CONFUS\u00c3O E CORRERIA [&hellip;]<\/p>\n","protected":false},"author":1,"featured_media":21733,"comment_status":"closed","ping_status":"open","sticky":false,"template":"","format":"standard","meta":{"footnotes":""},"categories":[179,184,114,110],"tags":[],"class_list":["post-21732","post","type-post","status-publish","format-standard","has-post-thumbnail","hentry","category-cidadeseregiao","category-dracena","category-geralecomercio","category-noticiasdestaque"],"_links":{"self":[{"href":"https:\/\/jorgezanoni.com.br\/2019\/wp-json\/wp\/v2\/posts\/21732","targetHints":{"allow":["GET"]}}],"collection":[{"href":"https:\/\/jorgezanoni.com.br\/2019\/wp-json\/wp\/v2\/posts"}],"about":[{"href":"https:\/\/jorgezanoni.com.br\/2019\/wp-json\/wp\/v2\/types\/post"}],"author":[{"embeddable":true,"href":"https:\/\/jorgezanoni.com.br\/2019\/wp-json\/wp\/v2\/users\/1"}],"replies":[{"embeddable":true,"href":"https:\/\/jorgezanoni.com.br\/2019\/wp-json\/wp\/v2\/comments?post=21732"}],"version-history":[{"count":0,"href":"https:\/\/jorgezanoni.com.br\/2019\/wp-json\/wp\/v2\/posts\/21732\/revisions"}],"wp:featuredmedia":[{"embeddable":true,"href":"https:\/\/jorgezanoni.com.br\/2019\/wp-json\/wp\/v2\/media\/21733"}],"wp:attachment":[{"href":"https:\/\/jorgezanoni.com.br\/2019\/wp-json\/wp\/v2\/media?parent=21732"}],"wp:term":[{"taxonomy":"category","embeddable":true,"href":"https:\/\/jorgezanoni.com.br\/2019\/wp-json\/wp\/v2\/categories?post=21732"},{"taxonomy":"post_tag","embeddable":true,"href":"https:\/\/jorgezanoni.com.br\/2019\/wp-json\/wp\/v2\/tags?post=21732"}],"curies":[{"name":"wp","href":"https:\/\/api.w.org\/{rel}","templated":true}]}}