{"id":21729,"date":"2020-03-20T23:31:07","date_gmt":"2020-03-20T23:31:07","guid":{"rendered":"https:\/\/jorgezanoni.com.br\/2019\/?p=21729"},"modified":"2020-03-20T23:31:07","modified_gmt":"2020-03-20T23:31:07","slug":"prefeitura-vem-a-publico-apos-divulgacao-da-imprensa-sobre-2-mortes-por-dengue-em-dracena","status":"publish","type":"post","link":"https:\/\/jorgezanoni.com.br\/2019\/prefeitura-vem-a-publico-apos-divulgacao-da-imprensa-sobre-2-mortes-por-dengue-em-dracena\/","title":{"rendered":"Prefeitura vem a p\u00fablico ap\u00f3s divulga\u00e7\u00e3o da imprensa sobre 2 mortes por Dengue em Dracena"},"content":{"rendered":"<p style=\"text-align: justify;\"><strong>A Prefeitura de Dracena confirma o falecimento de dois homens do munic\u00edpio por dengue.<\/strong><\/p>\n<p style=\"text-align: justify;\">O primeiro paciente era um aposentado de 83 anos, morador do Centro, e faleceu no dia 12 de mar\u00e7o. O outro homem tamb\u00e9m era aposentado, tinha 78 anos, residia na Vila Barros e veio a \u00f3bito na segunda-feira, dia 16.<\/p>\n<p style=\"text-align: justify;\">Ambos estavam internados na Santa Casa de Miseric\u00f3rdia de Dracena e eram card\u00edacos e hipertensos, o que aumenta o fator de risco para quem adquire a dengue.<\/p>\n<p style=\"text-align: justify;\">A Prefeitura esclarece que a not\u00edcia s\u00f3 veio a p\u00fablico agora, pois a Vigil\u00e2ncia Epidemiol\u00f3gica recebeu as declara\u00e7\u00f5es de \u00f3bito da Santa Casa somente no fim da tarde de ontem (19).<\/p>\n<p style=\"text-align: justify;\">At\u00e9 a data de hoje (20), Dracena registra 1.581 casos de dengue somente neste ano. A situa\u00e7\u00e3o \u00e9 de extrema alerta e por isso a import\u00e2ncia de todo mundo fazer a sua parte.<\/p>\n<p style=\"text-align: justify;\">A Vigil\u00e2ncia Epidemiol\u00f3gica realiza visitas peri\u00f3dicas nas resist\u00eancias, com orienta\u00e7\u00f5es aos moradores de preven\u00e7\u00f5es e combate, al\u00e9m dos mutir\u00f5es de limpeza, campanhas e a\u00e7\u00f5es educativas em escolas, igrejas, institui\u00e7\u00f5es e empresas.<\/p>\n<p style=\"text-align: justify;\">Ainda h\u00e1 as a\u00e7\u00f5es de campo, com visitas de bloqueio contra criadouros em nove quadras onde a pessoa confirmada com dengue resida, trabalha ou estuda, com a realiza\u00e7\u00e3o ainda de nebuliza\u00e7\u00e3o. No momento a nebuliza\u00e7\u00e3o est\u00e1 sendo feita no Jardim das Palmeiras.<\/p>\n<p style=\"text-align: justify;\">Atualmente n\u00e3o h\u00e1 um bairro espec\u00edfico com maior incid\u00eancia de dengue, tendo casos positivos em v\u00e1rios bairros como Jardim das Palmeiras, Jardim Jussara, Jardim Alvorada, Metr\u00f3pole, Jardim Brasil\u00e2ndia, Santa Clara, etc\u2026 Por isso a necessidade da conscientiza\u00e7\u00e3o e combate di\u00e1rio e comunit\u00e1rio.<\/p>\n<p style=\"text-align: justify;\">Fonte: Diretoria de Comunica\u00e7\u00e3o<\/p>\n<p>Imagem Ilustrativa<\/p>\n","protected":false},"excerpt":{"rendered":"<p>A Prefeitura de Dracena confirma o falecimento de dois homens do munic\u00edpio por dengue. O primeiro paciente era um aposentado de 83 anos, morador do Centro, e faleceu no dia 12 de mar\u00e7o. O outro homem tamb\u00e9m era aposentado, tinha 78 anos, residia na Vila Barros e veio a \u00f3bito na segunda-feira, dia 16. Ambos [&hellip;]<\/p>\n","protected":false},"author":1,"featured_media":21730,"comment_status":"closed","ping_status":"open","sticky":false,"template":"","format":"standard","meta":{"footnotes":""},"categories":[179,184,110,122],"tags":[],"class_list":["post-21729","post","type-post","status-publish","format-standard","has-post-thumbnail","hentry","category-cidadeseregiao","category-dracena","category-noticiasdestaque","category-saudeeducacaoeconcurso"],"_links":{"self":[{"href":"https:\/\/jorgezanoni.com.br\/2019\/wp-json\/wp\/v2\/posts\/21729","targetHints":{"allow":["GET"]}}],"collection":[{"href":"https:\/\/jorgezanoni.com.br\/2019\/wp-json\/wp\/v2\/posts"}],"about":[{"href":"https:\/\/jorgezanoni.com.br\/2019\/wp-json\/wp\/v2\/types\/post"}],"author":[{"embeddable":true,"href":"https:\/\/jorgezanoni.com.br\/2019\/wp-json\/wp\/v2\/users\/1"}],"replies":[{"embeddable":true,"href":"https:\/\/jorgezanoni.com.br\/2019\/wp-json\/wp\/v2\/comments?post=21729"}],"version-history":[{"count":0,"href":"https:\/\/jorgezanoni.com.br\/2019\/wp-json\/wp\/v2\/posts\/21729\/revisions"}],"wp:featuredmedia":[{"embeddable":true,"href":"https:\/\/jorgezanoni.com.br\/2019\/wp-json\/wp\/v2\/media\/21730"}],"wp:attachment":[{"href":"https:\/\/jorgezanoni.com.br\/2019\/wp-json\/wp\/v2\/media?parent=21729"}],"wp:term":[{"taxonomy":"category","embeddable":true,"href":"https:\/\/jorgezanoni.com.br\/2019\/wp-json\/wp\/v2\/categories?post=21729"},{"taxonomy":"post_tag","embeddable":true,"href":"https:\/\/jorgezanoni.com.br\/2019\/wp-json\/wp\/v2\/tags?post=21729"}],"curies":[{"name":"wp","href":"https:\/\/api.w.org\/{rel}","templated":true}]}}