{"id":21725,"date":"2020-03-20T21:48:20","date_gmt":"2020-03-20T21:48:20","guid":{"rendered":"https:\/\/jorgezanoni.com.br\/2019\/?p=21725"},"modified":"2020-03-20T21:48:20","modified_gmt":"2020-03-20T21:48:20","slug":"comercio-de-dracena-fecha-a-partir-de-segunda-feira-por-15-dias","status":"publish","type":"post","link":"https:\/\/jorgezanoni.com.br\/2019\/comercio-de-dracena-fecha-a-partir-de-segunda-feira-por-15-dias\/","title":{"rendered":"Com\u00e9rcio de Dracena fecha a partir de segunda-feira por 15 dias"},"content":{"rendered":"<p style=\"font-weight: 400; text-align: justify;\">Ap\u00f3s reuni\u00e3o na tarde desta sexta-feira (20), entre Prefeitura, C\u00e2mara Municipal, Associa\u00e7\u00e3o Comercial e Empresarial de Dracena (ACE), Sincomercio (Sindicato Com\u00e9rcio Varejista da Alta Paulista \u00a0e Sindicato\u00a0dos Empregados no\u00a0Com\u00e9rcio\u00a0de\u00a0Dracena, seguindo a tend\u00eancia das principais cidades foi definido que os estabelecimentos comerciais (lojas, prestadores de servi\u00e7os), fechar\u00e3o as portas para o atendimento ao p\u00fablico por 15 dias, a partir de segunda-feira, 23 de mar\u00e7o, estendendo o fechamento at\u00e9 5 de abril com amparo no Decreto Municipal que entra em vigor no dia 23 de mar\u00e7o.\u00a0 Neste s\u00e1bado (21), as lojas funcionam normalmente, das 9h \u00e0s 13h.<\/p>\n<p style=\"font-weight: 400; text-align: justify;\">A medida n\u00e3o inclui supermercados, padarias, dep\u00f3sito de g\u00e1s, distribuidora de \u00e1gua, farm\u00e1cias e postos de combust\u00edveis que v\u00e3o abrir as portas normalmente, por\u00e9m, n\u00e3o ser\u00e1 permitido o consumo de alimentos dentro do estabelecimento. A medida visa conter dissemina\u00e7\u00e3o do novo coronav\u00edrus (Covid-19). \u00a0\u00a0&#8220;Nossa preocupa\u00e7\u00e3o \u00e9 com a sa\u00fade da popula\u00e7\u00e3o que faze parte do grupo de risco&#8221;, avalia o Secretaria\u00a0Municipal de Gabinete,\u00a0Governo\u00a0e Desenvolvimento Econ\u00f4mico, S\u00edlvio Aparecido Rodrigues.<\/p>\n<p style=\"font-weight: 400; text-align: justify;\">O secret\u00e1rio apontou a seriedade da situa\u00e7\u00e3o, e afirmou que a medida \u00e9 necess\u00e1ria por causa da pandemia. &#8220;Depois deste per\u00edodo de 15 dias, faremos uma reuni\u00e3o para reavaliar o quadro geral \u00a0e se poderemos voltar \u00e0 normalidade ou n\u00e3o&#8221;, aponta o secret\u00e1rio. O presidente da C\u00e2mara Municipal, Milton Polon, tamb\u00e9m esteve presente na reuni\u00e3o e afirma que os vereadores apoiam integralmente a decis\u00e3o.<\/p>\n<p style=\"font-weight: 400; text-align: justify;\">Para o presidente da Associa\u00e7\u00e3o Comercial, Lu\u00eds Carlos Scaliante, o pesou nesta decis\u00e3o \u00e9 a prote\u00e7\u00e3o da vida da popula\u00e7\u00e3o. &#8220;Optamos pelo fechamento por 15 dias, e posteriormente, reavaliaremos o impacto desta decis\u00e3o no com\u00e9rcio dracenense.\u00a0 Mesmo sendo uma decis\u00e3o dr\u00e1stica neste momento, \u00e9 melhor prevenir agora para evitar que o v\u00edrus ganhe uma propor\u00e7\u00e3o ainda maior. A orienta\u00e7\u00e3o da ACE \u00e9 para que os empres\u00e1rios sigam a determina\u00e7\u00e3o da Prefeitura&#8221;, enfatiza.<\/p>\n<p style=\"font-weight: 400; text-align: justify;\">O presidente do Sincomercio, S\u00e9rgio Vanderley da Silva, que concorda com a decis\u00e3o da Prefeitura de Dracena, mas, teme a fal\u00eancia de muitas empresas e desemprego em massa.<\/p>\n<p style=\"font-weight: 400; text-align: justify;\">Para o presidente do Sincomerci\u00e1rios, S\u00e9rgio Manoel, os empres\u00e1rios poder\u00e3o recorrer \u00e0s compensa\u00e7\u00f5es estabelecidas em Conven\u00e7\u00e3o Coletiva (2019\/2020) usando f\u00e9rias coletivas ou antecipa\u00e7\u00e3o de f\u00e9rias. Posteriormente, faremos um acordo coletivo entre o os dois sindicatos para padronizar este processo&#8221;, finaliza.<\/p>\n<p><img loading=\"lazy\" decoding=\"async\" class=\"alignnone size-full wp-image-21727\" src=\"https:\/\/jorgezanoni.com.br\/2019\/wp-content\/uploads\/2020\/03\/ace1.jpg\" alt=\"\" width=\"800\" height=\"450\" srcset=\"https:\/\/jorgezanoni.com.br\/2019\/wp-content\/uploads\/2020\/03\/ace1.jpg 800w, https:\/\/jorgezanoni.com.br\/2019\/wp-content\/uploads\/2020\/03\/ace1-300x169.jpg 300w, https:\/\/jorgezanoni.com.br\/2019\/wp-content\/uploads\/2020\/03\/ace1-768x432.jpg 768w, https:\/\/jorgezanoni.com.br\/2019\/wp-content\/uploads\/2020\/03\/ace1-696x392.jpg 696w, https:\/\/jorgezanoni.com.br\/2019\/wp-content\/uploads\/2020\/03\/ace1-747x420.jpg 747w\" sizes=\"auto, (max-width: 800px) 100vw, 800px\" \/><\/p>\n<p>Fonte: ACE<\/p>\n","protected":false},"excerpt":{"rendered":"<p>Ap\u00f3s reuni\u00e3o na tarde desta sexta-feira (20), entre Prefeitura, C\u00e2mara Municipal, Associa\u00e7\u00e3o Comercial e Empresarial de Dracena (ACE), Sincomercio (Sindicato Com\u00e9rcio Varejista da Alta Paulista \u00a0e Sindicato\u00a0dos Empregados no\u00a0Com\u00e9rcio\u00a0de\u00a0Dracena, seguindo a tend\u00eancia das principais cidades foi definido que os estabelecimentos comerciais (lojas, prestadores de servi\u00e7os), fechar\u00e3o as portas para o atendimento ao p\u00fablico por 15 [&hellip;]<\/p>\n","protected":false},"author":1,"featured_media":21726,"comment_status":"closed","ping_status":"open","sticky":false,"template":"","format":"standard","meta":{"footnotes":""},"categories":[179,184,110],"tags":[],"class_list":["post-21725","post","type-post","status-publish","format-standard","has-post-thumbnail","hentry","category-cidadeseregiao","category-dracena","category-noticiasdestaque"],"_links":{"self":[{"href":"https:\/\/jorgezanoni.com.br\/2019\/wp-json\/wp\/v2\/posts\/21725","targetHints":{"allow":["GET"]}}],"collection":[{"href":"https:\/\/jorgezanoni.com.br\/2019\/wp-json\/wp\/v2\/posts"}],"about":[{"href":"https:\/\/jorgezanoni.com.br\/2019\/wp-json\/wp\/v2\/types\/post"}],"author":[{"embeddable":true,"href":"https:\/\/jorgezanoni.com.br\/2019\/wp-json\/wp\/v2\/users\/1"}],"replies":[{"embeddable":true,"href":"https:\/\/jorgezanoni.com.br\/2019\/wp-json\/wp\/v2\/comments?post=21725"}],"version-history":[{"count":0,"href":"https:\/\/jorgezanoni.com.br\/2019\/wp-json\/wp\/v2\/posts\/21725\/revisions"}],"wp:featuredmedia":[{"embeddable":true,"href":"https:\/\/jorgezanoni.com.br\/2019\/wp-json\/wp\/v2\/media\/21726"}],"wp:attachment":[{"href":"https:\/\/jorgezanoni.com.br\/2019\/wp-json\/wp\/v2\/media?parent=21725"}],"wp:term":[{"taxonomy":"category","embeddable":true,"href":"https:\/\/jorgezanoni.com.br\/2019\/wp-json\/wp\/v2\/categories?post=21725"},{"taxonomy":"post_tag","embeddable":true,"href":"https:\/\/jorgezanoni.com.br\/2019\/wp-json\/wp\/v2\/tags?post=21725"}],"curies":[{"name":"wp","href":"https:\/\/api.w.org\/{rel}","templated":true}]}}