{"id":21721,"date":"2020-03-20T21:20:20","date_gmt":"2020-03-20T21:20:20","guid":{"rendered":"https:\/\/jorgezanoni.com.br\/2019\/?p=21721"},"modified":"2020-03-20T21:20:20","modified_gmt":"2020-03-20T21:20:20","slug":"secretario-de-estado-de-educacao-homologa-deliberacao-para-o-uso-de-ead-para-todos-os-niveis-de-escolas-paulistas","status":"publish","type":"post","link":"https:\/\/jorgezanoni.com.br\/2019\/secretario-de-estado-de-educacao-homologa-deliberacao-para-o-uso-de-ead-para-todos-os-niveis-de-escolas-paulistas\/","title":{"rendered":"Secret\u00e1rio de Estado de Educa\u00e7\u00e3o homologa delibera\u00e7\u00e3o para o uso de EAD para todos os n\u00edveis de escolas paulistas"},"content":{"rendered":"<p style=\"font-weight: 400; text-align: justify;\"><strong><em>Fundec j\u00e1 trabalha com ensino a dist\u00e2ncia nas unidades escolares Anglo-CID, CEP\/UME e Unifadra.<\/em><\/strong><\/p>\n<p style=\"font-weight: 400; text-align: justify;\">Na noite desta quarta-feira, dia 18 de mar\u00e7o, o Conselho Estadual de Educa\u00e7\u00e3o (CEE-SP) aprovou a delibera\u00e7\u00e3o 177\/2020 que autoriza institui\u00e7\u00f5es vinculadas a ele a fazer o uso da modalidade EAD (ensino a dist\u00e2ncia), visando \u00e0 reorganiza\u00e7\u00e3o dos calend\u00e1rios escolares. A medida foi tomada com aval do Secret\u00e1rio de Estado de Educa\u00e7\u00e3o Rossieli Soares da Silva, em virtude da suspens\u00e3o das aulas devido ao surto global do COVID-19 (coronav\u00edrus). De acordo com o presidente do CEE-SP Hubert Alqu\u00e9res, ficam autorizadas a realizar atividades n\u00e3o presenciais as escolas p\u00fablicas ou privadas de Educa\u00e7\u00e3o B\u00e1sica e de Ensino T\u00e9cnico do Estado de S\u00e3o Paulo. Para as universidades, centros universit\u00e1rios e faculdades p\u00fablicas estaduais e municipais vinculadas ao CEE-SP, tamb\u00e9m est\u00e3o estendidas as normas dessa delibera\u00e7\u00e3o na forma como couber, com exce\u00e7\u00e3o para as atividades de aprendizagem supervisionada em servi\u00e7o para os cursos na \u00e1rea da sa\u00fade, para as pr\u00e1ticas profissionais em est\u00e1gios e atividades em laborat\u00f3rios.<br \/>\nEm Dracena, as unidades mantidas pela Fundec j\u00e1 est\u00e3o organizadas para adotar essas provid\u00eancias que buscam minimizar a suspens\u00e3o das atividades dos alunos. &#8220;O Conselho Estadual de Educa\u00e7\u00e3o, por meio de seu colegiado e, num amplo e produtivo debate, traz uma luz importante para a Educa\u00e7\u00e3o Paulista em todos os seus n\u00edveis, garantindo com essa delibera\u00e7\u00e3o, mais tranquilidade para as institui\u00e7\u00f5es, neste momento delicado e de incertezas por que passa o Pa\u00eds&#8221;, comentou o diretor executivo da Fundec Edson Hissatomi Kai.<br \/>\nCom as aulas suspensas desde o dia 17, o Anglo-CID preparou uma s\u00e9rie de atividades para educa\u00e7\u00e3o on-line, utilizando a plataforma digital Plurall. Essa forma de ensino j\u00e1 \u00e9 usada pelos ensinos fundamental II e m\u00e9dio do Col\u00e9gio desde 2018 para conte\u00fados extrassalas, usados para completar as aulas e qualificar o ensino.<\/p>\n<p style=\"font-weight: 400; text-align: justify;\">Com esse recurso disponibilizado pelo Sistema Anglo de Ensino, queremos construir um ambiente de sala de aula virtual completo para que os alunos n\u00e3o tenham nenhum preju\u00edzo em sua aprendizagem. As aulas ser\u00e3o para todos os alunos do Col\u00e9gio, desde o 1\u00ba ano do ensino fundamental at\u00e9 o 3\u00ba ano do ensino m\u00e9dio. A partir do dia 24\/03, a ferramenta do Google Hangouts ser\u00e1 integrada ao Plurall para intera\u00e7\u00e3o ao vivo entre professores e alunos. Assim, os professores poder\u00e3o elaborar as din\u00e2micas de turma da forma mais adequada para o ensino e aprendizagem. O Anglo-CID disponibilizar\u00e1 atividades e conte\u00fados de aula para os alunos estudarem em casa.<br \/>\nA diretora do Anglo-CID Eul\u00e1lia Fava destacou que ajudar seus filhos a estudar em casa ser\u00e1 agora, mais do que nunca, uma tarefa a qual a fam\u00edlia ter\u00e1 que se dedicar. &#8220;Estamos organizando diferentes estrat\u00e9gias para garantir que os estudos continuem da melhor maneira poss\u00edvel, mas \u00e9 preciso que os pais ajudem seus filhos com o planejamento das atividades di\u00e1rias. Estipulem os hor\u00e1rios certos para cada mat\u00e9ria, estabele\u00e7am claramente a rotina para que as atividades n\u00e3o sejam deixadas para depois&#8221;, explicou a diretora.<br \/>\nO diretor do Sistema Anglo de Ensino Paulo Moraes refor\u00e7ou que &#8220;a plataforma Plurall Maestro vai ser a nossa grande rela\u00e7\u00e3o com o aluno. Muitas escolas que j\u00e1 suspenderam [as aulas] est\u00e3o utilizando com grande sucesso a plataforma. Disponibilizamos uma s\u00e9rie de elementos novos na plataforma. [&#8230;] estamos criando uma aba onde o professor vai poder desenvolver aulas on-line. [&#8230;]&#8221;<\/p>\n<p style=\"font-weight: 400; text-align: justify;\">No per\u00edodo de 18 a 20 de mar\u00e7o (de quarta a sexta-feira), os professores do Anglo-CID estar\u00e3o colocando na plataforma do Plurall, no item Plurall Maestro, atividades de revis\u00e3o dos conte\u00fados j\u00e1 estudados para que sejam realizadas no decorrer desta semana. A equipe gestora do Anglo-CID est\u00e1 \u00e0 disposi\u00e7\u00e3o para auxiliar pais e alunos com a plataforma virtual. O atendimento da escola est\u00e1 sendo feito de segunda \u00e0 sexta-feira, das 8h \u00e0s 12h e das 14h \u00e0s 16h.<\/p>\n<p style=\"font-weight: 400; text-align: justify;\">Os cursos superiores da Unifadra j\u00e1 utilizam a plataforma EAD em seus cursos presenciais e ir\u00e1 ampliar conte\u00fados mediados por tecnologia. Agora, com a medida de car\u00e1ter emergencial, os alunos ter\u00e3o atividades e conte\u00fados disponibilizados na plataforma on-line para garantir a continuidade do ensino, assegurando essa forma de compensa\u00e7\u00e3o de aulas com qualidade.<\/p>\n<p style=\"font-weight: 400; text-align: justify;\">Os cursos t\u00e9cnicos do CEP\/UME tamb\u00e9m s\u00e3o credenciados pelo CEE-SP para a oferta de cursos a distancia e est\u00e1 desenvolvendo conte\u00fados on-line para os alunos.<\/p>\n<p style=\"font-weight: 400; text-align: justify;\">Foto: Enio Garbelini (diretor acad\u00eamico da Unifadra), Julia Portari (diretora do CEP\/UME), Eul\u00e1lia Fava (diretora do Anglo-CID) e Edson Kai (diretor executivo da Fundec).<br \/>\nFoto Plurall: Plataforma Plurall que \u00e9 utilizada pelos alunos do Anglo-CID.<\/p>\n<p style=\"text-align: justify;\"><img loading=\"lazy\" decoding=\"async\" class=\"alignnone size-full wp-image-21722\" src=\"https:\/\/jorgezanoni.com.br\/2019\/wp-content\/uploads\/2020\/03\/fundec.jpg\" alt=\"\" width=\"1275\" height=\"676\" srcset=\"https:\/\/jorgezanoni.com.br\/2019\/wp-content\/uploads\/2020\/03\/fundec.jpg 1275w, https:\/\/jorgezanoni.com.br\/2019\/wp-content\/uploads\/2020\/03\/fundec-300x159.jpg 300w, https:\/\/jorgezanoni.com.br\/2019\/wp-content\/uploads\/2020\/03\/fundec-768x407.jpg 768w, https:\/\/jorgezanoni.com.br\/2019\/wp-content\/uploads\/2020\/03\/fundec-1024x543.jpg 1024w, https:\/\/jorgezanoni.com.br\/2019\/wp-content\/uploads\/2020\/03\/fundec-696x369.jpg 696w, https:\/\/jorgezanoni.com.br\/2019\/wp-content\/uploads\/2020\/03\/fundec-1068x566.jpg 1068w, https:\/\/jorgezanoni.com.br\/2019\/wp-content\/uploads\/2020\/03\/fundec-792x420.jpg 792w\" sizes=\"auto, (max-width: 1275px) 100vw, 1275px\" \/><\/p>\n<p>Carolina Colnago<\/p>\n<p>Assessora de Comunica\u00e7\u00e3o da Fundec &#8211; Jornalista<\/p>\n","protected":false},"excerpt":{"rendered":"<p>Fundec j\u00e1 trabalha com ensino a dist\u00e2ncia nas unidades escolares Anglo-CID, CEP\/UME e Unifadra. Na noite desta quarta-feira, dia 18 de mar\u00e7o, o Conselho Estadual de Educa\u00e7\u00e3o (CEE-SP) aprovou a delibera\u00e7\u00e3o 177\/2020 que autoriza institui\u00e7\u00f5es vinculadas a ele a fazer o uso da modalidade EAD (ensino a dist\u00e2ncia), visando \u00e0 reorganiza\u00e7\u00e3o dos calend\u00e1rios escolares. A [&hellip;]<\/p>\n","protected":false},"author":1,"featured_media":21723,"comment_status":"closed","ping_status":"open","sticky":false,"template":"","format":"standard","meta":{"footnotes":""},"categories":[110,122],"tags":[],"class_list":["post-21721","post","type-post","status-publish","format-standard","has-post-thumbnail","hentry","category-noticiasdestaque","category-saudeeducacaoeconcurso"],"_links":{"self":[{"href":"https:\/\/jorgezanoni.com.br\/2019\/wp-json\/wp\/v2\/posts\/21721","targetHints":{"allow":["GET"]}}],"collection":[{"href":"https:\/\/jorgezanoni.com.br\/2019\/wp-json\/wp\/v2\/posts"}],"about":[{"href":"https:\/\/jorgezanoni.com.br\/2019\/wp-json\/wp\/v2\/types\/post"}],"author":[{"embeddable":true,"href":"https:\/\/jorgezanoni.com.br\/2019\/wp-json\/wp\/v2\/users\/1"}],"replies":[{"embeddable":true,"href":"https:\/\/jorgezanoni.com.br\/2019\/wp-json\/wp\/v2\/comments?post=21721"}],"version-history":[{"count":0,"href":"https:\/\/jorgezanoni.com.br\/2019\/wp-json\/wp\/v2\/posts\/21721\/revisions"}],"wp:featuredmedia":[{"embeddable":true,"href":"https:\/\/jorgezanoni.com.br\/2019\/wp-json\/wp\/v2\/media\/21723"}],"wp:attachment":[{"href":"https:\/\/jorgezanoni.com.br\/2019\/wp-json\/wp\/v2\/media?parent=21721"}],"wp:term":[{"taxonomy":"category","embeddable":true,"href":"https:\/\/jorgezanoni.com.br\/2019\/wp-json\/wp\/v2\/categories?post=21721"},{"taxonomy":"post_tag","embeddable":true,"href":"https:\/\/jorgezanoni.com.br\/2019\/wp-json\/wp\/v2\/tags?post=21721"}],"curies":[{"name":"wp","href":"https:\/\/api.w.org\/{rel}","templated":true}]}}