{"id":21714,"date":"2020-03-20T21:07:12","date_gmt":"2020-03-20T21:07:12","guid":{"rendered":"https:\/\/jorgezanoni.com.br\/2019\/?p=21714"},"modified":"2020-03-20T21:07:12","modified_gmt":"2020-03-20T21:07:12","slug":"junqueiropolis-publica-decreto-de-combate-e-controle-do-covid-19","status":"publish","type":"post","link":"https:\/\/jorgezanoni.com.br\/2019\/junqueiropolis-publica-decreto-de-combate-e-controle-do-covid-19\/","title":{"rendered":"Junqueir\u00f3polis publica decreto de combate e controle do COVID-19"},"content":{"rendered":"<p style=\"text-align: justify;\"><strong>Junqueir\u00f3polis publica decreto de combate e controle do COVID-19.<\/strong><\/p>\n<p style=\"text-align: justify;\">A prefeitura torna p\u00fablico a decreta\u00e7\u00e3o do estado de emerg\u00eancia, visando a ado\u00e7\u00e3o de medidas necess\u00e1rias para o combate\u00a0 e controle do coronav\u00edrus.<\/p>\n<p style=\"text-align: justify;\">Para a elabora\u00e7\u00e3o dos 25 artigos para decreto administra\u00e7\u00e3o de\u00a0\u00a0Junqueir\u00f3polis realizou esta semana reuni\u00f5es pontuais e importantes com os seguimentos organizados do munic\u00edpio \u00a0desde a segunda- feira, 16\u00a0\u00a0at\u00e9 esta quinta-feira, 19 de mar\u00e7o, envolvendo autoridades da sa\u00fade, educa\u00e7\u00e3o, com\u00e9rcio e lideres religiosos.<\/p>\n<p style=\"text-align: justify;\">Todos os encontros aconteceram nas depend\u00eancias da prefeitura e foram coordenados pelo prefeito H\u00e9lio Furini, contou ainda com as presen\u00e7as da vice prefeita Sofia Rodrigues e vereadores e diretores municipais, onde o assunto foi a preven\u00e7\u00e3o da doen\u00e7a e medidas cab\u00edveis contra o coronav\u00edrus.<\/p>\n<p style=\"text-align: justify;\">De acordo o prefeito H\u00e9lio Furini o decretado conta com as medidas de preven\u00e7\u00e3o tomadas em favor da sa\u00fade da popula\u00e7\u00e3o.<\/p>\n<p style=\"text-align: justify;\">O comunicado est\u00e1 sendo levado ao conhecimento da popula\u00e7\u00e3o atrav\u00e9s da imprensa em geral com todas as medidas tomadas na preven\u00e7\u00e3o da pandemia.<\/p>\n<p style=\"text-align: justify;\"><strong>Confira na integra o que \u00e9 determina\u00e7\u00e3o e o que \u00e9 orienta\u00e7\u00e3o do decreto 6435:\u00a0<\/strong><\/p>\n<p style=\"text-align: justify;\"><strong><em>H\u00c9LIO APARECIDO MENDES FURINI<\/em><\/strong>, Prefeito Municipal de Junqueir\u00f3polis, Estado de S\u00e3o Paulo, no uso de suas atribui\u00e7\u00f5es legais, e<\/p>\n<p style=\"text-align: justify;\">Considerando que a sa\u00fade \u00e9 direito de todos e dever do Estado, nos termos do artigo 196 da Constitui\u00e7\u00e3o Federal;<\/p>\n<p style=\"text-align: justify;\">Considerando a declara\u00e7\u00e3o de pandemia do COVID-19, nos termos declarados pela Organiza\u00e7\u00e3o Mundial da Sa\u00fade;<\/p>\n<p style=\"text-align: justify;\">Considerando que estudos demonstram a efic\u00e1cia de medidas de afastamento social precoce para conten\u00e7\u00e3o da dissemina\u00e7\u00e3o do COVID-19;<\/p>\n<p style=\"text-align: justify;\">Considerando a necessidade do afastamento social para possibilitar o tratamento pelo sistema p\u00fablico de sa\u00fade dos casos que evoluirem para o quadro mais grave da doen\u00e7a;<\/p>\n<p style=\"text-align: justify;\"><strong><u>D E C R E T A<\/u><\/strong><strong>:<\/strong><\/p>\n<p style=\"text-align: justify;\">Art. 1.\u00ba\u00a0\u00a0\u00a0&#8211;\u00a0\u00a0\u00a0\u00a0\u00a0\u00a0Fica decretado Estado de Emerg\u00eancia para fins de ado\u00e7\u00e3o de provid\u00eancias cab\u00edveis para o combate e preven\u00e7\u00e3o do COVID-19 (coronav\u00edrus), possibilitando, quando necess\u00e1rio, a utiliza\u00e7\u00e3o do art. 24, IV, da Lei 8.666\/93.<\/p>\n<p style=\"text-align: justify;\">Art. 2.\u00ba\u00a0\u00a0\u00a0&#8211;\u00a0\u00a0\u00a0\u00a0\u00a0\u00a0As escolas municipais devem promover a conscientiza\u00e7\u00e3o dos pais e alunos e parar gradativamente suas atividades at\u00e9 o dia 23 de mar\u00e7o de 2020, a partir de quando a paralisa\u00e7\u00e3o deve ser total.<\/p>\n<p style=\"text-align: justify;\">Art. 3.\u00ba\u00a0\u00a0\u00a0&#8211;\u00a0\u00a0\u00a0\u00a0\u00a0\u00a0O Centro de Conviv\u00eancia do Idoso e o Espa\u00e7o Amigo tamb\u00e9m devem paralisar gradativamente suas atividades, com paralisa\u00e7\u00e3o total at\u00e9 23 de mar\u00e7o de 2020.<\/p>\n<p style=\"text-align: justify;\">Art. 4.\u00ba\u00a0\u00a0\u00a0&#8211;\u00a0\u00a0\u00a0\u00a0\u00a0\u00a0Os Centros Educacionais Infantis devem restringir suas atividades apenas para atendimento de filhos de pais que prestem servi\u00e7os nas \u00e1reas de sa\u00fade ou seguran\u00e7a p\u00fablica e que n\u00e3o tenham com quem deixar os filhos.<\/p>\n<p style=\"text-align: justify;\">Par\u00e1grafo \u00danico- Os profissionais que estiverem trabalhando devem tomar as medidas de higiene e preven\u00e7\u00e3o, conforme orienta\u00e7\u00e3o da Diretoria de Sa\u00fade.<\/p>\n<p style=\"text-align: justify;\"><strong>DECRETO N.\u00ba6435, DE 19 DE MAR\u00c7O DE 2020<\/strong><\/p>\n<p style=\"text-align: justify;\">Art. 5.\u00ba\u00a0\u00a0\u00a0&#8211;\u00a0\u00a0\u00a0\u00a0\u00a0\u00a0Deve ser monitorado atrav\u00e9s dos Setores de Assist\u00eancia Social e Educa\u00e7\u00e3o a situa\u00e7\u00e3o dos alunos que necessitem da alimenta\u00e7\u00e3o nas escolas, visando alternativas para suprir a necessidade.<\/p>\n<p style=\"text-align: justify;\">Art. 6\u00ba- Ficam suspensas as atividades das escolinhas da Diretoria de Esporte, campo de bocha, est\u00e1dio e gin\u00e1sio de esportes, cujas depend\u00eancias devem ser fechadas.<\/p>\n<ul style=\"text-align: justify;\">\n<li>1\u00ba- Ficam vedadas as atividades nas pra\u00e7as esportivas p\u00fablicas.<\/li>\n<\/ul>\n<ul style=\"text-align: justify;\">\n<li>2\u00ba- Ficam suspensas as atividades culturais, devendo ficar fechados a biblioteca, o museu e a casa do artesanato.<\/li>\n<\/ul>\n<ul style=\"text-align: justify;\">\n<li>3\u00ba- Ficam suspensos os alvar\u00e1s dos espa\u00e7os para festas.<\/li>\n<\/ul>\n<p style=\"text-align: justify;\">Art. 7\u00ba- Ficam suspensas as atividades do CRAS e as atividades do CAPS que demandem aglomera\u00e7\u00e3o de pessoas.<\/p>\n<p style=\"text-align: justify;\">Art. 8\u00ba- Ficam suspensos os transportes feitos pela Prefeitura para as viagens, excetuado o setor de sa\u00fade.<\/p>\n<p style=\"text-align: justify;\">Art. 9\u00ba- Fica suspensa a feira-livre no munic\u00edpio de Junqueir\u00f3polis.<\/p>\n<p style=\"text-align: justify;\">Art. 10- Fica vedada a aglomera\u00e7\u00e3o de pessoas no vel\u00f3rio municipal, que dever\u00e1 permanecer aberto durante os vel\u00f3rios para permitir a ventila\u00e7\u00e3o, sendo que as pessoas devem dar prefer\u00eancia as \u00e1reas externas.<\/p>\n<p style=\"text-align: justify;\">Par\u00e1grafo \u00danico- Fica recomendado a popula\u00e7\u00e3o que evite viajar ou receber pessoas de fora da cidade por ocasi\u00e3o dos vel\u00f3rios.<\/p>\n<p style=\"text-align: justify;\">Art. 11\u00a0\u00a0\u00a0&#8211;\u00a0\u00a0\u00a0\u00a0\u00a0\u00a0Os profissionais de Sa\u00fade ficam convocados para as frentes de trabalho organizadas pela Diretoria de Sa\u00fade, ficando suspensas as f\u00e9rias e licen\u00e7as nesse per\u00edodo a crit\u00e9rio da Diretoria de Sa\u00fade.<\/p>\n<p style=\"text-align: justify;\">Art. 12- Fica autorizada a realoca\u00e7\u00e3o de servidores lotados nos setores que ter\u00e3o os servi\u00e7os paralisados para os demais setores da Prefeitura sempre que isso for necess\u00e1rio.<\/p>\n<p style=\"text-align: justify;\">Par\u00e1grafo \u00danico- Aos servidores que n\u00e3o tiverem que ser realocados ser\u00e3o concedidas f\u00e9rias e\/ou licen\u00e7a-pr\u00eamio.<\/p>\n<p style=\"text-align: justify;\">Art. 13- Ficam vedadas as convoca\u00e7\u00f5es de servidores tempor\u00e1rios ou permanentes para os setores que ter\u00e3o as suas atividades suspensas.<\/p>\n<p style=\"text-align: justify;\">Art. 14- Visando evitar aglomera\u00e7\u00f5es, cabe a cada Diretoria organizar o registro de ponto de forma escalonada.<\/p>\n<p style=\"text-align: justify;\"><strong>DECRETO N.\u00ba6435, DE 19 DE MAR\u00c7O DE 2020<\/strong><\/p>\n<p style=\"text-align: justify;\">Art. 15\u00a0\u00a0\u00a0&#8211;\u00a0\u00a0\u00a0\u00a0\u00a0\u00a0Ficam autorizadas, mediante apresenta\u00e7\u00e3o de estudos da diretoria de Sa\u00fade, novas contrata\u00e7\u00f5es para fins de combate a epidemia, bem como aquisi\u00e7\u00e3o de equipamentos e medicamentos necess\u00e1rios diretamente ou por interm\u00e9dio do Cons\u00f3rcio de Sa\u00fade, sempre com autoriza\u00e7\u00e3o da Diretoria de Fazenda, respons\u00e1vel pelo controle das condi\u00e7\u00f5es financeiras do Munic\u00edpio.<\/p>\n<p style=\"text-align: justify;\">Art. 16\u00a0\u00a0\u00a0&#8211;\u00a0\u00a0\u00a0\u00a0\u00a0\u00a0Os trabalhos de atendimento ao p\u00fablico nas reparti\u00e7\u00f5es p\u00fablicas municipais devem ser feitos, preferencialmente, por telefone ou utilizando a p\u00e1gina do munic\u00edpio na internet.<\/p>\n<p style=\"text-align: justify;\">Par\u00e1grafo \u00danico- O atendimento presencial ser\u00e1 feito de forma excepcional, apenas quando n\u00e3o for poss\u00edvel o atendimento na forma do \u201ccaput\u201d.<\/p>\n<p style=\"text-align: justify;\">Art. 17- Fica autorizada a remessa dos contratos a serem assinados por sedex visando a redu\u00e7\u00e3o do contato presencial no setor de licita\u00e7\u00e3o.<\/p>\n<p style=\"text-align: justify;\">Art. 18\u00a0\u00a0\u00a0&#8211;\u00a0\u00a0\u00a0\u00a0\u00a0\u00a0Fica autorizado contrata\u00e7\u00e3o de carro de som e inser\u00e7\u00f5es na imprensa visando a orienta\u00e7\u00e3o da popula\u00e7\u00e3o de como deve proceder para evitar a prolifera\u00e7\u00e3o do v\u00edrus.<\/p>\n<p style=\"text-align: justify;\">Art. 19\u00a0\u00a0\u00a0&#8211; Fica recomendado \u00e0 popula\u00e7\u00e3o do munic\u00edpio que somente se desloque para outras cidades quando estritamente necess\u00e1rio e que n\u00e3o fa\u00e7a qualquer tipo de evento com aglomera\u00e7\u00e3o de pessoas.<\/p>\n<p style=\"text-align: justify;\">Par\u00e1grafo \u00danico- Fica recomendado que se evite visitas no per\u00edodo estabelecido nesse Decreto.<\/p>\n<p style=\"text-align: justify;\">Art. 20- Fica determinado a suspens\u00e3o das atividades das escolas particulares de qualquer tipo, bem como dos eventos religiosos com aglomera\u00e7\u00e3o de pessoas, \u00e0 partir do dia 23 de mar\u00e7o de 2020, sob pena de suspens\u00e3o do alvar\u00e1.<\/p>\n<p style=\"text-align: justify;\">Art. 21- O Funcionamento de bares, lanchonetes, restaurantes, estabelecimentos de atendimento ao p\u00fablico e com\u00e9rcio em geral, somente ser\u00e1 permitido sem aglomera\u00e7\u00e3o de pessoas, sob pena de suspens\u00e3o do alvar\u00e1.<\/p>\n<ul style=\"text-align: justify;\">\n<li>1\u00ba- Fica suspensa a realiza\u00e7\u00e3o da ACERUVA.<\/li>\n<\/ul>\n<ul style=\"text-align: justify;\">\n<li>2\u00ba- Fica determinado o fechamento das academias de gin\u00e1stica, sob pena de suspens\u00e3o do alvar\u00e1.<\/li>\n<\/ul>\n<p style=\"text-align: justify;\">Art. 22- A Diretoria de Sa\u00fade, em conjunto com a Pol\u00edcia Militar devem proceder a fiscaliza\u00e7\u00e3o dos locais p\u00fablicos de uso comum, para evitar a aglomera\u00e7\u00e3o de pessoas.<\/p>\n<p style=\"text-align: justify;\">Art. 23- Fica vedada a concess\u00e3o de alvar\u00e1 para eventos p\u00fablicos com aglomera\u00e7\u00e3o de pessoas.<\/p>\n<p style=\"text-align: justify;\"><strong>DECRETO N.\u00ba6435, DE 19 DE MAR\u00c7O DE 2020<\/strong><\/p>\n<p style=\"text-align: justify;\">Art. 24- As medidas determinadas no presente Decreto viger\u00e3o pelo prazo inicial de 30 (trinta) dias, podendo ser prorrogado por sucessivos per\u00edodos iguais, caso haja necessidade, ou revogado se as condi\u00e7\u00f5es de urg\u00eancia que motivaram a sua edi\u00e7\u00e3o n\u00e3o permanecerem as mesmas.<\/p>\n<p style=\"text-align: justify;\">Art. 25- Este Decreto entra em vigor na data de sua publica\u00e7\u00e3o, revogadas as disposi\u00e7\u00f5es em contr\u00e1rio.<\/p>\n<p style=\"text-align: justify;\">Prefeitura Municipal de Junqueir\u00f3polis, 19demar\u00e7ode 2020<\/p>\n<p style=\"text-align: justify;\"><strong>H\u00c9LIO APARECIDO MENDES FURINI<\/strong><\/p>\n<p style=\"text-align: justify;\">Prefeito Municipal<\/p>\n<p style=\"text-align: justify;\">Registrada na Secretaria Administrativa e publicada por afixa\u00e7\u00e3o no local p\u00fablico do costume e na data supra.<\/p>\n<p style=\"text-align: justify;\"><strong>LUIS GUSTAVO JUNQUEIRA DE SOUSA<\/strong><\/p>\n<p style=\"text-align: justify;\">Secret\u00e1rio Administrativo<\/p>\n<p><img loading=\"lazy\" decoding=\"async\" class=\"alignnone size-full wp-image-21715\" src=\"https:\/\/jorgezanoni.com.br\/2019\/wp-content\/uploads\/2020\/03\/junq.jpg\" alt=\"\" width=\"1156\" height=\"868\" srcset=\"https:\/\/jorgezanoni.com.br\/2019\/wp-content\/uploads\/2020\/03\/junq.jpg 1156w, https:\/\/jorgezanoni.com.br\/2019\/wp-content\/uploads\/2020\/03\/junq-300x225.jpg 300w, https:\/\/jorgezanoni.com.br\/2019\/wp-content\/uploads\/2020\/03\/junq-768x577.jpg 768w, https:\/\/jorgezanoni.com.br\/2019\/wp-content\/uploads\/2020\/03\/junq-1024x769.jpg 1024w, https:\/\/jorgezanoni.com.br\/2019\/wp-content\/uploads\/2020\/03\/junq-80x60.jpg 80w, https:\/\/jorgezanoni.com.br\/2019\/wp-content\/uploads\/2020\/03\/junq-265x198.jpg 265w, https:\/\/jorgezanoni.com.br\/2019\/wp-content\/uploads\/2020\/03\/junq-696x523.jpg 696w, https:\/\/jorgezanoni.com.br\/2019\/wp-content\/uploads\/2020\/03\/junq-1068x802.jpg 1068w, https:\/\/jorgezanoni.com.br\/2019\/wp-content\/uploads\/2020\/03\/junq-559x420.jpg 559w\" sizes=\"auto, (max-width: 1156px) 100vw, 1156px\" \/> <img loading=\"lazy\" decoding=\"async\" class=\"alignnone size-full wp-image-21716\" src=\"https:\/\/jorgezanoni.com.br\/2019\/wp-content\/uploads\/2020\/03\/junq1.jpg\" alt=\"\" width=\"1156\" height=\"868\" srcset=\"https:\/\/jorgezanoni.com.br\/2019\/wp-content\/uploads\/2020\/03\/junq1.jpg 1156w, https:\/\/jorgezanoni.com.br\/2019\/wp-content\/uploads\/2020\/03\/junq1-300x225.jpg 300w, https:\/\/jorgezanoni.com.br\/2019\/wp-content\/uploads\/2020\/03\/junq1-768x577.jpg 768w, https:\/\/jorgezanoni.com.br\/2019\/wp-content\/uploads\/2020\/03\/junq1-1024x769.jpg 1024w, https:\/\/jorgezanoni.com.br\/2019\/wp-content\/uploads\/2020\/03\/junq1-80x60.jpg 80w, https:\/\/jorgezanoni.com.br\/2019\/wp-content\/uploads\/2020\/03\/junq1-265x198.jpg 265w, https:\/\/jorgezanoni.com.br\/2019\/wp-content\/uploads\/2020\/03\/junq1-696x523.jpg 696w, https:\/\/jorgezanoni.com.br\/2019\/wp-content\/uploads\/2020\/03\/junq1-1068x802.jpg 1068w, https:\/\/jorgezanoni.com.br\/2019\/wp-content\/uploads\/2020\/03\/junq1-559x420.jpg 559w\" sizes=\"auto, (max-width: 1156px) 100vw, 1156px\" \/> <img loading=\"lazy\" decoding=\"async\" class=\"alignnone size-full wp-image-21717\" src=\"https:\/\/jorgezanoni.com.br\/2019\/wp-content\/uploads\/2020\/03\/junq2.jpg\" alt=\"\" width=\"1156\" height=\"868\" srcset=\"https:\/\/jorgezanoni.com.br\/2019\/wp-content\/uploads\/2020\/03\/junq2.jpg 1156w, https:\/\/jorgezanoni.com.br\/2019\/wp-content\/uploads\/2020\/03\/junq2-300x225.jpg 300w, https:\/\/jorgezanoni.com.br\/2019\/wp-content\/uploads\/2020\/03\/junq2-768x577.jpg 768w, https:\/\/jorgezanoni.com.br\/2019\/wp-content\/uploads\/2020\/03\/junq2-1024x769.jpg 1024w, https:\/\/jorgezanoni.com.br\/2019\/wp-content\/uploads\/2020\/03\/junq2-80x60.jpg 80w, https:\/\/jorgezanoni.com.br\/2019\/wp-content\/uploads\/2020\/03\/junq2-265x198.jpg 265w, https:\/\/jorgezanoni.com.br\/2019\/wp-content\/uploads\/2020\/03\/junq2-696x523.jpg 696w, https:\/\/jorgezanoni.com.br\/2019\/wp-content\/uploads\/2020\/03\/junq2-1068x802.jpg 1068w, https:\/\/jorgezanoni.com.br\/2019\/wp-content\/uploads\/2020\/03\/junq2-559x420.jpg 559w\" sizes=\"auto, (max-width: 1156px) 100vw, 1156px\" \/> <img loading=\"lazy\" decoding=\"async\" class=\"alignnone size-full wp-image-21718\" src=\"https:\/\/jorgezanoni.com.br\/2019\/wp-content\/uploads\/2020\/03\/junq3.jpg\" alt=\"\" width=\"1280\" height=\"960\" srcset=\"https:\/\/jorgezanoni.com.br\/2019\/wp-content\/uploads\/2020\/03\/junq3.jpg 1280w, https:\/\/jorgezanoni.com.br\/2019\/wp-content\/uploads\/2020\/03\/junq3-300x225.jpg 300w, https:\/\/jorgezanoni.com.br\/2019\/wp-content\/uploads\/2020\/03\/junq3-768x576.jpg 768w, https:\/\/jorgezanoni.com.br\/2019\/wp-content\/uploads\/2020\/03\/junq3-1024x768.jpg 1024w, https:\/\/jorgezanoni.com.br\/2019\/wp-content\/uploads\/2020\/03\/junq3-80x60.jpg 80w, https:\/\/jorgezanoni.com.br\/2019\/wp-content\/uploads\/2020\/03\/junq3-265x198.jpg 265w, https:\/\/jorgezanoni.com.br\/2019\/wp-content\/uploads\/2020\/03\/junq3-696x522.jpg 696w, https:\/\/jorgezanoni.com.br\/2019\/wp-content\/uploads\/2020\/03\/junq3-1068x801.jpg 1068w, https:\/\/jorgezanoni.com.br\/2019\/wp-content\/uploads\/2020\/03\/junq3-560x420.jpg 560w\" sizes=\"auto, (max-width: 1280px) 100vw, 1280px\" \/><\/p>\n<p>&nbsp;<\/p>\n","protected":false},"excerpt":{"rendered":"<p>Junqueir\u00f3polis publica decreto de combate e controle do COVID-19. A prefeitura torna p\u00fablico a decreta\u00e7\u00e3o do estado de emerg\u00eancia, visando a ado\u00e7\u00e3o de medidas necess\u00e1rias para o combate\u00a0 e controle do coronav\u00edrus. Para a elabora\u00e7\u00e3o dos 25 artigos para decreto administra\u00e7\u00e3o de\u00a0\u00a0Junqueir\u00f3polis realizou esta semana reuni\u00f5es pontuais e importantes com os seguimentos organizados do munic\u00edpio [&hellip;]<\/p>\n","protected":false},"author":1,"featured_media":21719,"comment_status":"closed","ping_status":"open","sticky":false,"template":"","format":"standard","meta":{"footnotes":""},"categories":[179,190,110],"tags":[],"class_list":["post-21714","post","type-post","status-publish","format-standard","has-post-thumbnail","hentry","category-cidadeseregiao","category-junqueiropolis","category-noticiasdestaque"],"_links":{"self":[{"href":"https:\/\/jorgezanoni.com.br\/2019\/wp-json\/wp\/v2\/posts\/21714","targetHints":{"allow":["GET"]}}],"collection":[{"href":"https:\/\/jorgezanoni.com.br\/2019\/wp-json\/wp\/v2\/posts"}],"about":[{"href":"https:\/\/jorgezanoni.com.br\/2019\/wp-json\/wp\/v2\/types\/post"}],"author":[{"embeddable":true,"href":"https:\/\/jorgezanoni.com.br\/2019\/wp-json\/wp\/v2\/users\/1"}],"replies":[{"embeddable":true,"href":"https:\/\/jorgezanoni.com.br\/2019\/wp-json\/wp\/v2\/comments?post=21714"}],"version-history":[{"count":0,"href":"https:\/\/jorgezanoni.com.br\/2019\/wp-json\/wp\/v2\/posts\/21714\/revisions"}],"wp:featuredmedia":[{"embeddable":true,"href":"https:\/\/jorgezanoni.com.br\/2019\/wp-json\/wp\/v2\/media\/21719"}],"wp:attachment":[{"href":"https:\/\/jorgezanoni.com.br\/2019\/wp-json\/wp\/v2\/media?parent=21714"}],"wp:term":[{"taxonomy":"category","embeddable":true,"href":"https:\/\/jorgezanoni.com.br\/2019\/wp-json\/wp\/v2\/categories?post=21714"},{"taxonomy":"post_tag","embeddable":true,"href":"https:\/\/jorgezanoni.com.br\/2019\/wp-json\/wp\/v2\/tags?post=21714"}],"curies":[{"name":"wp","href":"https:\/\/api.w.org\/{rel}","templated":true}]}}