{"id":2171,"date":"2019-07-26T12:18:44","date_gmt":"2019-07-26T12:18:44","guid":{"rendered":"http:\/\/jorgezanoni.com.br\/2019\/?p=2171"},"modified":"2019-07-26T12:18:44","modified_gmt":"2019-07-26T12:18:44","slug":"fundec-retoma-curso-gratuito-de-empreendedorismo-para-alunos-da-unifadra-e-cep-ume","status":"publish","type":"post","link":"https:\/\/jorgezanoni.com.br\/2019\/fundec-retoma-curso-gratuito-de-empreendedorismo-para-alunos-da-unifadra-e-cep-ume\/","title":{"rendered":"Fundec retoma curso gratuito de Empreendedorismo para alunos da Unifadra e CEP\/UME"},"content":{"rendered":"<p style=\"font-weight: 400; text-align: justify;\">O empreendedorismo \u00e9 considerado um elemento impulsionador do crescimento e desenvolvimento econ\u00f4mico e social. Visando\u00a0a\u00a0uma forma\u00e7\u00e3o de excel\u00eancia, a Fundec oferece gratuitamente para seus alunos da Unifadra e CEP\/UME o curso de Empreendedorismo, em parceria com o Sebrae\/SP.<\/p>\n<p style=\"font-weight: 400; text-align: justify;\">O curso \u00e9 realizado ao longo do ano e ter\u00e1 suas aulas retomadas neste s\u00e1bado, dia 27 de julho. O curso \u00e9 ministrado pelos professores da Fundec\u00a0<strong>Prof. Esp. Alexandre de<\/strong><strong>\u00a0<\/strong><strong>Queiroz, Prof. Esp. Jos\u00e9 Marcos Tanganini, Prof. Me. Ronaldo M. Cust\u00f3dio e Prof. Me. Tiago de David.<\/strong><\/p>\n<p style=\"font-weight: 400; text-align: justify;\">\u201cAp\u00f3s o per\u00edodo de f\u00e9rias,\u00a0a programa\u00e7\u00e3o \u00e9 retomada com atividades que envolvem planejamento estrat\u00e9gico, fluxo de caixa, plano de neg\u00f3cios, al\u00e9m de outras atividades pr\u00e1ticas que servem para potencializar a atitude empreendedora de cada indiv\u00edduo\u201d, destacou o professor Tiago de David.<\/p>\n<p style=\"font-weight: 400; text-align: justify;\">Os empreendedores s\u00e3o pessoas que aprendem e se\u00a0 desenvolvem a cada dia, agindo com comprometimento e persist\u00eancia diante das diversas\u00a0situa\u00e7\u00f5es da vida.<\/p>\n<p style=\"font-weight: 400; text-align: justify;\">Carolina Colnago<\/p>\n<p style=\"font-weight: 400; text-align: justify;\">Assessora de Comunica\u00e7\u00e3o da Fundec &#8211; Jornalista<strong>\u00a0<\/strong><\/p>\n<p style=\"font-weight: 400; text-align: justify;\">Foto: Equipe Fundec.<\/p>\n<p style=\"font-weight: 400;\">\n<p style=\"font-weight: 400;\">\n<p style=\"font-weight: 400;\">\n<p style=\"font-weight: 400;\">\n","protected":false},"excerpt":{"rendered":"<p>O empreendedorismo \u00e9 considerado um elemento impulsionador do crescimento e desenvolvimento econ\u00f4mico e social. Visando\u00a0a\u00a0uma forma\u00e7\u00e3o de excel\u00eancia, a Fundec oferece gratuitamente para seus alunos da Unifadra e CEP\/UME o curso de Empreendedorismo, em parceria com o Sebrae\/SP. O curso \u00e9 realizado ao longo do ano e ter\u00e1 suas aulas retomadas neste s\u00e1bado, dia 27 [&hellip;]<\/p>\n","protected":false},"author":1,"featured_media":2172,"comment_status":"open","ping_status":"open","sticky":false,"template":"","format":"standard","meta":{"footnotes":""},"categories":[110],"tags":[],"class_list":["post-2171","post","type-post","status-publish","format-standard","has-post-thumbnail","hentry","category-noticiasdestaque"],"_links":{"self":[{"href":"https:\/\/jorgezanoni.com.br\/2019\/wp-json\/wp\/v2\/posts\/2171","targetHints":{"allow":["GET"]}}],"collection":[{"href":"https:\/\/jorgezanoni.com.br\/2019\/wp-json\/wp\/v2\/posts"}],"about":[{"href":"https:\/\/jorgezanoni.com.br\/2019\/wp-json\/wp\/v2\/types\/post"}],"author":[{"embeddable":true,"href":"https:\/\/jorgezanoni.com.br\/2019\/wp-json\/wp\/v2\/users\/1"}],"replies":[{"embeddable":true,"href":"https:\/\/jorgezanoni.com.br\/2019\/wp-json\/wp\/v2\/comments?post=2171"}],"version-history":[{"count":0,"href":"https:\/\/jorgezanoni.com.br\/2019\/wp-json\/wp\/v2\/posts\/2171\/revisions"}],"wp:featuredmedia":[{"embeddable":true,"href":"https:\/\/jorgezanoni.com.br\/2019\/wp-json\/wp\/v2\/media\/2172"}],"wp:attachment":[{"href":"https:\/\/jorgezanoni.com.br\/2019\/wp-json\/wp\/v2\/media?parent=2171"}],"wp:term":[{"taxonomy":"category","embeddable":true,"href":"https:\/\/jorgezanoni.com.br\/2019\/wp-json\/wp\/v2\/categories?post=2171"},{"taxonomy":"post_tag","embeddable":true,"href":"https:\/\/jorgezanoni.com.br\/2019\/wp-json\/wp\/v2\/tags?post=2171"}],"curies":[{"name":"wp","href":"https:\/\/api.w.org\/{rel}","templated":true}]}}