{"id":21705,"date":"2020-03-20T20:44:20","date_gmt":"2020-03-20T20:44:20","guid":{"rendered":"https:\/\/jorgezanoni.com.br\/2019\/?p=21705"},"modified":"2020-03-20T20:44:20","modified_gmt":"2020-03-20T20:44:20","slug":"comercio-de-presidente-prudente-fecha-por-causa-do-coronavirus-a-partir-da-proxima-segunda-feira-veja-a-integra-do-decreto-baixado-pela-prefeitura","status":"publish","type":"post","link":"https:\/\/jorgezanoni.com.br\/2019\/comercio-de-presidente-prudente-fecha-por-causa-do-coronavirus-a-partir-da-proxima-segunda-feira-veja-a-integra-do-decreto-baixado-pela-prefeitura\/","title":{"rendered":"Com\u00e9rcio de Presidente Prudente fecha por causa do coronav\u00edrus a partir da pr\u00f3xima segunda-feira; veja a \u00edntegra do decreto baixado pela Prefeitura"},"content":{"rendered":"<h2 class=\"content-head__subtitle\" style=\"text-align: justify;\"><strong>Estabelecimentos poder\u00e3o atender aos clientes mediante pr\u00e9vio agendamento, mas a inten\u00e7\u00e3o \u00e9 n\u00e3o deixar as portas abertas para n\u00e3o gerar aglomera\u00e7\u00e3o de pessoas, segundo o Executivo.<\/strong><\/h2>\n<div class=\"mc-column content-text active-extra-styles \" data-block-type=\"unstyled\" data-block-weight=\"38\" data-block-id=\"2\">\n<p class=\"content-text__container \" style=\"text-align: justify;\" data-track-category=\"Link no Texto\" data-track-links=\"\">O prefeito Nelson Roberto Bugalho (PSDB) anunciou na tarde desta sexta-feira (20) que o com\u00e9rcio de\u00a0<a href=\"https:\/\/g1.globo.com\/sp\/presidente-prudente-regiao\/cidade\/presidente-prudente\/\">Presidente Prudente<\/a>\u00a0vai fechar por um per\u00edodo de 15 dias, a partir da pr\u00f3xima segunda-feira (23), em decorr\u00eancia da pandemia de coronav\u00edrus.<\/p>\n<\/div>\n<div class=\"wall protected-content\">\n<div class=\"mc-column content-text active-extra-styles \" style=\"text-align: justify;\" data-block-type=\"unstyled\" data-block-weight=\"27\" data-block-id=\"3\">\n<p class=\"content-text__container \" data-track-category=\"Link no Texto\" data-track-links=\"\">Segundo o prefeito, os estabelecimentos poder\u00e3o atender aos clientes mediante pr\u00e9vio agendamento, mas a inten\u00e7\u00e3o \u00e9 n\u00e3o deixar as portas abertas para n\u00e3o gerar aglomera\u00e7\u00e3o de pessoas.<\/p>\n<\/div>\n<div class=\"mc-column content-text active-extra-styles \" style=\"text-align: justify;\" data-block-type=\"unstyled\" data-block-weight=\"20\" data-block-id=\"4\">\n<p class=\"content-text__container \" data-track-category=\"Link no Texto\" data-track-links=\"\">Outra medida anunciada por Bugalho \u00e9 a suspens\u00e3o imediata da cobran\u00e7a do estacionamento rotativo de ve\u00edculos na chamada Zona Azul.<\/p>\n<\/div>\n<div class=\"mc-column content-text active-extra-styles \" style=\"text-align: justify;\" data-block-type=\"unstyled\" data-block-weight=\"38\" data-block-id=\"5\">\n<p class=\"content-text__container \" data-track-category=\"Link no Texto\" data-track-links=\"\">At\u00e9 o momento, segundo os dados oficiais divulgados pela Vigil\u00e2ncia Epidemiol\u00f3gica Municipal (VEM), Presidente Prudente tem 75 pacientes suspeitos de infec\u00e7\u00e3o com o coronav\u00edrus no aguardo dos resultados de exames para o diagn\u00f3stico ou o descarte da doen\u00e7a.<\/p>\n<\/div>\n<div class=\"mc-column content-text active-extra-styles \" style=\"text-align: justify;\" data-block-type=\"unstyled\" data-block-weight=\"13\" data-block-id=\"6\">\n<p class=\"content-text__container \" data-track-category=\"Link no Texto\" data-track-links=\"\">Outros nove casos que eram tidos como suspeitos j\u00e1 foram descartados pelos exames.<\/p>\n<\/div>\n<div class=\"mc-column content-text active-extra-styles \" style=\"text-align: justify;\" data-block-type=\"unstyled\" data-block-weight=\"37\" data-block-id=\"7\">\n<p class=\"content-text__container \" data-track-category=\"Link no Texto\" data-track-links=\"\">O decreto assinado por Bugalho determina a suspens\u00e3o do funcionamento do com\u00e9rcio em Presidente Prudente no per\u00edodo de 23 de mar\u00e7o a 6 de abril de 2020 &#8220;para enfrentamento da emerg\u00eancia de sa\u00fade decorrente do novo coronav\u00edrus&#8221;.<\/p>\n<\/div>\n<div class=\"mc-column content-text active-extra-styles \" style=\"text-align: justify;\" data-block-type=\"unstyled\" data-block-weight=\"49\" data-block-id=\"8\">\n<p class=\"content-text__container \" data-track-category=\"Link no Texto\" data-track-links=\"\">Na entrevista coletiva em que anunciou o fechamento do com\u00e9rcio de Presidente Prudente de uma forma geral na tarde desta sexta-feira (20) em seu gabinete no Pa\u00e7o Municipal, o prefeito Bugalho explicou que novas medidas de enfrentamento do coronav\u00edrus se tornaram necess\u00e1rias diante do agravamento da situa\u00e7\u00e3o da pandemia.<\/p>\n<\/div>\n<div class=\"mc-column content-text active-extra-styles \" style=\"text-align: justify;\" data-block-type=\"unstyled\" data-block-weight=\"58\" data-block-id=\"10\">\n<p class=\"content-text__container \" data-track-category=\"Link no Texto\" data-track-links=\"\">As exce\u00e7\u00f5es, segundo o chefe do Poder Executivo local, ou seja, os estabelecimentos que ter\u00e3o a abertura permitida pela Prefeitura, valer\u00e3o para bancos, cooperativas de cr\u00e9dito e cart\u00f3rios extrajudiciais, desde que adotem medidas que deem prefer\u00eancia ao atendimento eletr\u00f4nico e digital, e para servi\u00e7os considerados essenciais, como institui\u00e7\u00f5es de sa\u00fade, supermercados, farm\u00e1cias, postos de combust\u00edveis e oficinas mec\u00e2nicas.<\/p>\n<\/div>\n<div class=\"mc-column content-text active-extra-styles \" style=\"text-align: justify;\" data-block-type=\"unstyled\" data-block-weight=\"19\" data-block-id=\"11\">\n<p class=\"content-text__container \" data-track-category=\"Link no Texto\" data-track-links=\"\">Quanto aos restaurantes, Bugalho anunciou que ser\u00e1 permitido o funcionamento do servi\u00e7o de entrega de refei\u00e7\u00f5es, o chamado\u00a0<em>delivery<\/em>.<\/p>\n<\/div>\n<div class=\"mc-column content-text active-extra-styles\" data-block-type=\"raw\" data-block-weight=\"21\" data-block-id=\"12\">\n<div class=\"content-intertitle\">\n<h2 style=\"text-align: justify;\">Veja nas imagens abaixo a \u00edntegra do decreto que suspende o funcionamento do com\u00e9rcio em Presidente Prudente por causa do coronav\u00edrus:<\/h2>\n<p style=\"text-align: justify;\"><img loading=\"lazy\" decoding=\"async\" class=\"alignnone size-full wp-image-21706\" src=\"https:\/\/jorgezanoni.com.br\/2019\/wp-content\/uploads\/2020\/03\/decreto.jpg\" alt=\"\" width=\"640\" height=\"853\" srcset=\"https:\/\/jorgezanoni.com.br\/2019\/wp-content\/uploads\/2020\/03\/decreto.jpg 640w, https:\/\/jorgezanoni.com.br\/2019\/wp-content\/uploads\/2020\/03\/decreto-225x300.jpg 225w, https:\/\/jorgezanoni.com.br\/2019\/wp-content\/uploads\/2020\/03\/decreto-315x420.jpg 315w\" sizes=\"auto, (max-width: 640px) 100vw, 640px\" \/><img loading=\"lazy\" decoding=\"async\" class=\"alignnone size-full wp-image-21707\" src=\"https:\/\/jorgezanoni.com.br\/2019\/wp-content\/uploads\/2020\/03\/decreto1.jpg\" alt=\"\" width=\"640\" height=\"853\" srcset=\"https:\/\/jorgezanoni.com.br\/2019\/wp-content\/uploads\/2020\/03\/decreto1.jpg 640w, https:\/\/jorgezanoni.com.br\/2019\/wp-content\/uploads\/2020\/03\/decreto1-225x300.jpg 225w, https:\/\/jorgezanoni.com.br\/2019\/wp-content\/uploads\/2020\/03\/decreto1-315x420.jpg 315w\" sizes=\"auto, (max-width: 640px) 100vw, 640px\" \/> <img loading=\"lazy\" decoding=\"async\" class=\"alignnone size-full wp-image-21708\" src=\"https:\/\/jorgezanoni.com.br\/2019\/wp-content\/uploads\/2020\/03\/decreto2.jpg\" alt=\"\" width=\"640\" height=\"853\" srcset=\"https:\/\/jorgezanoni.com.br\/2019\/wp-content\/uploads\/2020\/03\/decreto2.jpg 640w, https:\/\/jorgezanoni.com.br\/2019\/wp-content\/uploads\/2020\/03\/decreto2-225x300.jpg 225w, https:\/\/jorgezanoni.com.br\/2019\/wp-content\/uploads\/2020\/03\/decreto2-315x420.jpg 315w\" sizes=\"auto, (max-width: 640px) 100vw, 640px\" \/> <img loading=\"lazy\" decoding=\"async\" class=\"alignnone size-full wp-image-21709\" src=\"https:\/\/jorgezanoni.com.br\/2019\/wp-content\/uploads\/2020\/03\/decreto3.jpg\" alt=\"\" width=\"640\" height=\"853\" srcset=\"https:\/\/jorgezanoni.com.br\/2019\/wp-content\/uploads\/2020\/03\/decreto3.jpg 640w, https:\/\/jorgezanoni.com.br\/2019\/wp-content\/uploads\/2020\/03\/decreto3-225x300.jpg 225w, https:\/\/jorgezanoni.com.br\/2019\/wp-content\/uploads\/2020\/03\/decreto3-315x420.jpg 315w\" sizes=\"auto, (max-width: 640px) 100vw, 640px\" \/> <img loading=\"lazy\" decoding=\"async\" class=\"alignnone size-full wp-image-21710\" src=\"https:\/\/jorgezanoni.com.br\/2019\/wp-content\/uploads\/2020\/03\/decreto4.jpg\" alt=\"\" width=\"640\" height=\"853\" srcset=\"https:\/\/jorgezanoni.com.br\/2019\/wp-content\/uploads\/2020\/03\/decreto4.jpg 640w, https:\/\/jorgezanoni.com.br\/2019\/wp-content\/uploads\/2020\/03\/decreto4-225x300.jpg 225w, https:\/\/jorgezanoni.com.br\/2019\/wp-content\/uploads\/2020\/03\/decreto4-315x420.jpg 315w\" sizes=\"auto, (max-width: 640px) 100vw, 640px\" \/>Decreto suspende o funcionamento do com\u00e9rcio em Presidente Prudente \u2014 Foto: Reprodu\u00e7\u00e3o<\/p>\n<div class=\"mc-column content-text active-extra-styles\" style=\"text-align: justify;\" data-block-type=\"raw\" data-block-weight=\"45\" data-block-id=\"19\">\n<blockquote class=\"content-blockquote theme-border-color-primary-before\"><p>&#8220;Fica recomendado a toda popula\u00e7\u00e3o que, se poss\u00edvel, permane\u00e7a em suas casas, e que, caso seja necess\u00e1rio o deslocamento para qualquer local, em decorr\u00eancia de eventual urg\u00eancia ou necessidade, que sejam tomadas as precau\u00e7\u00f5es, de forma a evitar aglomera\u00e7\u00f5es&#8221;, salienta o decreto assinado por Bugalho.<\/p><\/blockquote>\n<\/div>\n<div class=\"mc-column content-text active-extra-styles \" data-block-type=\"unstyled\" data-block-weight=\"23\" data-block-id=\"20\">\n<p class=\"content-text__container \" style=\"text-align: justify;\" data-track-category=\"Link no Texto\" data-track-links=\"\">O descumprimento das obriga\u00e7\u00f5es impostas pelo decreto ser\u00e1 caracterizado como infra\u00e7\u00e3o \u00e0 legisla\u00e7\u00e3o municipal e sujeitar\u00e1 o infrator \u00e0s penalidades e san\u00e7\u00f5es aplic\u00e1veis.<\/p>\n<p style=\"text-align: justify;\" data-track-category=\"Link no Texto\" data-track-links=\"\"><img loading=\"lazy\" decoding=\"async\" class=\"alignnone size-full wp-image-21711\" src=\"https:\/\/jorgezanoni.com.br\/2019\/wp-content\/uploads\/2020\/03\/prudente1.jpg\" alt=\"\" width=\"1262\" height=\"947\" srcset=\"https:\/\/jorgezanoni.com.br\/2019\/wp-content\/uploads\/2020\/03\/prudente1.jpg 1262w, https:\/\/jorgezanoni.com.br\/2019\/wp-content\/uploads\/2020\/03\/prudente1-300x225.jpg 300w, https:\/\/jorgezanoni.com.br\/2019\/wp-content\/uploads\/2020\/03\/prudente1-768x576.jpg 768w, https:\/\/jorgezanoni.com.br\/2019\/wp-content\/uploads\/2020\/03\/prudente1-1024x768.jpg 1024w, https:\/\/jorgezanoni.com.br\/2019\/wp-content\/uploads\/2020\/03\/prudente1-80x60.jpg 80w, https:\/\/jorgezanoni.com.br\/2019\/wp-content\/uploads\/2020\/03\/prudente1-265x198.jpg 265w, https:\/\/jorgezanoni.com.br\/2019\/wp-content\/uploads\/2020\/03\/prudente1-696x522.jpg 696w, https:\/\/jorgezanoni.com.br\/2019\/wp-content\/uploads\/2020\/03\/prudente1-1068x801.jpg 1068w, https:\/\/jorgezanoni.com.br\/2019\/wp-content\/uploads\/2020\/03\/prudente1-560x420.jpg 560w\" sizes=\"auto, (max-width: 1262px) 100vw, 1262px\" \/>O prefeito Nelson Roberto Bugalho decretou nesta sexta-feira (20) o fechamento do com\u00e9rcio de Presidente Prudente por 15 dias por causa do coronav\u00edrus \u2014 Foto: Aline Costa\/G1<\/p>\n<p style=\"text-align: justify;\" data-track-category=\"Link no Texto\" data-track-links=\"\">Fonte: G1<\/p>\n<div class=\"content-ads content-ads--reveal\" data-block-type=\"ads\" data-block-id=\"22\">\n<div id=\"banner_materia__86d1edd5-48e0-4106-9f1a-c9c3e04748d7\" class=\"tag-manager-publicidade-container mc-has-reveal mc-has-ad-lazyload tag-manager-publicidade-banner_materia__86d1edd5-48e0-4106-9f1a-c9c3e04748d7 tag-manager-publicidade-container--carregado tag-manager-publicidade-container--visivel\" data-id=\"banner_materia__86d1edd5-48e0-4106-9f1a-c9c3e04748d7\" data-google-query-id=\"CIvXpaP0qegCFYIFuQYdadQEJQ\" data-cid=\"138305618468\" data-lid=\"5316270208\"><\/div>\n<\/div>\n<\/div>\n<\/div>\n<\/div>\n<\/div>\n","protected":false},"excerpt":{"rendered":"<p>Estabelecimentos poder\u00e3o atender aos clientes mediante pr\u00e9vio agendamento, mas a inten\u00e7\u00e3o \u00e9 n\u00e3o deixar as portas abertas para n\u00e3o gerar aglomera\u00e7\u00e3o de pessoas, segundo o Executivo. O prefeito Nelson Roberto Bugalho (PSDB) anunciou na tarde desta sexta-feira (20) que o com\u00e9rcio de\u00a0Presidente Prudente\u00a0vai fechar por um per\u00edodo de 15 dias, a partir da pr\u00f3xima segunda-feira [&hellip;]<\/p>\n","protected":false},"author":1,"featured_media":21712,"comment_status":"closed","ping_status":"open","sticky":false,"template":"","format":"standard","meta":{"footnotes":""},"categories":[114,110],"tags":[],"class_list":["post-21705","post","type-post","status-publish","format-standard","has-post-thumbnail","hentry","category-geralecomercio","category-noticiasdestaque"],"_links":{"self":[{"href":"https:\/\/jorgezanoni.com.br\/2019\/wp-json\/wp\/v2\/posts\/21705","targetHints":{"allow":["GET"]}}],"collection":[{"href":"https:\/\/jorgezanoni.com.br\/2019\/wp-json\/wp\/v2\/posts"}],"about":[{"href":"https:\/\/jorgezanoni.com.br\/2019\/wp-json\/wp\/v2\/types\/post"}],"author":[{"embeddable":true,"href":"https:\/\/jorgezanoni.com.br\/2019\/wp-json\/wp\/v2\/users\/1"}],"replies":[{"embeddable":true,"href":"https:\/\/jorgezanoni.com.br\/2019\/wp-json\/wp\/v2\/comments?post=21705"}],"version-history":[{"count":0,"href":"https:\/\/jorgezanoni.com.br\/2019\/wp-json\/wp\/v2\/posts\/21705\/revisions"}],"wp:featuredmedia":[{"embeddable":true,"href":"https:\/\/jorgezanoni.com.br\/2019\/wp-json\/wp\/v2\/media\/21712"}],"wp:attachment":[{"href":"https:\/\/jorgezanoni.com.br\/2019\/wp-json\/wp\/v2\/media?parent=21705"}],"wp:term":[{"taxonomy":"category","embeddable":true,"href":"https:\/\/jorgezanoni.com.br\/2019\/wp-json\/wp\/v2\/categories?post=21705"},{"taxonomy":"post_tag","embeddable":true,"href":"https:\/\/jorgezanoni.com.br\/2019\/wp-json\/wp\/v2\/tags?post=21705"}],"curies":[{"name":"wp","href":"https:\/\/api.w.org\/{rel}","templated":true}]}}