{"id":21701,"date":"2020-03-20T20:21:02","date_gmt":"2020-03-20T20:21:02","guid":{"rendered":"https:\/\/jorgezanoni.com.br\/2019\/?p=21701"},"modified":"2020-03-20T20:21:02","modified_gmt":"2020-03-20T20:21:02","slug":"tupi-paulista-decreto-sobre-o-coronavirus","status":"publish","type":"post","link":"https:\/\/jorgezanoni.com.br\/2019\/tupi-paulista-decreto-sobre-o-coronavirus\/","title":{"rendered":"Tupi Paulista: Decreto sobre o Coronav\u00edrus"},"content":{"rendered":"<p style=\"text-align: justify;\"><strong>Decreto do Executivo de Tupi Paulista determina a\u00e7\u00f5es emergenciais contra o Coronav\u00edrus.<\/strong><\/p>\n<div style=\"text-align: justify;\">O prefeito Alexandre Tassoni Ant\u00f4nio, de Tupi Paulista assinou o Decreto N\u00ba 6.780, de 19 de Mar\u00e7o de 2020 que disp\u00f5e sobre medidas tempor\u00e1rias de preven\u00e7\u00e3o ao cont\u00e1gio pelo COVID-19 (coronav\u00edrus).<\/div>\n<div style=\"text-align: justify;\"><\/div>\n<div style=\"text-align: justify;\">O artigo 12 do decreto informa que, a partir do dia 21 de mar\u00e7o de 2020, fica determinada a suspens\u00e3o das atividades de todos os estabelecimentos comerciais e servi\u00e7os privados n\u00e3o essenciais, excetuado os servi\u00e7os essenciais para abastecimento da popula\u00e7\u00e3o como supermercados, postos de combust\u00edvel, distribuidoras de g\u00e1s, distribuidoras de alimentos, farm\u00e1cias, estabelecimentos de sa\u00fade e servi\u00e7os banc\u00e1rios, devendo ser evitado \u00e0 aglomera\u00e7\u00e3o de pessoas.<\/div>\n<div style=\"text-align: justify;\"><\/div>\n<div style=\"text-align: justify;\">As medidas determinadas vigorar\u00e3o at\u00e9 o dia 30 de abril de 2020, podendo ser prorrogado por sucessivos per\u00edodos de 30 dias, caso haja necessidade, ou revogado e as condi\u00e7\u00f5es de urg\u00eancia que motivaram a sua edi\u00e7\u00e3o n\u00e3o permanecerem as mesmas. O decreto entrou em vigor no dia 20 de mar\u00e7o.<\/div>\n<div style=\"text-align: justify;\"><\/div>\n<div style=\"text-align: justify;\">Dentre outras a\u00e7\u00f5es instituiu-se o Comit\u00ea de Contingenciamento do Coronav\u00edrus, com o objetivo de coordenar as a\u00e7\u00f5es contra a propaga\u00e7\u00e3o do COVID-19, no \u00e2mbito do munic\u00edpio, composto por representantes de diversas Secretarias, Poder Legislativo, Associa\u00e7\u00e3o Comercial e representantes da Santa Casa de Miseric\u00f3rdia.<\/div>\n<div style=\"text-align: justify;\"><\/div>\n<div style=\"text-align: justify;\">A partir de 23 de mar\u00e7o de 2020, todos os servidores p\u00fablicos municipais, com mais de 60 (sessenta) anos de idade e aqueles que, comprovadamente, sejam imunodeficientes e gr\u00e1vidas, com exce\u00e7\u00e3o de m\u00e9dicos, enfermeiros, auxiliares e t\u00e9cnicos de enfermagem e daqueles que prestam servi\u00e7os considerados essenciais, dever\u00e3o desenvolver suas fun\u00e7\u00f5es de forma remota se poss\u00edvel, ou gozar f\u00e9rias, a crit\u00e9rio da administra\u00e7\u00e3o.<\/div>\n<div style=\"text-align: justify;\"><\/div>\n<div style=\"text-align: justify;\">Fica restrito o acesso aos pr\u00e9dios p\u00fablicos ressalvados as unidades de sa\u00fade, a situa\u00e7\u00f5es excepcionais e urgentes, a crit\u00e9rio da reparti\u00e7\u00e3o. Nas salas do Vel\u00f3rio Municipal fica restrito o acesso a 5 (cinco) pessoas por vez e nas reparti\u00e7\u00f5es p\u00fablicas fica restrito o acesso a 3 (tr\u00eas) pessoas por vez.<\/div>\n<div style=\"text-align: justify;\"><\/div>\n<div style=\"text-align: justify;\">A possibilidade de contrata\u00e7\u00e3o emergencial de profissionais da sa\u00fade, hip\u00f3tese que n\u00e3o acarretar\u00e1 na forma\u00e7\u00e3o de v\u00ednculo estatut\u00e1rio ou empregat\u00edcio com o munic\u00edpio.<\/div>\n<div style=\"text-align: justify;\"><\/div>\n<div style=\"text-align: justify;\">A suspens\u00e3o da cobran\u00e7a de juros e multas de tarifas e tributos pelo prazo de 60 dias \u00e0 contar da data de seu vencimento.<\/div>\n<div style=\"text-align: justify;\"><\/div>\n<div style=\"text-align: justify;\">Ficam suspensos os protestos e notifica\u00e7\u00f5es com rela\u00e7\u00e3o \u00e0 d\u00edvida ativa e d\u00e9bitos com \u00e1gua pelo prazo de 60 dias.<\/div>\n<div style=\"text-align: justify;\"><\/div>\n<div style=\"text-align: justify;\">Com o fechamento das escolas, paralisa\u00e7\u00e3o de projetos sociais, o que restringe o acesso a refei\u00e7\u00f5es a crian\u00e7as e adolescentes, bem como a restri\u00e7\u00e3o de circula\u00e7\u00e3o de pessoas, o que afeta a economia, ser\u00e1 analisada via Secretaria de Desenvolvimento e A\u00e7\u00e3o Social a situa\u00e7\u00e3o de vulnerabilidade e eventual necessidade de fornecimento de cestas-b\u00e1sicas como forma de amenizar tal situa\u00e7\u00e3o.<\/div>\n<div style=\"text-align: justify;\"><\/div>\n<div style=\"text-align: justify;\">O Prefeito L\u00ea salientou que, novas a\u00e7\u00f5es ser\u00e3o analisadas e implementadas diariamente, tamb\u00e9m pede a colabora\u00e7\u00e3o de toda a popula\u00e7\u00e3o para unidos vencermos essa batalha.<\/div>\n<div style=\"text-align: justify;\"><\/div>\n<div style=\"text-align: justify;\">Assessoria de Comunica\u00e7\u00e3o<\/div>\n<div style=\"text-align: justify;\">Prefeitura de Tupi Paulista<\/div>\n","protected":false},"excerpt":{"rendered":"<p>Decreto do Executivo de Tupi Paulista determina a\u00e7\u00f5es emergenciais contra o Coronav\u00edrus. O prefeito Alexandre Tassoni Ant\u00f4nio, de Tupi Paulista assinou o Decreto N\u00ba 6.780, de 19 de Mar\u00e7o de 2020 que disp\u00f5e sobre medidas tempor\u00e1rias de preven\u00e7\u00e3o ao cont\u00e1gio pelo COVID-19 (coronav\u00edrus). O artigo 12 do decreto informa que, a partir do dia 21 [&hellip;]<\/p>\n","protected":false},"author":1,"featured_media":21702,"comment_status":"closed","ping_status":"open","sticky":false,"template":"","format":"standard","meta":{"footnotes":""},"categories":[179,110,185],"tags":[],"class_list":["post-21701","post","type-post","status-publish","format-standard","has-post-thumbnail","hentry","category-cidadeseregiao","category-noticiasdestaque","category-tupipaulista"],"_links":{"self":[{"href":"https:\/\/jorgezanoni.com.br\/2019\/wp-json\/wp\/v2\/posts\/21701","targetHints":{"allow":["GET"]}}],"collection":[{"href":"https:\/\/jorgezanoni.com.br\/2019\/wp-json\/wp\/v2\/posts"}],"about":[{"href":"https:\/\/jorgezanoni.com.br\/2019\/wp-json\/wp\/v2\/types\/post"}],"author":[{"embeddable":true,"href":"https:\/\/jorgezanoni.com.br\/2019\/wp-json\/wp\/v2\/users\/1"}],"replies":[{"embeddable":true,"href":"https:\/\/jorgezanoni.com.br\/2019\/wp-json\/wp\/v2\/comments?post=21701"}],"version-history":[{"count":0,"href":"https:\/\/jorgezanoni.com.br\/2019\/wp-json\/wp\/v2\/posts\/21701\/revisions"}],"wp:featuredmedia":[{"embeddable":true,"href":"https:\/\/jorgezanoni.com.br\/2019\/wp-json\/wp\/v2\/media\/21702"}],"wp:attachment":[{"href":"https:\/\/jorgezanoni.com.br\/2019\/wp-json\/wp\/v2\/media?parent=21701"}],"wp:term":[{"taxonomy":"category","embeddable":true,"href":"https:\/\/jorgezanoni.com.br\/2019\/wp-json\/wp\/v2\/categories?post=21701"},{"taxonomy":"post_tag","embeddable":true,"href":"https:\/\/jorgezanoni.com.br\/2019\/wp-json\/wp\/v2\/tags?post=21701"}],"curies":[{"name":"wp","href":"https:\/\/api.w.org\/{rel}","templated":true}]}}