{"id":21698,"date":"2020-03-20T20:07:32","date_gmt":"2020-03-20T20:07:32","guid":{"rendered":"https:\/\/jorgezanoni.com.br\/2019\/?p=21698"},"modified":"2020-03-20T20:07:32","modified_gmt":"2020-03-20T20:07:32","slug":"nota-oficial-dracena-tempersul-intelli","status":"publish","type":"post","link":"https:\/\/jorgezanoni.com.br\/2019\/nota-oficial-dracena-tempersul-intelli\/","title":{"rendered":"Nota oficial Dracena Tempersul Intelli"},"content":{"rendered":"<p style=\"font-weight: 400; text-align: justify;\">Em fun\u00e7\u00e3o do cen\u00e1rio atual, em que houve uma crescente dissemina\u00e7\u00e3o do coronav\u00edrus (COVID-19), como medida de preven\u00e7\u00e3o e responsabilidade social, o Dracena Tempersul Intelli cancela todos os seus treinamentos esportivos a partir desta sexta-feira, 20 de mar\u00e7o.<\/p>\n<p style=\"font-weight: 400; text-align: justify;\">A suspens\u00e3o das atividades ser\u00e1, neste primeiro momento, at\u00e9 o dia 30 pr\u00f3ximo. Assim, esperamos preservar e resguardar nossos atletas e comiss\u00e3o t\u00e9cnica.<\/p>\n<p style=\"font-weight: 400; text-align: justify;\">Apesar da completa paralisa\u00e7\u00e3o, o elenco receber\u00e1 virtualmente orienta\u00e7\u00f5es de atividades f\u00edsicas individualizadas, para que todos saiam desse momento ainda mais saud\u00e1veis e fortalecidos.<\/p>\n<p style=\"font-weight: 400; text-align: justify;\">A situa\u00e7\u00e3o ser\u00e1 reavaliada diariamente pela comiss\u00e3o t\u00e9cnica, m\u00e9dica e diretoria, podendo a data de reapresenta\u00e7\u00e3o do elenco sofrer ajustes.<\/p>\n<p>Fonte: Assessoria de Imprensa<\/p>\n<p>Imagem Arquivo<\/p>\n","protected":false},"excerpt":{"rendered":"<p>Em fun\u00e7\u00e3o do cen\u00e1rio atual, em que houve uma crescente dissemina\u00e7\u00e3o do coronav\u00edrus (COVID-19), como medida de preven\u00e7\u00e3o e responsabilidade social, o Dracena Tempersul Intelli cancela todos os seus treinamentos esportivos a partir desta sexta-feira, 20 de mar\u00e7o. A suspens\u00e3o das atividades ser\u00e1, neste primeiro momento, at\u00e9 o dia 30 pr\u00f3ximo. Assim, esperamos preservar e [&hellip;]<\/p>\n","protected":false},"author":1,"featured_media":21699,"comment_status":"closed","ping_status":"open","sticky":false,"template":"","format":"standard","meta":{"footnotes":""},"categories":[111],"tags":[],"class_list":["post-21698","post","type-post","status-publish","format-standard","has-post-thumbnail","hentry","category-esporteecultura"],"_links":{"self":[{"href":"https:\/\/jorgezanoni.com.br\/2019\/wp-json\/wp\/v2\/posts\/21698","targetHints":{"allow":["GET"]}}],"collection":[{"href":"https:\/\/jorgezanoni.com.br\/2019\/wp-json\/wp\/v2\/posts"}],"about":[{"href":"https:\/\/jorgezanoni.com.br\/2019\/wp-json\/wp\/v2\/types\/post"}],"author":[{"embeddable":true,"href":"https:\/\/jorgezanoni.com.br\/2019\/wp-json\/wp\/v2\/users\/1"}],"replies":[{"embeddable":true,"href":"https:\/\/jorgezanoni.com.br\/2019\/wp-json\/wp\/v2\/comments?post=21698"}],"version-history":[{"count":0,"href":"https:\/\/jorgezanoni.com.br\/2019\/wp-json\/wp\/v2\/posts\/21698\/revisions"}],"wp:featuredmedia":[{"embeddable":true,"href":"https:\/\/jorgezanoni.com.br\/2019\/wp-json\/wp\/v2\/media\/21699"}],"wp:attachment":[{"href":"https:\/\/jorgezanoni.com.br\/2019\/wp-json\/wp\/v2\/media?parent=21698"}],"wp:term":[{"taxonomy":"category","embeddable":true,"href":"https:\/\/jorgezanoni.com.br\/2019\/wp-json\/wp\/v2\/categories?post=21698"},{"taxonomy":"post_tag","embeddable":true,"href":"https:\/\/jorgezanoni.com.br\/2019\/wp-json\/wp\/v2\/tags?post=21698"}],"curies":[{"name":"wp","href":"https:\/\/api.w.org\/{rel}","templated":true}]}}