{"id":21695,"date":"2020-03-20T19:52:48","date_gmt":"2020-03-20T19:52:48","guid":{"rendered":"https:\/\/jorgezanoni.com.br\/2019\/?p=21695"},"modified":"2020-03-20T19:52:48","modified_gmt":"2020-03-20T19:52:48","slug":"neste-domingo-sera-comemorado-o-dia-mundial-da-agua","status":"publish","type":"post","link":"https:\/\/jorgezanoni.com.br\/2019\/neste-domingo-sera-comemorado-o-dia-mundial-da-agua\/","title":{"rendered":"Neste\u00a0domingo\u00a0ser\u00e1\u00a0comemorado\u00a0o\u00a0Dia\u00a0Mundial\u00a0da\u00a0\u00c1gua"},"content":{"rendered":"<p style=\"text-align: justify;\">O Dia Mundial da \u00c1gua \u00e9 comemorado em 22 de mar\u00e7o e apresenta como objetivo colocar em discuss\u00e3o assuntos importantes relacionados com esse recurso natural. Como sabemos, a vida no planeta s\u00f3 \u00e9 poss\u00edvel gra\u00e7as \u00e0 presen\u00e7a de \u00e1gua, desse modo, cuidar das fontes de \u00e1gua \u00e9 fundamental para a nossa sobreviv\u00eancia. O corpo humano, por exemplo, necessita de \u00e1gua para diversos processos, como a manuten\u00e7\u00e3o da temperatura corp\u00f3rea e o transporte de subst\u00e2ncias.<br \/>\nDiante da import\u00e2ncia da \u00e1gua para a nossa sobreviv\u00eancia e da necessidade urgente de manter esse recurso dispon\u00edvel, surgiu o Dia Mundial da \u00c1gua. Essa data foi criada em 1992 pela Organiza\u00e7\u00e3o das Na\u00e7\u00f5es Unidas (ONU) e visa a amplia\u00e7\u00e3o da discuss\u00e3o sobre esse tema<br \/>\nO Dia Mundial da \u00c1gua \u00e9 uma data para refletirmos a respeito da import\u00e2ncia de preservar os recursos h\u00eddricos.<br \/>\nNo dia 22 de mar\u00e7o de 1992, a ONU, al\u00e9m de instituir o Dia Mundial da \u00c1gua, divulgou a Declara\u00e7\u00e3o Universal dos Direitos da \u00c1gua, que \u00e9 ordenada em dez artigos.<br \/>\nVeja\u00a0a\u00a0seguir\u00a0alguns\u00a0trechos\u00a0dessa\u00a0declara\u00e7\u00e3o:<br \/>\n1-\u00a0A\u00a0\u00e1gua\u00a0faz\u00a0parte\u00a0do\u00a0patrim\u00f4nio\u00a0do\u00a0planeta;<br \/>\n2\u00a0&#8211;\u00a0A\u00a0\u00e1gua\u00a0\u00e9\u00a0a\u00a0seiva\u00a0do\u00a0nosso\u00a0planeta;<br \/>\n3 &#8211; Os recursos naturais de transforma\u00e7\u00e3o da \u00e1gua em \u00e1gua pot\u00e1vel s\u00e3o lentos, fr\u00e1geis e muito limitados;<br \/>\n4 &#8211; O equil\u00edbrio e o futuro de nosso planeta dependem da preserva\u00e7\u00e3o da \u00e1gua e de seus ciclos;<br \/>\n5 &#8211; A \u00e1gua n\u00e3o \u00e9 somente heran\u00e7a de nossos predecessores; ela \u00e9, sobretudo, um empr\u00e9stimo aos nossos sucessores;<br \/>\n6 &#8211; A \u00e1gua n\u00e3o \u00e9 uma doa\u00e7\u00e3o gratuita da natureza; ela tem um valor econ\u00f4mico: precisa-se saber que ela \u00e9, algumas vezes, rara e dispendiosa e que pode muito bem escassear em qualquer regi\u00e3o do mundo;<br \/>\n7\u00a0&#8211;\u00a0A\u00a0\u00e1gua\u00a0n\u00e3o\u00a0deve\u00a0ser\u00a0desperdi\u00e7ada,\u00a0nem\u00a0polu\u00edda,\u00a0nem\u00a0envenenada;<br \/>\n8\u00a0&#8211;\u00a0A\u00a0utiliza\u00e7\u00e3o\u00a0da\u00a0\u00e1gua\u00a0implica\u00a0respeito\u00a0\u00e0\u00a0lei;<br \/>\n9 &#8211; A gest\u00e3o da \u00e1gua imp\u00f5e um equil\u00edbrio entre os imperativos de sua prote\u00e7\u00e3o e as necessidades de ordem econ\u00f4mica, sanit\u00e1ria e social;<br \/>\n10 &#8211; O planejamento da gest\u00e3o da \u00e1gua deve levar em conta a solidariedade e o consenso em raz\u00e3o de sua distribui\u00e7\u00e3o desigual sobre a Terra.<\/p>\n<p>Import\u00e2ncia\u00a0da\u00a0\u00e1gua\u00a0para\u00a0os\u00a0seres\u00a0humanos<\/p>\n<p>A \u00e1gua \u00e9 um recurso essencial para a sobreviv\u00eancia de todos os seres vivos. Ela participa da forma\u00e7\u00e3o do corpo dos organismos e, por ser considerada um solvente universal, \u00e9 fundamental para a realiza\u00e7\u00e3o de diversas rea\u00e7\u00f5es qu\u00edmicas. Al\u00e9m dessas fun\u00e7\u00f5es, no corpo humano, podemos destacar como importantes pap\u00e9is desempenhados pela \u00e1gua:<br \/>\n\u2022 \u00a0\u00a0\u00a0Regula\u00e7\u00e3o da temperatura do corpo: A \u00e1gua faz parte do suor, que apresenta papel importante no resfriamento do corpo. Ap\u00f3s ser eliminado pelas gl\u00e2ndulas sudor\u00edparas, o suor evapora, causando o resfriamento.<br \/>\n\u2022 \u00a0\u00a0\u00a0Transporte de subst\u00e2ncias: A \u00e1gua constitui o plasma sangu\u00edneo, que garante o transporte de diversas subst\u00e2ncias, como sais minerais e nutrientes.<br \/>\n\u2022 \u00a0\u00a0\u00a0Elimina\u00e7\u00e3o de subst\u00e2ncias para fora do corpo: A \u00e1gua faz parte, por exemplo, da composi\u00e7\u00e3o da urina, que garante a elimina\u00e7\u00e3o de subst\u00e2ncias t\u00f3xicas ou que est\u00e3o em excesso em nosso corpo.<br \/>\n\u2022 \u00a0\u00a0\u00a0Prote\u00e7\u00e3o de estruturas: A \u00e1gua est\u00e1 presente, por exemplo, nos l\u00edquidos encontrados entre as articula\u00e7\u00f5es, participando, portanto, da prote\u00e7\u00e3o dos nossos ossos contra o atrito. Ela tamb\u00e9m garante a prote\u00e7\u00e3o do feto, uma vez que faz parte da composi\u00e7\u00e3o do l\u00edquido amni\u00f3tico.<br \/>\nEm raz\u00e3o de sua import\u00e2ncia, recomenda-se a ingest\u00e3o de cerca de dois litros de \u00e1gua por dia para que o organismo continue funcionando perfeitamente. Vale destacar que essa \u00e9 uma recomenda\u00e7\u00e3o geral e que fatores como idade, sexo, peso, esta\u00e7\u00e3o do ano e pr\u00e1tica de atividades f\u00edsicas podem afetar a quantidade necess\u00e1ria de \u00e1gua para o organismo.<\/p>\n<p>Disponibilidade\u00a0de\u00a0\u00e1gua\u00a0para\u00a0os\u00a0seres\u00a0humanos<\/p>\n<p>Apesar de o nosso planeta ser repleto de \u00e1gua, estima-se que apenas 0,77% esteja dispon\u00edvel para o consumo humano. Vale destacar, no entanto, que essa quantidade n\u00e3o est\u00e1 distribu\u00edda igualmente por todo o territ\u00f3rio, consequentemente, existem locais onde esse recurso \u00e9 bastante escasso. Em virtude dessa desigualdade de distribui\u00e7\u00e3o, em v\u00e1rias regi\u00f5es, ocorrem verdadeiros conflitos por \u00e1gua.<br \/>\nAl\u00e9m da escassez de \u00e1gua, enfrentamos ainda o problema da baixa qualidade desse recurso. A polui\u00e7\u00e3o causada pelas atividades humanas torna a \u00e1gua dispon\u00edvel impr\u00f3pria para o consumo. De acordo com a ONU, 1 em cada 3 pessoas no mundo n\u00e3o possui acesso \u00e0 \u00e1gua pot\u00e1vel. Ainda de acordo com a ONU, tr\u00eas bilh\u00f5es de pessoas n\u00e3o possuem instala\u00e7\u00f5es b\u00e1sicas para lavar as m\u00e3os de forma adequada. Esse quadro \u00e9 preocupante, pois est\u00e1 relacionado com uma s\u00e9rie de doen\u00e7as, e o h\u00e1bito de lavar as m\u00e3os pode prevenir v\u00e1rias enfermidades.<br \/>\nComo toda a popula\u00e7\u00e3o necessita de \u00e1gua para a sua sobreviv\u00eancia, em julho de 2010, a Assembleia Geral das Na\u00e7\u00f5es Unidas declarou, por meio da Resolu\u00e7\u00e3o A\/RES\/64\/292, que a \u00e1gua limpa e segura e o saneamento b\u00e1sico s\u00e3o Direitos Humanos. Sendo assim, a \u00e1gua de qualidade e o saneamento b\u00e1sico passaram a ser um direito garantido por lei. Entretanto, ainda falta muito para que todas as pessoas tenham esse direito realmente garantido.<br \/>\nAs informa\u00e7\u00f5es s\u00e3o do site Brasil Escola, atrav\u00e9s de Vanessa Sardinha dos Santos, professora de Biologia.<\/p>\n<p>Link<\/p>\n<p><a href=\"https:\/\/brasilescola.uol.com.br\/datas-comemorativas\/dia-nacional-da-agua.htm\" target=\"_blank\" rel=\"noopener noreferrer\">https:\/\/brasilescola.uol.com.br\/datas-comemorativas\/dia-nacional-da-agua.htm<\/a><\/p>\n<p>INFORMA\u00c7\u00d5ES\u00a0DE\u00a0DRACENA<\/p>\n<p>\u00c1GUA<\/p>\n<p>Tratada:\u00a0100%<br \/>\nN\u00e3o\u00a0Tratada:\u00a00%<br \/>\nExtens\u00e3o\u00a0da\u00a0Rede\u00a0de\u00a0\u00c1gua:\u00a0239.417\u00a0Km<br \/>\nQuantidade\u00a0de\u00a0Liga\u00e7\u00f5es\u00a0de\u00a0\u00c1gua\u00a0Residenciais:\u00a019.727<br \/>\nQuantidade\u00a0de\u00a0Liga\u00e7\u00f5es\u00a0de\u00a0\u00c1gua\u00a0Comerciais:\u00a02.023<br \/>\nQuantidade\u00a0de\u00a0Liga\u00e7\u00f5es\u00a0de\u00a0\u00c1gua\u00a0Industriais:\u00a016<br \/>\nQuantidade\u00a0de\u00a0Liga\u00e7\u00f5es\u00a0de\u00a0\u00c1gua\u00a0em\u00a0Im\u00f3veis\u00a0P\u00fablicos:\u00a0147<br \/>\nQuantidade\u00a0de\u00a0Po\u00e7os\u00a0Semi-Artesianos:\u00a016<\/p>\n<p>ESGOTO<\/p>\n<p>Tratado:\u00a0100%\u00a0(cidade)<br \/>\nN\u00e3o\u00a0Tratado:\u00a0Distritos\u00a0de\u00a0Jamaica\u00a0e\u00a0Jacipor\u00e3\u00a0e\u00a0Bairro\u00a0Iandara\u00a0(fossas)<br \/>\nExtens\u00e3o\u00a0da\u00a0Rede\u00a0de\u00a0Esgoto:\u00a0221.057\u00a0Km<br \/>\nQuantidade\u00a0de\u00a0Liga\u00e7\u00f5es\u00a0de\u00a0Esgoto\u00a0Residenciais:\u00a018.317<br \/>\nQuantidade\u00a0de\u00a0Liga\u00e7\u00f5es\u00a0de\u00a0Esgoto\u00a0Comerciais:\u00a01.901<br \/>\nQuantidade\u00a0de\u00a0Liga\u00e7\u00f5es\u00a0de\u00a0Esgoto\u00a0Industriais:\u00a012<br \/>\nQuantidade\u00a0de\u00a0Liga\u00e7\u00f5es\u00a0de\u00a0Esgoto\u00a0em\u00a0Im\u00f3veis\u00a0P\u00fablicos:\u00a099<\/p>\n<p>Quantidade\u00a0de\u00a0Lagoas\u00a0de\u00a0Tratamento\u00a0:\u00a02<br \/>\nQuantidade\u00a0de\u00a0Esta\u00e7\u00e3o\u00a0Elevat\u00f3ria\u00a0de\u00a0Esgoto\u00a0:\u00a021<\/p>\n<p>As\u00a0informa\u00e7\u00f5es\u00a0s\u00e3o\u00a0do\u00a0site\u00a0da\u00a0Emdaep,\u00a0atualizadas\u00a0em\u00a0janeiro\u00a0de\u00a02020.<\/p>\n<p>IMAGEM\u00a0ILUSTRATIVA\u00a0DA\u00a0INTERNET<\/p>\n","protected":false},"excerpt":{"rendered":"<p>O Dia Mundial da \u00c1gua \u00e9 comemorado em 22 de mar\u00e7o e apresenta como objetivo colocar em discuss\u00e3o assuntos importantes relacionados com esse recurso natural. Como sabemos, a vida no planeta s\u00f3 \u00e9 poss\u00edvel gra\u00e7as \u00e0 presen\u00e7a de \u00e1gua, desse modo, cuidar das fontes de \u00e1gua \u00e9 fundamental para a nossa sobreviv\u00eancia. O corpo humano, [&hellip;]<\/p>\n","protected":false},"author":1,"featured_media":21696,"comment_status":"closed","ping_status":"open","sticky":false,"template":"","format":"standard","meta":{"footnotes":""},"categories":[176,110],"tags":[],"class_list":["post-21695","post","type-post","status-publish","format-standard","has-post-thumbnail","hentry","category-meioambienteeagricultura","category-noticiasdestaque"],"_links":{"self":[{"href":"https:\/\/jorgezanoni.com.br\/2019\/wp-json\/wp\/v2\/posts\/21695","targetHints":{"allow":["GET"]}}],"collection":[{"href":"https:\/\/jorgezanoni.com.br\/2019\/wp-json\/wp\/v2\/posts"}],"about":[{"href":"https:\/\/jorgezanoni.com.br\/2019\/wp-json\/wp\/v2\/types\/post"}],"author":[{"embeddable":true,"href":"https:\/\/jorgezanoni.com.br\/2019\/wp-json\/wp\/v2\/users\/1"}],"replies":[{"embeddable":true,"href":"https:\/\/jorgezanoni.com.br\/2019\/wp-json\/wp\/v2\/comments?post=21695"}],"version-history":[{"count":0,"href":"https:\/\/jorgezanoni.com.br\/2019\/wp-json\/wp\/v2\/posts\/21695\/revisions"}],"wp:featuredmedia":[{"embeddable":true,"href":"https:\/\/jorgezanoni.com.br\/2019\/wp-json\/wp\/v2\/media\/21696"}],"wp:attachment":[{"href":"https:\/\/jorgezanoni.com.br\/2019\/wp-json\/wp\/v2\/media?parent=21695"}],"wp:term":[{"taxonomy":"category","embeddable":true,"href":"https:\/\/jorgezanoni.com.br\/2019\/wp-json\/wp\/v2\/categories?post=21695"},{"taxonomy":"post_tag","embeddable":true,"href":"https:\/\/jorgezanoni.com.br\/2019\/wp-json\/wp\/v2\/tags?post=21695"}],"curies":[{"name":"wp","href":"https:\/\/api.w.org\/{rel}","templated":true}]}}