{"id":21667,"date":"2020-03-20T16:10:36","date_gmt":"2020-03-20T16:10:36","guid":{"rendered":"https:\/\/jorgezanoni.com.br\/2019\/?p=21667"},"modified":"2020-03-20T16:10:36","modified_gmt":"2020-03-20T16:10:36","slug":"reuniao-mensal-do-conseg-e-cancelada","status":"publish","type":"post","link":"https:\/\/jorgezanoni.com.br\/2019\/reuniao-mensal-do-conseg-e-cancelada\/","title":{"rendered":"Reuni\u00e3o mensal do Conseg \u00e9 cancelada"},"content":{"rendered":"<p class=\"ydp916713c7MsoNormal\" style=\"text-align: justify;\">Em decis\u00e3o conjunta da Pol\u00edcia Militar, Pol\u00edcia Civil e diretoria do Conselho Comunit\u00e1rio de Seguran\u00e7a, a reuni\u00e3o mensal do Conseg, marcada para dia 25 de mar\u00e7o, foi cancelada. O objetivo \u00e9 evitar aglomera\u00e7\u00e3o de pessoas por causa do novo coronav\u00edrus. Se a situa\u00e7\u00e3o se normalizar o encontro pode ser programado para 29 de abril, normalmente.<\/p>\n<p class=\"ydp916713c7MsoNormal\" style=\"text-align: justify;\">Ass. Imprensa<\/p>\n","protected":false},"excerpt":{"rendered":"<p>Em decis\u00e3o conjunta da Pol\u00edcia Militar, Pol\u00edcia Civil e diretoria do Conselho Comunit\u00e1rio de Seguran\u00e7a, a reuni\u00e3o mensal do Conseg, marcada para dia 25 de mar\u00e7o, foi cancelada. O objetivo \u00e9 evitar aglomera\u00e7\u00e3o de pessoas por causa do novo coronav\u00edrus. Se a situa\u00e7\u00e3o se normalizar o encontro pode ser programado para 29 de abril, normalmente. [&hellip;]<\/p>\n","protected":false},"author":1,"featured_media":21668,"comment_status":"closed","ping_status":"open","sticky":false,"template":"","format":"standard","meta":{"footnotes":""},"categories":[179,184,114],"tags":[],"class_list":["post-21667","post","type-post","status-publish","format-standard","has-post-thumbnail","hentry","category-cidadeseregiao","category-dracena","category-geralecomercio"],"_links":{"self":[{"href":"https:\/\/jorgezanoni.com.br\/2019\/wp-json\/wp\/v2\/posts\/21667","targetHints":{"allow":["GET"]}}],"collection":[{"href":"https:\/\/jorgezanoni.com.br\/2019\/wp-json\/wp\/v2\/posts"}],"about":[{"href":"https:\/\/jorgezanoni.com.br\/2019\/wp-json\/wp\/v2\/types\/post"}],"author":[{"embeddable":true,"href":"https:\/\/jorgezanoni.com.br\/2019\/wp-json\/wp\/v2\/users\/1"}],"replies":[{"embeddable":true,"href":"https:\/\/jorgezanoni.com.br\/2019\/wp-json\/wp\/v2\/comments?post=21667"}],"version-history":[{"count":0,"href":"https:\/\/jorgezanoni.com.br\/2019\/wp-json\/wp\/v2\/posts\/21667\/revisions"}],"wp:featuredmedia":[{"embeddable":true,"href":"https:\/\/jorgezanoni.com.br\/2019\/wp-json\/wp\/v2\/media\/21668"}],"wp:attachment":[{"href":"https:\/\/jorgezanoni.com.br\/2019\/wp-json\/wp\/v2\/media?parent=21667"}],"wp:term":[{"taxonomy":"category","embeddable":true,"href":"https:\/\/jorgezanoni.com.br\/2019\/wp-json\/wp\/v2\/categories?post=21667"},{"taxonomy":"post_tag","embeddable":true,"href":"https:\/\/jorgezanoni.com.br\/2019\/wp-json\/wp\/v2\/tags?post=21667"}],"curies":[{"name":"wp","href":"https:\/\/api.w.org\/{rel}","templated":true}]}}