{"id":21663,"date":"2020-03-20T15:57:39","date_gmt":"2020-03-20T15:57:39","guid":{"rendered":"https:\/\/jorgezanoni.com.br\/2019\/?p=21663"},"modified":"2020-03-20T15:57:39","modified_gmt":"2020-03-20T15:57:39","slug":"justica-suspende-visitas-a-presos-em-penitenciarias-da-regiao-oeste-do-estado-de-sao-paulo","status":"publish","type":"post","link":"https:\/\/jorgezanoni.com.br\/2019\/justica-suspende-visitas-a-presos-em-penitenciarias-da-regiao-oeste-do-estado-de-sao-paulo\/","title":{"rendered":"Justi\u00e7a suspende visitas a presos em penitenci\u00e1rias da regi\u00e3o oeste do Estado de S\u00e3o Paulo"},"content":{"rendered":"<h2 class=\"content-head__subtitle\" style=\"text-align: justify;\"><strong>Liminar concedida pelo juiz da Vara da Fazenda P\u00fablica de Presidente Prudente, Darci Lopes Beraldo, estipula multa di\u00e1ria de mais de R$ 1 milh\u00e3o, em caso de descumprimento.<\/strong><\/h2>\n<div class=\"mc-column content-text active-extra-styles \" data-block-type=\"unstyled\" data-block-weight=\"47\" data-block-id=\"2\">\n<p class=\"content-text__container \" style=\"text-align: justify;\" data-track-category=\"Link no Texto\" data-track-links=\"\">O juiz da Vara da Fazenda P\u00fablica da Comarca de Presidente Prudente, Darci Lopes Beraldo, concedeu na manh\u00e3 desta sexta-feira (20) uma liminar que suspende a visita\u00e7\u00e3o de presos em 45 unidades prisionais da regi\u00e3o oeste do Estado de S\u00e3o Paulo em decorr\u00eancia da pandemia de coronav\u00edrus.<\/p>\n<\/div>\n<div class=\"wall protected-content\">\n<div class=\"mc-column content-text active-extra-styles \" style=\"text-align: justify;\" data-block-type=\"unstyled\" data-block-weight=\"22\" data-block-id=\"3\">\n<p class=\"content-text__container \" data-track-category=\"Link no Texto\" data-track-links=\"\">Em caso de descumprimento da ordem, o juiz imp\u00f4s uma multa di\u00e1ria no valor de mais de R$ 1 milh\u00e3o ao Estado.<\/p>\n<\/div>\n<div class=\"mc-column content-text active-extra-styles \" style=\"text-align: justify;\" data-block-type=\"unstyled\" data-block-weight=\"27\" data-block-id=\"4\">\n<p class=\"content-text__container \" data-track-category=\"Link no Texto\" data-track-links=\"\">O pedido de suspens\u00e3o das visitas aos presos foi feito pelo Minist\u00e9rio P\u00fablico Estadual (MPE) em a\u00e7\u00e3o civil p\u00fablica ajuizada no F\u00f3rum da Comarca de Presidente Prudente.<\/p>\n<\/div>\n<div class=\"mc-column content-text active-extra-styles\" style=\"text-align: justify;\" data-block-type=\"raw\" data-block-weight=\"89\" data-block-id=\"5\">\n<blockquote class=\"content-blockquote theme-border-color-primary-before\"><p>&#8220;No caso, busca o Minist\u00e9rio P\u00fablico suspender a visita\u00e7\u00e3o a presos de parentes e familiares aos encarcerados nas Unidades Prisionais da Regi\u00e3o Oeste, at\u00e9 que se restabele\u00e7a a normalidade do quadro de calamidade p\u00fablica decretado, em decorr\u00eancia da pandemia do COVID-19. Com raz\u00e3o. Ali\u00e1s, incompreens\u00edvel como que, diante da pandemia, com medidas restritivas de direitos adotadas mundo afora, somente vistas em filmes de fic\u00e7\u00e3o, o Governo de S\u00e3o Paulo ainda n\u00e3o tenha tomado medida t\u00e3o necess\u00e1ria com a da suspens\u00e3o de visitas nas Unidades Penais&#8221;, salienta Beraldo na liminar.<\/p><\/blockquote>\n<\/div>\n<div class=\"mc-column content-text active-extra-styles \" style=\"text-align: justify;\" data-block-type=\"unstyled\" data-block-weight=\"78\" data-block-id=\"6\">\n<p class=\"content-text__container \" data-track-category=\"Link no Texto\" data-track-links=\"\">&#8220;Fam\u00edlias est\u00e3o se isolando, pessoas est\u00e3o se mantendo reclusas de seus lares, com\u00e9rcio fechando, aulas interrompidas, fronteiras fechadas, atendimentos m\u00e9dicos n\u00e3o urgentes (ambulatoriais e eletivos) suspensos, for\u00e7a p\u00fablica evacuando praias, pra\u00e7as, suspens\u00e3o de transportes e a se perder a conta de tantas medidas excepcionais tomadas, todas voltadas a um bem maior, o da preserva\u00e7\u00e3o da vida, da sa\u00fade, e o Governo de S\u00e3o Paulo fica impass\u00edvel com a quest\u00e3o das visitas nos pres\u00eddios! Por qu\u00ea?&#8221;, argumenta o magistrado.<\/p>\n<\/div>\n<div class=\"content-ads content-ads--reveal\" style=\"text-align: justify;\" data-block-type=\"ads\" data-block-id=\"7\"><\/div>\n<div class=\"mc-column content-text active-extra-styles \" style=\"text-align: justify;\" data-block-type=\"unstyled\" data-block-weight=\"51\" data-block-id=\"8\">\n<p class=\"content-text__container \" data-track-category=\"Link no Texto\" data-track-links=\"\">&#8220;N\u00e3o quer ver, o Estado, que a continuidade da visita\u00e7\u00e3o implica na continuidade do transporte de fam\u00edlias de v\u00e1rias regi\u00f5es do estado, todas a se reunir num local de recolhimento for\u00e7ado de centenas de pessoas, a se formar uma condi\u00e7\u00e3o prop\u00edcia a concorrer para a dissemina\u00e7\u00e3o estadual do v\u00edrus&#8221;, conclui Beraldo.<\/p>\n<\/div>\n<div class=\"mc-column content-text active-extra-styles \" style=\"text-align: justify;\" data-block-type=\"unstyled\" data-block-weight=\"52\" data-block-id=\"9\">\n<p class=\"content-text__container \" data-track-category=\"Link no Texto\" data-track-links=\"\">Na liminar, o juiz cita a reportagem publicada pelo\u00a0<strong>G1<\/strong>, nesta quinta-feira (19),\u00a0<a href=\"https:\/\/g1.globo.com\/sp\/presidente-prudente-regiao\/noticia\/2020\/03\/19\/promotor-de-justica-integrante-do-gaeco-faz-apelo-ao-governo-do-estado-de-sao-paulo-pela-suspensao-de-visitas-a-presos.ghtml\">acerca da postagem feita pelo promotor de Justi\u00e7a Lincoln Gakiya, integrante do Gaeco, que defendeu a suspens\u00e3o de todas as visitas a presos do sistema carcer\u00e1rio paulista a partir deste fim de semana em raz\u00e3o da pandemia de coronav\u00edrus<\/a>.<\/p>\n<\/div>\n<div class=\"mc-column content-text active-extra-styles \" style=\"text-align: justify;\" data-block-type=\"unstyled\" data-block-weight=\"42\" data-block-id=\"10\">\n<p class=\"content-text__container \" data-track-category=\"Link no Texto\" data-track-links=\"\">Beraldo tamb\u00e9m elogia a atua\u00e7\u00e3o dos autores do pedido de suspens\u00e3o das visitas, os promotores de Justi\u00e7a Marcelo Creste e M\u00e1rio Coimbra, &#8220;que, sempre diligentes na defesa do bem comum, prontamente ajuizaram a presente a\u00e7\u00e3o, sanando injustific\u00e1vel omiss\u00e3o do Governo do Estado&#8221;.<\/p>\n<\/div>\n<div class=\"mc-column content-text active-extra-styles\" style=\"text-align: justify;\" data-block-type=\"raw\" data-block-weight=\"21\" data-block-id=\"11\">\n<ul class=\"content-unordered-list\">\n<li><a href=\"https:\/\/g1.globo.com\/sp\/presidente-prudente-regiao\/noticia\/2020\/03\/19\/promotor-de-justica-integrante-do-gaeco-faz-apelo-ao-governo-do-estado-de-sao-paulo-pela-suspensao-de-visitas-a-presos.ghtml\">Promotor de Justi\u00e7a integrante do Gaeco faz apelo ao governo do Estado de S\u00e3o Paulo pela suspens\u00e3o de visitas a presos<\/a><\/li>\n<\/ul>\n<\/div>\n<div class=\"mc-column content-text active-extra-styles\" style=\"text-align: justify;\" data-block-type=\"raw\" data-block-weight=\"38\" data-block-id=\"12\">\n<blockquote class=\"content-blockquote theme-border-color-primary-before\"><p>&#8220;Segundo profissionais da \u00e1rea da sa\u00fade, como infectologistas, o momento n\u00e3o \u00e9 de p\u00e2nico, mas de extrema cautela, prud\u00eancia. E nessa prud\u00eancia, diga-se, extrema necessidade, insere-se a medida de suspens\u00e3o da visita\u00e7\u00e3o nos estabelecimentos penais, imediatamente&#8221;, pontua Beraldo.<\/p><\/blockquote>\n<\/div>\n<div class=\"mc-column content-text active-extra-styles \" style=\"text-align: justify;\" data-block-type=\"unstyled\" data-block-weight=\"67\" data-block-id=\"13\">\n<p class=\"content-text__container \" data-track-category=\"Link no Texto\" data-track-links=\"\">Na liminar, o juiz imp\u00f5e ao Estado de S\u00e3o Paulo a ordem de suspender, por prazo indeterminado, a visita\u00e7\u00e3o de parentes e familiares a presos encarcerados nas unidades prisionais do Oeste Paulista, sob pena de multa di\u00e1ria no valor de 1 mil sal\u00e1rios m\u00ednimos, o equivalente a R$ 1.045.000,00, sem preju\u00edzo da an\u00e1lise de pr\u00e1tica de ato de improbidade administrativa por quem respons\u00e1vel pelo cumprimento da medida.<\/p>\n<\/div>\n<div class=\"mc-column content-text active-extra-styles \" data-block-type=\"unstyled\" data-block-weight=\"53\" data-block-id=\"14\">\n<p class=\"content-text__container \" style=\"text-align: justify;\" data-track-category=\"Link no Texto\" data-track-links=\"\">Segundo a decis\u00e3o judicial, a suspens\u00e3o vale para todos os 45 pres\u00eddios vinculados \u00e0 Coordenadoria de Unidades Prisionais da Regi\u00e3o Oeste (Croeste), \u00f3rg\u00e3o ligado \u00e0 Secretaria da Administra\u00e7\u00e3o Penitenci\u00e1ria do Estado de S\u00e3o Paulo (SAP) e que abrange cidades das regi\u00f5es administrativas de\u00a0<a href=\"https:\/\/g1.globo.com\/sp\/sao-jose-do-rio-preto-aracatuba\/cidade\/aracatuba\/index\/feed\/pagina-1934.ghtml\">Ara\u00e7atuba<\/a>,\u00a0<a href=\"https:\/\/g1.globo.com\/sp\/bauru-marilia\/cidade\/marilia\/\">Mar\u00edlia<\/a>,\u00a0<a href=\"https:\/\/g1.globo.com\/sp\/presidente-prudente-regiao\/cidade\/presidente-prudente\/\">Presidente Prudente<\/a>\u00a0e\u00a0<a href=\"https:\/\/g1.globo.com\/sp\/sao-jose-do-rio-preto-aracatuba\/cidade\/sao-jose-do-rio-preto\/\">S\u00e3o Jos\u00e9 do Rio Preto<\/a>.<\/p>\n<p style=\"text-align: justify;\" data-track-category=\"Link no Texto\" data-track-links=\"\"><img loading=\"lazy\" decoding=\"async\" class=\"alignnone size-full wp-image-21664\" src=\"https:\/\/jorgezanoni.com.br\/2019\/wp-content\/uploads\/2020\/03\/tabela-croeste.jpg\" alt=\"\" width=\"1262\" height=\"1163\" srcset=\"https:\/\/jorgezanoni.com.br\/2019\/wp-content\/uploads\/2020\/03\/tabela-croeste.jpg 1262w, https:\/\/jorgezanoni.com.br\/2019\/wp-content\/uploads\/2020\/03\/tabela-croeste-300x276.jpg 300w, https:\/\/jorgezanoni.com.br\/2019\/wp-content\/uploads\/2020\/03\/tabela-croeste-768x708.jpg 768w, https:\/\/jorgezanoni.com.br\/2019\/wp-content\/uploads\/2020\/03\/tabela-croeste-1024x944.jpg 1024w, https:\/\/jorgezanoni.com.br\/2019\/wp-content\/uploads\/2020\/03\/tabela-croeste-696x641.jpg 696w, https:\/\/jorgezanoni.com.br\/2019\/wp-content\/uploads\/2020\/03\/tabela-croeste-1068x984.jpg 1068w, https:\/\/jorgezanoni.com.br\/2019\/wp-content\/uploads\/2020\/03\/tabela-croeste-456x420.jpg 456w\" sizes=\"auto, (max-width: 1262px) 100vw, 1262px\" \/><\/p>\n<p data-track-category=\"Link no Texto\" data-track-links=\"\">Fonte: G1<\/p>\n<\/div>\n<\/div>\n","protected":false},"excerpt":{"rendered":"<p>Liminar concedida pelo juiz da Vara da Fazenda P\u00fablica de Presidente Prudente, Darci Lopes Beraldo, estipula multa di\u00e1ria de mais de R$ 1 milh\u00e3o, em caso de descumprimento. O juiz da Vara da Fazenda P\u00fablica da Comarca de Presidente Prudente, Darci Lopes Beraldo, concedeu na manh\u00e3 desta sexta-feira (20) uma liminar que suspende a visita\u00e7\u00e3o [&hellip;]<\/p>\n","protected":false},"author":1,"featured_media":21665,"comment_status":"closed","ping_status":"open","sticky":false,"template":"","format":"standard","meta":{"footnotes":""},"categories":[120,110],"tags":[],"class_list":["post-21663","post","type-post","status-publish","format-standard","has-post-thumbnail","hentry","category-justicahabitacaotecnologia","category-noticiasdestaque"],"_links":{"self":[{"href":"https:\/\/jorgezanoni.com.br\/2019\/wp-json\/wp\/v2\/posts\/21663","targetHints":{"allow":["GET"]}}],"collection":[{"href":"https:\/\/jorgezanoni.com.br\/2019\/wp-json\/wp\/v2\/posts"}],"about":[{"href":"https:\/\/jorgezanoni.com.br\/2019\/wp-json\/wp\/v2\/types\/post"}],"author":[{"embeddable":true,"href":"https:\/\/jorgezanoni.com.br\/2019\/wp-json\/wp\/v2\/users\/1"}],"replies":[{"embeddable":true,"href":"https:\/\/jorgezanoni.com.br\/2019\/wp-json\/wp\/v2\/comments?post=21663"}],"version-history":[{"count":0,"href":"https:\/\/jorgezanoni.com.br\/2019\/wp-json\/wp\/v2\/posts\/21663\/revisions"}],"wp:featuredmedia":[{"embeddable":true,"href":"https:\/\/jorgezanoni.com.br\/2019\/wp-json\/wp\/v2\/media\/21665"}],"wp:attachment":[{"href":"https:\/\/jorgezanoni.com.br\/2019\/wp-json\/wp\/v2\/media?parent=21663"}],"wp:term":[{"taxonomy":"category","embeddable":true,"href":"https:\/\/jorgezanoni.com.br\/2019\/wp-json\/wp\/v2\/categories?post=21663"},{"taxonomy":"post_tag","embeddable":true,"href":"https:\/\/jorgezanoni.com.br\/2019\/wp-json\/wp\/v2\/tags?post=21663"}],"curies":[{"name":"wp","href":"https:\/\/api.w.org\/{rel}","templated":true}]}}