{"id":21657,"date":"2020-03-20T14:29:58","date_gmt":"2020-03-20T14:29:58","guid":{"rendered":"https:\/\/jorgezanoni.com.br\/2019\/?p=21657"},"modified":"2020-03-20T14:29:58","modified_gmt":"2020-03-20T14:29:58","slug":"da-prevencao-para-mitigacao","status":"publish","type":"post","link":"https:\/\/jorgezanoni.com.br\/2019\/da-prevencao-para-mitigacao\/","title":{"rendered":"Da Preven\u00e7\u00e3o para Mitiga\u00e7\u00e3o"},"content":{"rendered":"<p style=\"text-align: justify;\"><strong>DA PREVEN\u00c7\u00c3O PARA MITIGA\u00c7\u00c3O.<\/strong><\/p>\n<p style=\"text-align: justify;\"><strong>*CLAUDIVAL CLEMENTE.<\/strong><\/p>\n<p style=\"text-align: justify;\"><strong>*CLAUDIVAL MOURA CLEMENTE<\/strong><\/p>\n<p style=\"text-align: justify;\">A for\u00e7a com o que Covid-19 invadiu o mundo, apesar de todas as previs\u00f5es formuladas por especialistas, apanhou as autoridades de surpresa, porque os governantes sempre est\u00e3o preocupados com os impactos que medidas protetivas ir\u00e3o causar na economia, nos empregos, no recolhimento dos tributos e, principalmente, nas elei\u00e7\u00f5es.<\/p>\n<p style=\"text-align: justify;\">Inobstante alguns m\u00e9dicos, incluindo o pr\u00f3prio Ministro da Sa\u00fade ter tra\u00e7ado um quadro tenebroso do que estava por vir, a mais alta autoridade do pa\u00eds se manteve renitente, afirmando que a doen\u00e7a era uma simples gripe e que o assunto estava superdimensionado pela Imprensa e que a repeti\u00e7\u00e3o do assunto se constitu\u00eda em histeria.<\/p>\n<p style=\"text-align: justify;\">Enquanto isso, o Ministro da Sa\u00fade e os Secret\u00e1rios de Sa\u00fade dos Estados, destacando em especial a atua\u00e7\u00e3o do Secret\u00e1rio da Sa\u00fade de S\u00e3o Paulo, adotavam todas as medidas poss\u00edveis para prevenir a dissemina\u00e7\u00e3o do v\u00edrus no Brasil.<\/p>\n<p style=\"text-align: justify;\">A Secretaria da Sa\u00fade de S\u00e3o Paulo tra\u00e7ou um plano de risco e resposta r\u00e1pida para atuar na preven\u00e7\u00e3o do v\u00edrus, organizando um grupo de trabalho e colocando \u00e0 frente deste grupo um conceituado infectologista, que imediatamente planejou as atividades b\u00e1sicas de preven\u00e7\u00e3o e cuidado.<\/p>\n<p style=\"text-align: justify;\">A atua\u00e7\u00e3o do governo federal lamentavelmente e, como sempre, foi tardia; o pr\u00f3prio Presidente da Rep\u00fablica ap\u00f3s criticar os governadores que estavam adotando provid\u00eancias de cautela, participou de uma manifesta\u00e7\u00e3o contra os outros dois poderes da Rep\u00fablica, com a possibilidade de estar contaminado com o v\u00edrus, porque viajou aos EUA em companhia de um assessor que estava carregando o v\u00edrus. Ao contr\u00e1rio do que ele, Presidente assinalou, n\u00e3o se tratava do risco de uma contamina\u00e7\u00e3o pessoal, mas o perigo de contaminar os manifestantes que se encontravam no ato.<\/p>\n<p style=\"text-align: justify;\">A grande quest\u00e3o do v\u00edrus \u00e9 justamente a forma como se propaga. Um contaminado eventualmente pode contaminar outros 10, estes 10 outros 10, ou seja 100 e assim sucessivamente.<\/p>\n<p style=\"text-align: justify;\">Desafortunadamente a vinda do v\u00edrus ao Brasil ir\u00e1 mudar completamente o cotidiano dos brasileiros e al\u00e9m dos cuidados b\u00e1sicos com a higiene e preven\u00e7\u00e3o, seremos atingidos em dois aspectos fundamentais na vida dos seres humanos: a liberdade de locomo\u00e7\u00e3o e o trabalho. A decreta\u00e7\u00e3o do estado de calamidade, se por um lado, \u00e9 indispens\u00e1vel, traz consigo uma s\u00e9rie de limita\u00e7\u00f5es que os nacionais n\u00e3o est\u00e3o acostumados a viver.<\/p>\n<p style=\"text-align: justify;\">O isolamento social \u00e9 uma condi\u00e7\u00e3o dolorida para cada brasileiro, atingindo a todos sem exce\u00e7\u00e3o, limitando a circula\u00e7\u00e3o entre o com\u00e9rcio, as visitas aos amigos e parentes e as atividades mais simples, como a ida ao cabeleireiro ou mesmo \u00e0 quitanda da esquina. O isolamento social \u00e9 uma das medidas protetivas mais severas e, ao mesmo tempo mais importantes \u00e0 preven\u00e7\u00e3o contra o avan\u00e7o do Covid-19 entre os brasileiros.<\/p>\n<p style=\"text-align: justify;\">Mas o isolamento social tamb\u00e9m impedir\u00e1 as pessoas de irem ao trabalho, impactando a situa\u00e7\u00e3o das empresas, notadamente das pequenas empresas e dos microempres\u00e1rios, muitos sem qualquer rede de prote\u00e7\u00e3o social. S\u00f3 permanecer\u00e3o funcionando o com\u00e9rcio absolutamente essencial, tais como, farm\u00e1cias, supermercados, postos de gasolina e alguns restaurantes.<\/p>\n<p style=\"text-align: justify;\">A medida provis\u00f3ria que permite \u00e0s empresas dispensar os empregados do trabalho, mediante um pagamento de metade do sal\u00e1rio contratado atingir\u00e1 em cheio as finan\u00e7as de todos:dos empregadores, que n\u00e3o poder\u00e3o abrir os estabelecimentos, ficando sem renda para honrar os compromissos e dos trabalhadores que ter\u00e3o redu\u00e7\u00e3o em seus vencimentos, alguns at\u00e9 com risco de perder a coloca\u00e7\u00e3o quando toda esta fase negra for atravessada.<\/p>\n<p style=\"text-align: justify;\">Mas o governo federal tamb\u00e9m tentou diminuir o golpe que as empresas e os trabalhadores sentir\u00e3o e adotou algumas protetivas, tais como refor\u00e7o no programa Bolsa Fam\u00edlia; atraso no recolhimento do Fundo de Garantia do Tempo de Servi\u00e7o (FGTS) e do Simples Nacional por tr\u00eas meses, para refor\u00e7ar o caixa das empresas; desonera\u00e7\u00e3o de produtos m\u00e9dicos; libera\u00e7\u00e3o de R$ 24 bilh\u00f5es para linhas de cr\u00e9dito pessoal (com o intuito de ajudar trabalhadores aut\u00f4nomos) e de R$ 48 bilh\u00f5es para empresas;\u00a0 socorro \u00e0 avia\u00e7\u00e3o civil e fechamento de fronteiras, especialmente com a Venezuela. (Fonte ag\u00eancia Senado)<\/p>\n<p style=\"text-align: justify;\">Naturalmente que tais medidas s\u00e3o insuficientes para garantir a normalidade da situa\u00e7\u00e3o; por\u00e9m, o caixa do governo federal se encontra em baixa, em parte devido \u00e0 recess\u00e3o econ\u00f4mica que avassala o pa\u00eds desde 2016, quando a Presidente da \u00e9poca implantou a chamada \u201cnova matriz econ\u00f4mica\u201d, causando quedas nos investimentos. Por outro lado, o mundo vive uma recess\u00e3o econ\u00f4mica e at\u00e9 mesmo os pa\u00edses mais ricos do mundo apertaram os cintos e a chegada do v\u00edrus agravou ainda mais esta delicada situa\u00e7\u00e3o econ\u00f4mica do mundo.<\/p>\n<p style=\"text-align: justify;\">O tempo agora \u00e9 de mitigar os perigos, mitigar os danos e mitigar o baque que o coronav\u00edrus est\u00e1 causando aos brasileiros. \u00c9 inevit\u00e1vel que assim seja; mitigando, tornaremos mais suave o per\u00edodo nebuloso que iremos atravessar. Com f\u00e9 chegaremos ao destino. Importante manter os cuidados com a higiene e preven\u00e7\u00e3o do v\u00edrus e o isolamento social.<\/p>\n<p style=\"text-align: justify;\">Envie d\u00favidas, coment\u00e1rios ou sugest\u00f5es para <a href=\"mailto:bcrcconsultoria@gmail.com\">bcrcconsultoria@gmail.com<\/a>. At\u00e9 a pr\u00f3xima.<\/p>\n<p style=\"text-align: justify;\">*Formado em Direito pela Universidade Estadual de Direito do Norte Pioneiro em Jacarezinho e em Administra\u00e7\u00e3o de Empresas pela Faculdades Integradas de Ourinhos. S\u00f3cio s\u00eanior da BCRC Consultoria.<\/p>\n<p style=\"text-align: justify;\">** Revis\u00e3o e colabora\u00e7\u00e3o\u00a0 &#8211; Acad\u00eamico de Administra\u00e7\u00e3o de Empresas na UNICID.<\/p>\n","protected":false},"excerpt":{"rendered":"<p>DA PREVEN\u00c7\u00c3O PARA MITIGA\u00c7\u00c3O. *CLAUDIVAL CLEMENTE. *CLAUDIVAL MOURA CLEMENTE A for\u00e7a com o que Covid-19 invadiu o mundo, apesar de todas as previs\u00f5es formuladas por especialistas, apanhou as autoridades de surpresa, porque os governantes sempre est\u00e3o preocupados com os impactos que medidas protetivas ir\u00e3o causar na economia, nos empregos, no recolhimento dos tributos e, principalmente, [&hellip;]<\/p>\n","protected":false},"author":1,"featured_media":21658,"comment_status":"closed","ping_status":"open","sticky":false,"template":"","format":"standard","meta":{"footnotes":""},"categories":[175],"tags":[],"class_list":["post-21657","post","type-post","status-publish","format-standard","has-post-thumbnail","hentry","category-artigos"],"_links":{"self":[{"href":"https:\/\/jorgezanoni.com.br\/2019\/wp-json\/wp\/v2\/posts\/21657","targetHints":{"allow":["GET"]}}],"collection":[{"href":"https:\/\/jorgezanoni.com.br\/2019\/wp-json\/wp\/v2\/posts"}],"about":[{"href":"https:\/\/jorgezanoni.com.br\/2019\/wp-json\/wp\/v2\/types\/post"}],"author":[{"embeddable":true,"href":"https:\/\/jorgezanoni.com.br\/2019\/wp-json\/wp\/v2\/users\/1"}],"replies":[{"embeddable":true,"href":"https:\/\/jorgezanoni.com.br\/2019\/wp-json\/wp\/v2\/comments?post=21657"}],"version-history":[{"count":0,"href":"https:\/\/jorgezanoni.com.br\/2019\/wp-json\/wp\/v2\/posts\/21657\/revisions"}],"wp:featuredmedia":[{"embeddable":true,"href":"https:\/\/jorgezanoni.com.br\/2019\/wp-json\/wp\/v2\/media\/21658"}],"wp:attachment":[{"href":"https:\/\/jorgezanoni.com.br\/2019\/wp-json\/wp\/v2\/media?parent=21657"}],"wp:term":[{"taxonomy":"category","embeddable":true,"href":"https:\/\/jorgezanoni.com.br\/2019\/wp-json\/wp\/v2\/categories?post=21657"},{"taxonomy":"post_tag","embeddable":true,"href":"https:\/\/jorgezanoni.com.br\/2019\/wp-json\/wp\/v2\/tags?post=21657"}],"curies":[{"name":"wp","href":"https:\/\/api.w.org\/{rel}","templated":true}]}}