{"id":21570,"date":"2020-03-19T00:56:56","date_gmt":"2020-03-19T00:56:56","guid":{"rendered":"https:\/\/jorgezanoni.com.br\/2019\/?p=21570"},"modified":"2020-03-19T00:56:56","modified_gmt":"2020-03-19T00:56:56","slug":"liminar-do-tribunal-de-justica-de-sao-paulo-reconduz-maciel-corpa-ao-cargo-de-prefeito","status":"publish","type":"post","link":"https:\/\/jorgezanoni.com.br\/2019\/liminar-do-tribunal-de-justica-de-sao-paulo-reconduz-maciel-corpa-ao-cargo-de-prefeito\/","title":{"rendered":"Liminar do Tribunal de Justi\u00e7a de S\u00e3o Paulo reconduz Maciel Corpa ao cargo de prefeito"},"content":{"rendered":"<p style=\"text-align: justify;\">Atrav\u00e9s de uma liminar emitida minutos antes da postagem desta reportagem pelo Tribunal de Justi\u00e7a de S\u00e3o Paulo, com parecer do relator Jos\u00e9 Maria C\u00e2mara J\u00fanior, foi concedido o efeito suspensivo para sustar a efic\u00e1cia da decis\u00e3o do Poder Judici\u00e1rio da Comarca de Pacaembu que afastou o prefeito Maciel Corpa do cargo na segunda-feira passada (9).<\/p>\n<p>O documento obtido pela reportagem do jornal e site Folha Regional Pacaembu, determina a recondu\u00e7\u00e3o do prefeito Maciel Corpa ao exerc\u00edcio do cargo, ato este que deve ser cumprido nas pr\u00f3ximas horas.<\/p>\n<p style=\"text-align: justify;\">A nossa reportagem segue acompanhando os pr\u00f3ximos passos com maiores informa\u00e7\u00f5es a qualquer momento.<\/p>\n<p style=\"text-align: justify;\">Fonte: Folha Regional<\/p>\n","protected":false},"excerpt":{"rendered":"<p>Atrav\u00e9s de uma liminar emitida minutos antes da postagem desta reportagem pelo Tribunal de Justi\u00e7a de S\u00e3o Paulo, com parecer do relator Jos\u00e9 Maria C\u00e2mara J\u00fanior, foi concedido o efeito suspensivo para sustar a efic\u00e1cia da decis\u00e3o do Poder Judici\u00e1rio da Comarca de Pacaembu que afastou o prefeito Maciel Corpa do cargo na segunda-feira passada [&hellip;]<\/p>\n","protected":false},"author":1,"featured_media":21571,"comment_status":"closed","ping_status":"open","sticky":false,"template":"","format":"standard","meta":{"footnotes":""},"categories":[120,110],"tags":[],"class_list":["post-21570","post","type-post","status-publish","format-standard","has-post-thumbnail","hentry","category-justicahabitacaotecnologia","category-noticiasdestaque"],"_links":{"self":[{"href":"https:\/\/jorgezanoni.com.br\/2019\/wp-json\/wp\/v2\/posts\/21570","targetHints":{"allow":["GET"]}}],"collection":[{"href":"https:\/\/jorgezanoni.com.br\/2019\/wp-json\/wp\/v2\/posts"}],"about":[{"href":"https:\/\/jorgezanoni.com.br\/2019\/wp-json\/wp\/v2\/types\/post"}],"author":[{"embeddable":true,"href":"https:\/\/jorgezanoni.com.br\/2019\/wp-json\/wp\/v2\/users\/1"}],"replies":[{"embeddable":true,"href":"https:\/\/jorgezanoni.com.br\/2019\/wp-json\/wp\/v2\/comments?post=21570"}],"version-history":[{"count":0,"href":"https:\/\/jorgezanoni.com.br\/2019\/wp-json\/wp\/v2\/posts\/21570\/revisions"}],"wp:featuredmedia":[{"embeddable":true,"href":"https:\/\/jorgezanoni.com.br\/2019\/wp-json\/wp\/v2\/media\/21571"}],"wp:attachment":[{"href":"https:\/\/jorgezanoni.com.br\/2019\/wp-json\/wp\/v2\/media?parent=21570"}],"wp:term":[{"taxonomy":"category","embeddable":true,"href":"https:\/\/jorgezanoni.com.br\/2019\/wp-json\/wp\/v2\/categories?post=21570"},{"taxonomy":"post_tag","embeddable":true,"href":"https:\/\/jorgezanoni.com.br\/2019\/wp-json\/wp\/v2\/tags?post=21570"}],"curies":[{"name":"wp","href":"https:\/\/api.w.org\/{rel}","templated":true}]}}