{"id":21567,"date":"2020-03-18T23:42:53","date_gmt":"2020-03-18T23:42:53","guid":{"rendered":"https:\/\/jorgezanoni.com.br\/2019\/?p=21567"},"modified":"2020-03-18T23:42:53","modified_gmt":"2020-03-18T23:42:53","slug":"coronavirus-prefeitura-de-sp-proibe-funcionamento-de-comercio-a-partir-de-sexta-supermercados-e-farmacias-continuarao-abertos","status":"publish","type":"post","link":"https:\/\/jorgezanoni.com.br\/2019\/coronavirus-prefeitura-de-sp-proibe-funcionamento-de-comercio-a-partir-de-sexta-supermercados-e-farmacias-continuarao-abertos\/","title":{"rendered":"Coronav\u00edrus: Prefeitura de SP pro\u00edbe funcionamento de com\u00e9rcio a partir de sexta; supermercados e farm\u00e1cias continuar\u00e3o abertos"},"content":{"rendered":"<h2 class=\"content-head__subtitle\" style=\"text-align: justify;\"><strong>De acordo com o prefeito Bruno Covas, apenas padarias, farm\u00e1cias, restaurantes, supermercados, postos de gasolina, lojas de conveni\u00eancia e de produtos para animais, al\u00e9m de feiras livres, ter\u00e3o autoriza\u00e7\u00e3o de funcionamento at\u00e9 5 de abril.<\/strong><\/h2>\n<div class=\"mc-column content-text active-extra-styles \" data-block-type=\"unstyled\" data-block-weight=\"45\" data-block-id=\"2\">\n<p class=\"content-text__container \" style=\"text-align: justify;\" data-track-category=\"Link no Texto\" data-track-links=\"\">O prefeito de S\u00e3o Paulo, Bruno Covas, declarou nesta quarta-feira (18) que assinou um decreto determinando o fechamento do com\u00e9rcio na cidade de S\u00e3o Paulo a partir de sexta-feira (20) at\u00e9 o dia 5 de abril, por causa da crise do coronav\u00edrus na cidade.<\/p>\n<\/div>\n<div class=\"wall protected-content\">\n<div class=\"mc-column content-text active-extra-styles \" style=\"text-align: justify;\" data-block-type=\"unstyled\" data-block-weight=\"29\" data-block-id=\"3\">\n<p class=\"content-text__container \" data-track-category=\"Link no Texto\" data-track-links=\"\">Segundo o prefeito, a restri\u00e7\u00e3o atinge apenas os atendimentos presenciais do com\u00e9rcio. As lojas poder\u00e3o continuar vendendo produtos atrav\u00e9s do telefone ou das vendas online, por sites ou aplicativos.<\/p>\n<\/div>\n<div class=\"mc-column content-text active-extra-styles \" style=\"text-align: justify;\" data-block-type=\"unstyled\" data-block-weight=\"5\" data-block-id=\"4\">\n<p class=\"content-text__container \" data-track-category=\"Link no Texto\" data-track-links=\"\"><strong>Continuar\u00e3o funcionando em SP<\/strong>:<\/p>\n<\/div>\n<div class=\"mc-column content-text active-extra-styles\" style=\"text-align: justify;\" data-block-type=\"raw\" data-block-weight=\"21\" data-block-id=\"5\">\n<ul class=\"content-unordered-list\">\n<li>Hipermercados e supermercados;<\/li>\n<li>Padarias;<\/li>\n<li>Farm\u00e1cias;<\/li>\n<li>Postos de gasolina;<\/li>\n<li>Lojas de conveni\u00eancia;<\/li>\n<li>Restaurantes e lanchonetes;<\/li>\n<li>Lojas de produtos para animais;<\/li>\n<li>Feiras livres.<\/li>\n<\/ul>\n<\/div>\n<div class=\"mc-column content-text active-extra-styles \" style=\"text-align: justify;\" data-block-type=\"unstyled\" data-block-weight=\"37\" data-block-id=\"6\">\n<p class=\"content-text__container \" data-track-category=\"Link no Texto\" data-track-links=\"\">&#8220;As lojas poder\u00e3o continuar a funcionar para balan\u00e7os, entregas delivery, invent\u00e1rio, pequenas reformas. Mas atendimento presencial fica proibido a partir de sexta-feira.Quem n\u00e3o atender pode ter a licen\u00e7a cassada e o local fechado pela prefeitura&#8221;, disse Covas.<\/p>\n<\/div>\n<div class=\"mc-column content-text active-extra-styles \" style=\"text-align: justify;\" data-block-type=\"unstyled\" data-block-weight=\"40\" data-block-id=\"7\">\n<p class=\"content-text__container \" data-track-category=\"Link no Texto\" data-track-links=\"\">De acordo com o prefeito, apenas padarias, farm\u00e1cias, restaurantes e lanchonetes, supermercados, postos de gasolina, lojas de conveni\u00eancia e produtos para animais e feiras livres n\u00e3o ser\u00e3o fechados e ter\u00e3o autoriza\u00e7\u00e3o de funcionamento durante o per\u00edodo de vigor do decreto.<\/p>\n<\/div>\n<div class=\"mc-column content-text active-extra-styles \" style=\"text-align: justify;\" data-block-type=\"unstyled\" data-block-weight=\"43\" data-block-id=\"8\">\n<p class=\"content-text__container \" data-track-category=\"Link no Texto\" data-track-links=\"\">Para continuarem funcionando, por\u00e9m, os restaurantes e lanchonetes da cidade ter\u00e3o que obedecer a dist\u00e2ncia m\u00ednima de um metro entre as mesas, al\u00e9m de intensificarem as a\u00e7\u00f5es de limpeza e disponibilizarem \u00e1lcool gel aos clientes e informa\u00e7\u00f5es sobre a Covid-19 nos estabelecimentos.<\/p>\n<\/div>\n<div class=\"content-ads content-ads--reveal\" style=\"text-align: justify;\" data-block-type=\"ads\" data-block-id=\"9\"><\/div>\n<div class=\"mc-column content-text active-extra-styles \" style=\"text-align: justify;\" data-block-type=\"unstyled\" data-block-weight=\"70\" data-block-id=\"10\">\n<p class=\"content-text__container \" data-track-category=\"Link no Texto\" data-track-links=\"\">&#8220;\u00c9 preciso tomar medidas cada vez mais restritivas porque o n\u00famero de casos confirmados na cidade por causa do coronav\u00edrus cresce na ordem de 33% por dia pelo que est\u00e1 sendo observado. Queremos contar com o apoio da popula\u00e7\u00e3o para que, al\u00e9m de lavar as m\u00e3os, permane\u00e7am em casa. O trabalho conjunto entre poder p\u00fablico e sociedade \u00e9 fundamental para que a gente possa passar por esse situa\u00e7\u00e3o&#8221;, afirma Covas.<\/p>\n<\/div>\n<div class=\"mc-column content-text active-extra-styles \" style=\"text-align: justify;\" data-block-type=\"unstyled\" data-block-weight=\"55\" data-block-id=\"11\">\n<p class=\"content-text__container \" data-track-category=\"Link no Texto\" data-track-links=\"\">A Prefeitura de S\u00e3o Paulo tamb\u00e9m informa que o decreto assinado por Bruno Covas n\u00e3o afeta os estabelecimentos de servi\u00e7os da capital paulista e nem as pra\u00e7as de alimenta\u00e7\u00e3o, supermercados, bancos e outros servi\u00e7os que funcionam dentro dos shoppings. Por\u00e9m, as lojas dentro dos shoppings centers da capital dever\u00e3o permanecer fechadas at\u00e9 05 de abril.<\/p>\n<\/div>\n<div class=\"mc-column content-text active-extra-styles \" data-block-type=\"unstyled\" data-block-weight=\"42\" data-block-id=\"12\">\n<p class=\"content-text__container \" style=\"text-align: justify;\" data-track-category=\"Link no Texto\" data-track-links=\"\">Pelo decreto, o prefeito tamb\u00e9m autoriza as subprefeituras a suspenderem as autoriza\u00e7\u00f5es dos camel\u00f4s para atuarem na cidade durante o per\u00edodo de vigor do decreto, permitindo que a Guarda Civil Metropolitana (GCM) remova das ruas os ambulantes que desobedecerem a determina\u00e7\u00e3o.<\/p>\n<div class=\"mc-column content-text active-extra-styles\" style=\"text-align: justify;\" data-block-type=\"raw\" data-block-weight=\"3\" data-block-id=\"14\">\n<div class=\"content-intertitle\">\n<h2>Decreto de emerg\u00eancia<\/h2>\n<\/div>\n<\/div>\n<div class=\"mc-column content-text active-extra-styles \" style=\"text-align: justify;\" data-block-type=\"unstyled\" data-block-weight=\"65\" data-block-id=\"15\">\n<p class=\"content-text__container \" data-track-category=\"Link no Texto\" data-track-links=\"\">Essa nova medida anunciada nesta quarta-feira pelo prefeito complementa o decreto de estado de emerg\u00eancia na cidade, publicado ter\u00e7a-feira (17) no Di\u00e1rio Oficial. Pelo decreto de emerg\u00eancia, a Prefeitura poder\u00e1 requisitar bens e servi\u00e7os de pessoas naturais e jur\u00eddicas, com pagamento posterior de indeniza\u00e7\u00e3o justa. A medida tamb\u00e9m autoriza a dispensa de licita\u00e7\u00e3o para aquisi\u00e7\u00e3o de bens e servi\u00e7os destinados ao enfrentamento da emerg\u00eancia.<\/p>\n<\/div>\n<div class=\"content-ads content-ads--reveal\" style=\"text-align: justify;\" data-block-type=\"ads\" data-block-id=\"16\"><\/div>\n<div class=\"mc-column content-text active-extra-styles \" style=\"text-align: justify;\" data-block-type=\"unstyled\" data-block-weight=\"44\" data-block-id=\"17\">\n<p class=\"content-text__container \" data-track-category=\"Link no Texto\" data-track-links=\"\">A publica\u00e7\u00e3o tamb\u00e9m formalizou a decis\u00e3o da gest\u00e3o municipal de suspender o rod\u00edzio de ve\u00edculos na cidade a partir desta ter\u00e7a (17), por tempo indeterminado, al\u00e9m de cassar os alvar\u00e1s de funcionamento para eventos privados e p\u00fablicos, que foram suspensos na cidade.<\/p>\n<\/div>\n<div class=\"mc-column content-text active-extra-styles \" style=\"text-align: justify;\" data-block-type=\"unstyled\" data-block-weight=\"23\" data-block-id=\"18\">\n<p class=\"content-text__container \" data-track-category=\"Link no Texto\" data-track-links=\"\">De acordo com a prefeitura, os equipamentos culturais e de assist\u00eancia social ser\u00e3o fechados, com exce\u00e7\u00e3o dos que acolhem moradores de rua.<\/p>\n<\/div>\n<div class=\"mc-column content-text active-extra-styles \" style=\"text-align: justify;\" data-block-type=\"unstyled\" data-block-weight=\"38\" data-block-id=\"19\">\n<p class=\"content-text__container \" data-track-category=\"Link no Texto\" data-track-links=\"\">Bruno Covas tamb\u00e9m anunciou que os servidores municipais com mais de 60 anos e os que fazem quimioterapia poder\u00e3o trabalhar de casa. Covas anunciou tamb\u00e9m que todo final de linha, os \u00f4nibus ser\u00e3o higienizados para voltarem a circular.<\/p>\n<\/div>\n<div class=\"mc-column content-text active-extra-styles \" style=\"text-align: justify;\" data-block-type=\"unstyled\" data-block-weight=\"48\" data-block-id=\"20\">\n<p class=\"content-text__container \" data-track-category=\"Link no Texto\" data-track-links=\"\">De acordo com a Secret\u00e1ria Estadual de Sa\u00fade, o estado de S\u00e3o Paulo j\u00e1 registrou\u00a0<a href=\"https:\/\/g1.globo.com\/sp\/sao-paulo\/noticia\/2020\/03\/18\/sp-tem-quatro-mortes-confirmadas-pelo-coronavirus.ghtml\"><strong>4 mortes<\/strong>\u00a0pelo coronav\u00edrus<\/a>\u00a0e\u00a0<a href=\"https:\/\/g1.globo.com\/sp\/sao-paulo\/noticia\/2020\/03\/18\/sao-paulo-tem-240-casos-confirmados-de-coronavirus.ghtml\"><strong>240 casos confirmados<\/strong><\/a>\u00a0da doen\u00e7a, segundo balan\u00e7o desta quarta-feira (18). Trata-se de um aumento de 46% em rela\u00e7\u00e3o ao balan\u00e7o anterior, que confirmava\u00a0<a href=\"https:\/\/g1.globo.com\/bemestar\/coronavirus\/noticia\/2020\/03\/17\/casos-de-coronavirus-no-brasil-em-17-de-marco.ghtml\"><strong>164 casos<\/strong><\/a><strong>\u00a0<\/strong>na ter\u00e7a-feira (17).<\/p>\n<\/div>\n<div class=\"mc-column content-text active-extra-styles \" style=\"text-align: justify;\" data-block-type=\"unstyled\" data-block-weight=\"33\" data-block-id=\"21\">\n<p class=\"content-text__container \" data-track-category=\"Link no Texto\" data-track-links=\"\">Desses 240 confirmados em SP, 214 est\u00e3o na capital paulista, 6 em S\u00e3o Caetano do Sul, 6 em Santo Andr\u00e9 e 3 em S\u00e3o Bernardo do Campo, segundo a Secretaria Estadual de Sa\u00fade.<\/p>\n<\/div>\n<div class=\"mc-column content-text active-extra-styles \" style=\"text-align: justify;\" data-block-type=\"unstyled\" data-block-weight=\"28\" data-block-id=\"22\">\n<p class=\"content-text__container \" data-track-category=\"Link no Texto\" data-track-links=\"\">Em todo o Brasil s\u00e3o\u00a0<a href=\"https:\/\/g1.globo.com\/bemestar\/coronavirus\/noticia\/2020\/03\/18\/casos-de-coronavirus-no-brasil-em-18-de-marco.ghtml\"><strong>512 casos confirmados<\/strong><\/a><strong>\u00a0<\/strong>da doen\u00e7a, segundo as secretarias estaduais brasileiras. O boletim do Minist\u00e9rio da Sa\u00fade desta quarta-feira aponta<a href=\"https:\/\/g1.globo.com\/bemestar\/coronavirus\/noticia\/2020\/03\/18\/casos-de-coronavirus-no-brasil-em-18-de-marco.ghtml\"><strong>\u00a0291 pacientes infectados<\/strong><\/a>.<\/p>\n<\/div>\n<div class=\"mc-column content-text active-extra-styles\" style=\"text-align: justify;\" data-block-type=\"raw\" data-block-weight=\"29\" data-block-id=\"23\">\n<ul class=\"content-unordered-list\">\n<li><a href=\"https:\/\/g1.globo.com\/sp\/sao-paulo\/noticia\/2020\/03\/16\/coronavirus-veja-como-ficam-os-servicos-em-sp-nesta-semana.ghtml\">Coronav\u00edrus: veja como ficam os servi\u00e7os em SP nesta semana<\/a><\/li>\n<li><a href=\"https:\/\/g1.globo.com\/sp\/sao-paulo\/noticia\/2020\/03\/16\/governo-de-sp-diz-que-vai-avaliar-nova-recomendacao-da-oms-para-aplicacao-em-massa-de-testes-de-coronavirus.ghtml\">Governo de SP diz que vai &#8216;avaliar&#8217; nova recomenda\u00e7\u00e3o da OMS para aplica\u00e7\u00e3o em massa de testes de coronav\u00edrus<\/a><\/li>\n<\/ul>\n<\/div>\n<div class=\"mc-column content-text active-extra-styles \" style=\"text-align: justify;\" data-block-type=\"unstyled\" data-block-weight=\"28\" data-block-id=\"24\">\n<p class=\"content-text__container \" data-track-category=\"Link no Texto\" data-track-links=\"\">Por causa das restri\u00e7\u00f5es impostas por causa do coronav\u00edrus, Bruno Covas estima que a cidade deve perder cerca de R$1,5 bilh\u00e3o em arrecada\u00e7\u00e3o de impostos em 2020.<\/p>\n<\/div>\n<div class=\"mc-column content-text active-extra-styles \" style=\"text-align: justify;\" data-block-type=\"unstyled\" data-block-weight=\"89\" data-block-id=\"25\">\n<p class=\"content-text__container \" data-track-category=\"Link no Texto\" data-track-links=\"\">&#8220;Todo mundo vai perder. N\u00f3s estamos chamando os empres\u00e1rios donos de shoppings, restaurantes, bares e cinemas para tentar diminuir os preju\u00edzos para todos. Esse R$1,5 bilh\u00e3o que n\u00f3s estamos falando diz respeito apenas \u00e0 receitas de ISS, ITBI e outros impostos que deixar\u00e3o de entrar nos cofres da cidade por conta da recess\u00e3o que n\u00f3s estamos vislumbrando neste ano. N\u00f3s j\u00e1 trabalhos com uma poss\u00edvel retra\u00e7\u00e3o de menos 1% no PIB [Produto Interno Bruto] para 2020, que vai impactar os cofres da cidade de S\u00e3o Paulo&#8221;, explicou Covas.<\/p>\n<\/div>\n<div class=\"row medium-uncollapsed content-media content-photo\" style=\"text-align: justify;\" data-block-type=\"backstage-photo\" data-block-id=\"27\">\n<div class=\"mc-column content-media__container\">\n<div class=\"progressive-img can-open-lightbox\" data-min-size=\"1008x544\" data-min-size-url=\"https:\/\/s2.glbimg.com\/O0sCoBy3uUA3JznpIvN99qYB90Y=\/0x0:1214x656\/1008x0\/smart\/filters:strip_icc()\/i.s3.glbimg.com\/v1\/AUTH_59edd422c0c84a879bd37670ae4f538a\/internal_photos\/bs\/2020\/4\/l\/Qaz6V8TLejVORP1z2ceA\/coletiva-covas.png\" data-max-size=\"1600x864\" data-max-size-url=\"https:\/\/s2.glbimg.com\/QaU_GnxGMVCHp-D_cmg8ivclOeg=\/0x0:1214x656\/1600x0\/smart\/filters:strip_icc()\/i.s3.glbimg.com\/v1\/AUTH_59edd422c0c84a879bd37670ae4f538a\/internal_photos\/bs\/2020\/4\/l\/Qaz6V8TLejVORP1z2ceA\/coletiva-covas.png\" data-media-index=\"1\"><img decoding=\"async\" class=\"progressive-draft\" title=\"O prefeito de S\u00e3o Paulo, Bruno Covas (PSDB), em coletiva de imprensa em S\u00e3o Paulo. \u2014 Foto: Reprodu\u00e7\u00e3o\/TV Globo\" src=\"data:image\/jpeg;base64,\/9j\/4AAQSkZJRgABAQAAAQABAAD\/2wBDAAMCAgMCAgMDAwMEAwMEBQgFBQQEBQoHBwYIDAoMDAsKCwsNDhIQDQ4RDgsLEBYQERMUFRUVDA8XGBYUGBIUFRT\/2wBDAQMEBAUEBQkFBQkUDQsNFBQUFBQUFBQUFBQUFBQUFBQUFBQUFBQUFBQUFBQUFBQUFBQUFBQUFBQUFBQUFBQUFBT\/wgARCAAOABkDASIAAhEBAxEB\/8QAGAABAAMBAAAAAAAAAAAAAAAABQMEBgf\/xAAVAQEBAAAAAAAAAAAAAAAAAAAEA\/\/aAAwDAQACEAMQAAAB0kYRw39FqhA3P\/\/EAB4QAAEDBAMAAAAAAAAAAAAAAAQBAwUAAgYHFBYX\/9oACAEBAAEFAhAXT2sayJYsBjYqGJ6u1Qu0Q+KzNwbIMBZEgBdbhK\/\/xAAZEQACAwEAAAAAAAAAAAAAAAACAwARITH\/2gAIAQMBAT8Ba9jhrIXcGf\/EABkRAAIDAQAAAAAAAAAAAAAAAAMRAAIhAf\/aAAgBAgEBPwEAQhs9nEttP\/\/EACIQAAIBAwQCAwAAAAAAAAAAAAIDAQAEERITIjFRkyE0Nf\/aAAgBAQAGPwIHoDXbtEiEvOK0QvdXLWM4lHznqiK3smwKQlh5mC4xX5rPcFApVpcpiOsEPXigt0295DMRGspGautkLo2PVKi3ZjGma+q73V\/\/xAAiEAACAgECBwEAAAAAAAAAAAABESExAFGREEFhcYGh0fD\/2gAIAQEAAT8hDDHKwpBzyqjc4xkxIL6K8vJcLJCGIrueCzxhIYATQBKiNsMr5iYo120y2L3IlRR65+98z\/\/aAAwDAQACAAMAAAAQyH\/\/xAAbEQACAQUAAAAAAAAAAAAAAAABEQAxQVFh0f\/aAAgBAwEBPxBkip3woBcCQ2ez\/8QAGxEBAAICAwAAAAAAAAAAAAAAAQARMUFRYfD\/2gAIAQIBAT8QUtwrXNxsrX7qf\/\/EAB0QAQEAAwEAAwEAAAAAAAAAAAERACExQVHB8PH\/2gAIAQEAAT8QDc1WwcUFZAGI5uk8BUwypWbHgDhqJBCAHfc5Dn5\/7yqmx5+KAAoXq1XIkzjINDsojseI5al8WMtKw+C5\/b5\/\/9k=\" alt=\"O prefeito de S\u00e3o Paulo, Bruno Covas (PSDB), em coletiva de imprensa em S\u00e3o Paulo. \u2014 Foto: Reprodu\u00e7\u00e3o\/TV Globo\" \/><picture><source srcset=\"https:\/\/s2.glbimg.com\/zya6hA8CHuPnUIrcttmviOOvqzE=\/0x0:1214x656\/600x0\/smart\/filters:strip_icc()\/i.s3.glbimg.com\/v1\/AUTH_59edd422c0c84a879bd37670ae4f538a\/internal_photos\/bs\/2020\/4\/l\/Qaz6V8TLejVORP1z2ceA\/coletiva-covas.png 1x, https:\/\/s2.glbimg.com\/M3CYVLeq4ueMas0uqglStW5z_gs=\/0x0:1214x656\/1200x0\/smart\/filters:strip_icc()\/i.s3.glbimg.com\/v1\/AUTH_59edd422c0c84a879bd37670ae4f538a\/internal_photos\/bs\/2020\/4\/l\/Qaz6V8TLejVORP1z2ceA\/coletiva-covas.png 2x\" media=\"(max-width: 1024px)\" data-src=\"https:\/\/s2.glbimg.com\/zya6hA8CHuPnUIrcttmviOOvqzE=\/0x0:1214x656\/600x0\/smart\/filters:strip_icc()\/i.s3.glbimg.com\/v1\/AUTH_59edd422c0c84a879bd37670ae4f538a\/internal_photos\/bs\/2020\/4\/l\/Qaz6V8TLejVORP1z2ceA\/coletiva-covas.png 1x, https:\/\/s2.glbimg.com\/M3CYVLeq4ueMas0uqglStW5z_gs=\/0x0:1214x656\/1200x0\/smart\/filters:strip_icc()\/i.s3.glbimg.com\/v1\/AUTH_59edd422c0c84a879bd37670ae4f538a\/internal_photos\/bs\/2020\/4\/l\/Qaz6V8TLejVORP1z2ceA\/coletiva-covas.png 2x\" \/><source srcset=\"https:\/\/s2.glbimg.com\/Ogi2b5wjIYWzcka1cRQF_tfImBg=\/0x0:1214x656\/640x0\/smart\/filters:strip_icc()\/i.s3.glbimg.com\/v1\/AUTH_59edd422c0c84a879bd37670ae4f538a\/internal_photos\/bs\/2020\/4\/l\/Qaz6V8TLejVORP1z2ceA\/coletiva-covas.png 1x, https:\/\/s2.glbimg.com\/MmhcptxpJCVpXzX6xnr3ofcjkLE=\/0x0:1214x656\/1280x0\/smart\/filters:strip_icc()\/i.s3.glbimg.com\/v1\/AUTH_59edd422c0c84a879bd37670ae4f538a\/internal_photos\/bs\/2020\/4\/l\/Qaz6V8TLejVORP1z2ceA\/coletiva-covas.png 2x\" media=\"(max-width: 1280px)\" data-src=\"https:\/\/s2.glbimg.com\/Ogi2b5wjIYWzcka1cRQF_tfImBg=\/0x0:1214x656\/640x0\/smart\/filters:strip_icc()\/i.s3.glbimg.com\/v1\/AUTH_59edd422c0c84a879bd37670ae4f538a\/internal_photos\/bs\/2020\/4\/l\/Qaz6V8TLejVORP1z2ceA\/coletiva-covas.png 1x, https:\/\/s2.glbimg.com\/MmhcptxpJCVpXzX6xnr3ofcjkLE=\/0x0:1214x656\/1280x0\/smart\/filters:strip_icc()\/i.s3.glbimg.com\/v1\/AUTH_59edd422c0c84a879bd37670ae4f538a\/internal_photos\/bs\/2020\/4\/l\/Qaz6V8TLejVORP1z2ceA\/coletiva-covas.png 2x\" \/><source srcset=\"https:\/\/s2.glbimg.com\/BeTySEMomjEygmi62hbPXtOwr2Q=\/0x0:1214x656\/984x0\/smart\/filters:strip_icc()\/i.s3.glbimg.com\/v1\/AUTH_59edd422c0c84a879bd37670ae4f538a\/internal_photos\/bs\/2020\/4\/l\/Qaz6V8TLejVORP1z2ceA\/coletiva-covas.png 1x, https:\/\/s2.glbimg.com\/nM5yLkPc3LKCqnfnJE2SeK4ydxw=\/0x0:1214x656\/1968x0\/smart\/filters:strip_icc()\/i.s3.glbimg.com\/v1\/AUTH_59edd422c0c84a879bd37670ae4f538a\/internal_photos\/bs\/2020\/4\/l\/Qaz6V8TLejVORP1z2ceA\/coletiva-covas.png 2x\" media=\"(max-width: 1360px)\" data-src=\"https:\/\/s2.glbimg.com\/BeTySEMomjEygmi62hbPXtOwr2Q=\/0x0:1214x656\/984x0\/smart\/filters:strip_icc()\/i.s3.glbimg.com\/v1\/AUTH_59edd422c0c84a879bd37670ae4f538a\/internal_photos\/bs\/2020\/4\/l\/Qaz6V8TLejVORP1z2ceA\/coletiva-covas.png 1x, https:\/\/s2.glbimg.com\/nM5yLkPc3LKCqnfnJE2SeK4ydxw=\/0x0:1214x656\/1968x0\/smart\/filters:strip_icc()\/i.s3.glbimg.com\/v1\/AUTH_59edd422c0c84a879bd37670ae4f538a\/internal_photos\/bs\/2020\/4\/l\/Qaz6V8TLejVORP1z2ceA\/coletiva-covas.png 2x\" \/><source srcset=\"https:\/\/s2.glbimg.com\/VttxOiI2pVtqNyfR3lorAC6vOGk=\/0x0:1214x656\/1000x0\/smart\/filters:strip_icc()\/i.s3.glbimg.com\/v1\/AUTH_59edd422c0c84a879bd37670ae4f538a\/internal_photos\/bs\/2020\/4\/l\/Qaz6V8TLejVORP1z2ceA\/coletiva-covas.png 1x, https:\/\/s2.glbimg.com\/jL9i9RXEYJfM6KAnzKh6eJ2fENQ=\/0x0:1214x656\/2000x0\/smart\/filters:strip_icc()\/i.s3.glbimg.com\/v1\/AUTH_59edd422c0c84a879bd37670ae4f538a\/internal_photos\/bs\/2020\/4\/l\/Qaz6V8TLejVORP1z2ceA\/coletiva-covas.png 2x\" media=\"(min-width: 1361px)\" data-src=\"https:\/\/s2.glbimg.com\/VttxOiI2pVtqNyfR3lorAC6vOGk=\/0x0:1214x656\/1000x0\/smart\/filters:strip_icc()\/i.s3.glbimg.com\/v1\/AUTH_59edd422c0c84a879bd37670ae4f538a\/internal_photos\/bs\/2020\/4\/l\/Qaz6V8TLejVORP1z2ceA\/coletiva-covas.png 1x, https:\/\/s2.glbimg.com\/jL9i9RXEYJfM6KAnzKh6eJ2fENQ=\/0x0:1214x656\/2000x0\/smart\/filters:strip_icc()\/i.s3.glbimg.com\/v1\/AUTH_59edd422c0c84a879bd37670ae4f538a\/internal_photos\/bs\/2020\/4\/l\/Qaz6V8TLejVORP1z2ceA\/coletiva-covas.png 2x\" \/><source srcset=\"https:\/\/s2.glbimg.com\/BeTySEMomjEygmi62hbPXtOwr2Q=\/0x0:1214x656\/984x0\/smart\/filters:strip_icc()\/i.s3.glbimg.com\/v1\/AUTH_59edd422c0c84a879bd37670ae4f538a\/internal_photos\/bs\/2020\/4\/l\/Qaz6V8TLejVORP1z2ceA\/coletiva-covas.png\" data-src=\"https:\/\/s2.glbimg.com\/BeTySEMomjEygmi62hbPXtOwr2Q=\/0x0:1214x656\/984x0\/smart\/filters:strip_icc()\/i.s3.glbimg.com\/v1\/AUTH_59edd422c0c84a879bd37670ae4f538a\/internal_photos\/bs\/2020\/4\/l\/Qaz6V8TLejVORP1z2ceA\/coletiva-covas.png\" \/><img decoding=\"async\" class=\"image content-media__image progressive-loaded\" title=\"O prefeito de S\u00e3o Paulo, Bruno Covas (PSDB), em coletiva de imprensa em S\u00e3o Paulo. \u2014 Foto: Reprodu\u00e7\u00e3o\/TV Globo\" src=\"https:\/\/s2.glbimg.com\/BeTySEMomjEygmi62hbPXtOwr2Q=\/0x0:1214x656\/984x0\/smart\/filters:strip_icc()\/i.s3.glbimg.com\/v1\/AUTH_59edd422c0c84a879bd37670ae4f538a\/internal_photos\/bs\/2020\/4\/l\/Qaz6V8TLejVORP1z2ceA\/coletiva-covas.png\" alt=\"O prefeito de S\u00e3o Paulo, Bruno Covas (PSDB), em coletiva de imprensa em S\u00e3o Paulo. \u2014 Foto: Reprodu\u00e7\u00e3o\/TV Globo\" data-src=\"https:\/\/s2.glbimg.com\/BeTySEMomjEygmi62hbPXtOwr2Q=\/0x0:1214x656\/984x0\/smart\/filters:strip_icc()\/i.s3.glbimg.com\/v1\/AUTH_59edd422c0c84a879bd37670ae4f538a\/internal_photos\/bs\/2020\/4\/l\/Qaz6V8TLejVORP1z2ceA\/coletiva-covas.png\" \/><\/picture>O prefeito de S\u00e3o Paulo, Bruno Covas (PSDB), em coletiva de imprensa em S\u00e3o Paulo. \u2014 Foto: Reprodu\u00e7\u00e3o\/TV Globo<\/div>\n<\/div>\n<\/div>\n<div class=\"mc-column content-text active-extra-styles\" style=\"text-align: justify;\" data-block-type=\"raw\" data-block-weight=\"5\" data-block-id=\"28\">\n<div class=\"content-intertitle\">\n<h2>Hor\u00e1rios alternados de funcion\u00e1rios p\u00fablicos<\/h2>\n<\/div>\n<\/div>\n<div class=\"mc-column content-text active-extra-styles \" style=\"text-align: justify;\" data-block-type=\"unstyled\" data-block-weight=\"61\" data-block-id=\"29\">\n<p class=\"content-text__container \" data-track-category=\"Link no Texto\" data-track-links=\"\">A Prefeitura tamb\u00e9m afirmou que os funcion\u00e1rios p\u00fablicos municipais que n\u00e3o est\u00e3o nos grupos de risco v\u00e3o trabalhar em dois turnos diferentes, para evitar aglomera\u00e7\u00f5es nas reparti\u00e7\u00f5es p\u00fablicas e contatos f\u00edsicos pr\u00f3ximos. Esses funcion\u00e1rios ser\u00e3o divididos no turno da manh\u00e3 e da tarde, com a primeira turma trabalhando at\u00e9 o hor\u00e1rio do almo\u00e7o e a outra na parte da tarde.<\/p>\n<\/div>\n<div class=\"mc-column content-text active-extra-styles \" style=\"text-align: justify;\" data-block-type=\"unstyled\" data-block-weight=\"65\" data-block-id=\"30\">\n<p class=\"content-text__container \" data-track-category=\"Link no Texto\" data-track-links=\"\">&#8220;A ideia \u00e9 tirar o pico de stress do transporte p\u00fablico no hor\u00e1rio de rush e evitar metr\u00f4s e \u00f4nibus superlotados. N\u00e3o h\u00e1 medida restritiva ou do poder p\u00fablico que tenha efeito sem a colabora\u00e7\u00e3o e responsabilidade de todos os cidad\u00e3os. Lavar as m\u00e3os deixou de ser um ato de higiene para ser um ato humanit\u00e1rio. Uma necessidade de sa\u00fade p\u00fablica&#8221;, explicou o prefeito.<\/p>\n<\/div>\n<div class=\"mc-column content-text active-extra-styles \" style=\"text-align: justify;\" data-block-type=\"unstyled\" data-block-weight=\"46\" data-block-id=\"31\">\n<p class=\"content-text__container \" data-track-category=\"Link no Texto\" data-track-links=\"\">Os empregados da Sa\u00fade e da Seguran\u00e7a P\u00fablica n\u00e3o ter\u00e3o os turnos reduzidos, segundo o prefeito. Mas os servidores municipais com mais de 60 anos e os que fazem quimioterapia poder\u00e3o trabalhar de casa, assim como gestantes, lactantes e empregados com algum tipo de imunodefici\u00eancia.<\/p>\n<\/div>\n<div class=\"mc-column content-text active-extra-styles \" style=\"text-align: justify;\" data-block-type=\"unstyled\" data-block-weight=\"30\" data-block-id=\"32\">\n<p class=\"content-text__container \" data-track-category=\"Link no Texto\" data-track-links=\"\">&#8220;A Prodam [Empresa de processamento de dados da cidade] j\u00e1 est\u00e1 orientada a criar links para manter os empregados conectados \u00e0 prefeitura de casa&#8221;, declarou o prefeito da cidade.<\/p>\n<\/div>\n<div class=\"mc-column content-text active-extra-styles \" style=\"text-align: justify;\" data-block-type=\"unstyled\" data-block-weight=\"28\" data-block-id=\"34\">\n<p class=\"content-text__container \" data-track-category=\"Link no Texto\" data-track-links=\"\">A Secretaria Municipal de Inova\u00e7\u00e3o e Tecnologia deve liberar 30 mil acessos remotos para que os funcion\u00e1rios possam trabalhar na modalidade home office at\u00e9 o final da crise.<\/p>\n<\/div>\n<div class=\"mc-column content-text active-extra-styles \" data-block-type=\"unstyled\" data-block-weight=\"54\" data-block-id=\"35\">\n<p class=\"content-text__container \" style=\"text-align: justify;\" data-track-category=\"Link no Texto\" data-track-links=\"\">O prefeito tamb\u00e9m afirmou que o atendimento ao p\u00fablico nos balc\u00f5es de servi\u00e7o como Descomplica SP, servi\u00e7os de emiss\u00e3o de documentos ou renegocia\u00e7\u00e3o de d\u00edvidas, al\u00e9m de pra\u00e7as de atendimento das subprefeituras, s\u00f3 ser\u00e3o feitos por meio de agendamento online ou pelo telefone 156, para tentar controlar o fluxo de mun\u00edcipes nessas reparti\u00e7\u00f5es.<\/p>\n<p style=\"text-align: justify;\" data-track-category=\"Link no Texto\" data-track-links=\"\">Fonte: https:\/\/g1.globo.com\/sp\/sao-paulo\/noticia\/2020\/03\/18\/coronavirus-bruno-covas-determina-fechamento-do-comercio-em-sp-ate-5-de-abril.ghtml<\/p>\n<\/div>\n<\/div>\n<\/div>\n","protected":false},"excerpt":{"rendered":"<p>De acordo com o prefeito Bruno Covas, apenas padarias, farm\u00e1cias, restaurantes, supermercados, postos de gasolina, lojas de conveni\u00eancia e de produtos para animais, al\u00e9m de feiras livres, ter\u00e3o autoriza\u00e7\u00e3o de funcionamento at\u00e9 5 de abril. O prefeito de S\u00e3o Paulo, Bruno Covas, declarou nesta quarta-feira (18) que assinou um decreto determinando o fechamento do com\u00e9rcio [&hellip;]<\/p>\n","protected":false},"author":1,"featured_media":21568,"comment_status":"closed","ping_status":"open","sticky":false,"template":"","format":"standard","meta":{"footnotes":""},"categories":[110,122],"tags":[],"class_list":["post-21567","post","type-post","status-publish","format-standard","has-post-thumbnail","hentry","category-noticiasdestaque","category-saudeeducacaoeconcurso"],"_links":{"self":[{"href":"https:\/\/jorgezanoni.com.br\/2019\/wp-json\/wp\/v2\/posts\/21567","targetHints":{"allow":["GET"]}}],"collection":[{"href":"https:\/\/jorgezanoni.com.br\/2019\/wp-json\/wp\/v2\/posts"}],"about":[{"href":"https:\/\/jorgezanoni.com.br\/2019\/wp-json\/wp\/v2\/types\/post"}],"author":[{"embeddable":true,"href":"https:\/\/jorgezanoni.com.br\/2019\/wp-json\/wp\/v2\/users\/1"}],"replies":[{"embeddable":true,"href":"https:\/\/jorgezanoni.com.br\/2019\/wp-json\/wp\/v2\/comments?post=21567"}],"version-history":[{"count":0,"href":"https:\/\/jorgezanoni.com.br\/2019\/wp-json\/wp\/v2\/posts\/21567\/revisions"}],"wp:featuredmedia":[{"embeddable":true,"href":"https:\/\/jorgezanoni.com.br\/2019\/wp-json\/wp\/v2\/media\/21568"}],"wp:attachment":[{"href":"https:\/\/jorgezanoni.com.br\/2019\/wp-json\/wp\/v2\/media?parent=21567"}],"wp:term":[{"taxonomy":"category","embeddable":true,"href":"https:\/\/jorgezanoni.com.br\/2019\/wp-json\/wp\/v2\/categories?post=21567"},{"taxonomy":"post_tag","embeddable":true,"href":"https:\/\/jorgezanoni.com.br\/2019\/wp-json\/wp\/v2\/tags?post=21567"}],"curies":[{"name":"wp","href":"https:\/\/api.w.org\/{rel}","templated":true}]}}