{"id":21564,"date":"2020-03-18T23:16:34","date_gmt":"2020-03-18T23:16:34","guid":{"rendered":"https:\/\/jorgezanoni.com.br\/2019\/?p=21564"},"modified":"2020-03-18T23:16:34","modified_gmt":"2020-03-18T23:16:34","slug":"coronavirus-prefeitura-de-maringa-decreta-situacao-de-emergencia-e-determina-fechamento-de-comercio","status":"publish","type":"post","link":"https:\/\/jorgezanoni.com.br\/2019\/coronavirus-prefeitura-de-maringa-decreta-situacao-de-emergencia-e-determina-fechamento-de-comercio\/","title":{"rendered":"Coronav\u00edrus: Prefeitura de Maring\u00e1 decreta situa\u00e7\u00e3o de emerg\u00eancia e determina fechamento de com\u00e9rcio"},"content":{"rendered":"<h2 class=\"content-head__subtitle\" style=\"text-align: justify;\"><strong>Decis\u00e3o \u00e9 v\u00e1lida a partir de sexta-feira (20); somente mercados, farm\u00e1cias e outros servi\u00e7os essenciais poder\u00e3o ficar abertos.<\/strong><\/h2>\n<div class=\"mc-column content-text active-extra-styles \" data-block-type=\"unstyled\" data-block-weight=\"21\" data-block-id=\"2\">\n<p class=\"content-text__container \" style=\"text-align: justify;\" data-track-category=\"Link no Texto\" data-track-links=\"\">O prefeito Ulisses Maia (PDT) decretou situa\u00e7\u00e3o de emerg\u00eancia em sa\u00fade em Maring\u00e1, no norte do Paran\u00e1, nesta quarta-feira (18).<\/p>\n<\/div>\n<div class=\"wall protected-content\">\n<div class=\"mc-column content-text active-extra-styles \" style=\"text-align: justify;\" data-block-type=\"unstyled\" data-block-weight=\"35\" data-block-id=\"3\">\n<p class=\"content-text__container \" data-track-category=\"Link no Texto\" data-track-links=\"\">O munic\u00edpio confirmou o primeiro caso positivo de coronav\u00edrus na tarde desta quarta-feira. De acordo com a prefeitura, uma mulher de 46 anos, que reside na Espanha, \u00e9 a primeira v\u00edtima da doen\u00e7a na cidade.<\/p>\n<\/div>\n<div class=\"mc-column content-text active-extra-styles \" style=\"text-align: justify;\" data-block-type=\"unstyled\" data-block-weight=\"26\" data-block-id=\"4\">\n<p class=\"content-text__container \" data-track-category=\"Link no Texto\" data-track-links=\"\">A prefeitura informou que a paciente, que tem artrite reumatoide, chegou a Maring\u00e1 no dia 11 de mar\u00e7o e no dia seguinte procurou atendimento m\u00e9dico.<\/p>\n<\/div>\n<div class=\"mc-column content-text active-extra-styles \" style=\"text-align: justify;\" data-block-type=\"unstyled\" data-block-weight=\"28\" data-block-id=\"5\">\n<p class=\"content-text__container \" data-track-category=\"Link no Texto\" data-track-links=\"\">Essa mulher estava isolada em casa, seguindo os protocolos, mas na ter\u00e7a-feira (17) os sintomas se agravaram e ela foi internada em uma ala isolada de um hospital.<\/p>\n<\/div>\n<div class=\"mc-column content-text active-extra-styles\" style=\"text-align: justify;\" data-block-type=\"raw\" data-block-weight=\"1\" data-block-id=\"6\">\n<div class=\"content-intertitle\">\n<h2>DECRETO<\/h2>\n<\/div>\n<\/div>\n<div class=\"mc-column content-text active-extra-styles \" style=\"text-align: justify;\" data-block-type=\"unstyled\" data-block-weight=\"33\" data-block-id=\"7\">\n<p class=\"content-text__container \" data-track-category=\"Link no Texto\" data-track-links=\"\">De acordo com o prefeito, a medida foi tomada para restringir a circula\u00e7\u00e3o de pessoas na cidade e, por consequ\u00eancia, reduzir os riscos de cont\u00e1gio por Covid-19, doen\u00e7a provocada pelo novo coronav\u00edrus.<\/p>\n<\/div>\n<div class=\"mc-column content-text active-extra-styles \" style=\"text-align: justify;\" data-block-type=\"unstyled\" data-block-weight=\"31\" data-block-id=\"8\">\n<p class=\"content-text__container \" data-track-category=\"Link no Texto\" data-track-links=\"\">&#8220;\u00c9 melhor passar por essa dificuldade, achatar a curva da transmiss\u00e3o, do que daqui 30 ou 45 dias as nossas unidades de sa\u00fade estarem lotadas e sem capacidade de atendimento&#8221;, disse.<\/p>\n<\/div>\n<div class=\"mc-column content-text active-extra-styles \" style=\"text-align: justify;\" data-block-type=\"unstyled\" data-block-weight=\"7\" data-block-id=\"9\">\n<p class=\"content-text__container \" data-track-category=\"Link no Texto\" data-track-links=\"\">O decreto \u00e9 v\u00e1lido por 30 dias.<\/p>\n<\/div>\n<div class=\"mc-column content-text active-extra-styles\" style=\"text-align: justify;\" data-block-type=\"raw\" data-block-weight=\"15\" data-block-id=\"10\">\n<ul class=\"content-unordered-list\">\n<li><a href=\"https:\/\/g1.globo.com\/pr\/parana\/noticia\/2020\/03\/17\/casos-do-novo-coronavirus-sobem-para-12-no-parana-diz-secretaria.ghtml\">Casos do novo coronav\u00edrus sobem para 12 no Paran\u00e1, diz secretaria<\/a><\/li>\n<li><a href=\"https:\/\/g1.globo.com\/bemestar\/coronavirus\/noticia\/2020\/02\/27\/coronavirus-veja-perguntas-e-respostas.ghtml\">Veja perguntas e respostas<\/a><\/li>\n<\/ul>\n<\/div>\n<div class=\"mc-column content-text active-extra-styles\" style=\"text-align: justify;\" data-block-type=\"raw\" data-block-weight=\"2\" data-block-id=\"11\">\n<div class=\"content-intertitle\">\n<h2>COM\u00c9RCIO FECHADO<\/h2>\n<\/div>\n<\/div>\n<div class=\"mc-column content-text active-extra-styles \" style=\"text-align: justify;\" data-block-type=\"unstyled\" data-block-weight=\"22\" data-block-id=\"12\">\n<p class=\"content-text__container \" data-track-category=\"Link no Texto\" data-track-links=\"\">Pelo decreto, todos os com\u00e9rcios, bares, restaurantes, shoppings e estabelecimentos que oferecem produtos n\u00e3o essenciais dever\u00e3o fechar a partir de sexta-feira (20).<\/p>\n<\/div>\n<div class=\"content-ads content-ads--reveal\" style=\"text-align: justify;\" data-block-type=\"ads\" data-block-id=\"13\"><\/div>\n<div class=\"mc-column content-text active-extra-styles \" style=\"text-align: justify;\" data-block-type=\"unstyled\" data-block-weight=\"27\" data-block-id=\"14\">\n<p class=\"content-text__container \" data-track-category=\"Link no Texto\" data-track-links=\"\">Supermercados, mercados, postos de combust\u00edveis, locais que entregam \u00e1gua e g\u00e1s, farm\u00e1cias, cl\u00ednicas m\u00e9dicas, hospitais e postos de sa\u00fade ser\u00e3o os \u00fanicos estabelecimentos autorizados a funcionar.<\/p>\n<\/div>\n<div class=\"mc-column content-text active-extra-styles \" style=\"text-align: justify;\" data-block-type=\"unstyled\" data-block-weight=\"25\" data-block-id=\"15\">\n<p class=\"content-text__container \" data-track-category=\"Link no Texto\" data-track-links=\"\">Os mercados ser\u00e3o autorizados a trabalhar das 8h \u00e0s 18h, de segunda a sexta-feira, e passar\u00e3o a controlar a quantidade de itens comprados por pessoa.<\/p>\n<\/div>\n<div class=\"mc-column content-text active-extra-styles \" style=\"text-align: justify;\" data-block-type=\"unstyled\" data-block-weight=\"15\" data-block-id=\"16\">\n<p class=\"content-text__container \" data-track-category=\"Link no Texto\" data-track-links=\"\">Todas as escolas, p\u00fablicas ou privadas, tamb\u00e9m dever\u00e3o ficar fechadas a partir desta data.<\/p>\n<\/div>\n<div class=\"mc-column content-text active-extra-styles \" style=\"text-align: justify;\" data-block-type=\"unstyled\" data-block-weight=\"34\" data-block-id=\"17\">\n<p class=\"content-text__container \" data-track-category=\"Link no Texto\" data-track-links=\"\">&#8220;N\u00e3o adianta suspender as aulas e ter 200 pessoas no mercado. A popula\u00e7\u00e3o precisa colaborar, n\u00e3o h\u00e1 necessidade de estocar produtos em casa, as ind\u00fastrias de alimentos n\u00e3o pararam&#8221;, refor\u00e7ou o prefeito Ulisses Maia.<\/p>\n<\/div>\n<div class=\"mc-column content-text active-extra-styles \" style=\"text-align: justify;\" data-block-type=\"unstyled\" data-block-weight=\"25\" data-block-id=\"18\">\n<p class=\"content-text__container \" data-track-category=\"Link no Texto\" data-track-links=\"\">O transporte coletivo n\u00e3o ser\u00e1 paralisado, mas com a redu\u00e7\u00e3o de pessoas circulando pela cidade, a prefeitura acredita que o n\u00famero de usu\u00e1rios diminuir\u00e1 drasticamente.<\/p>\n<\/div>\n<div class=\"mc-column content-text active-extra-styles \" style=\"text-align: justify;\" data-block-type=\"unstyled\" data-block-weight=\"41\" data-block-id=\"19\">\n<p class=\"content-text__container \" data-track-category=\"Link no Texto\" data-track-links=\"\">O prefeito Ulisses Maia convidou os prefeitos de Sarandi, Floresta, Mandagua\u00e7u, Marialva e Pai\u00e7andu, munic\u00edpios vizinhos, para uma reuni\u00e3o durante a tarde desta quarta-feira. A inten\u00e7\u00e3o \u00e9 que os chefes dos executivos municipais adotem as mesmas medidas de Maring\u00e1.<\/p>\n<\/div>\n<div class=\"mc-column content-text active-extra-styles \" style=\"text-align: justify;\" data-block-type=\"unstyled\" data-block-weight=\"30\" data-block-id=\"20\">\n<p class=\"content-text__container \" data-track-category=\"Link no Texto\" data-track-links=\"\">Tamb\u00e9m a partir de sexta-feira, funcion\u00e1rios da sa\u00fade trabalhar\u00e3o na rodovi\u00e1ria e aeroporto cadastrando e vistoriando passageiros. A determina\u00e7\u00e3o \u00e9 que todos os passageiros passem por um controle dessas equipes.<\/p>\n<\/div>\n<div class=\"mc-column content-text active-extra-styles \" style=\"text-align: justify;\" data-block-type=\"unstyled\" data-block-weight=\"31\" data-block-id=\"21\">\n<p class=\"content-text__container \" data-track-category=\"Link no Texto\" data-track-links=\"\">As for\u00e7as de seguran\u00e7a do munic\u00edpio v\u00e3o atuar na fiscaliza\u00e7\u00e3o do decreto. Em caso de descumprimento, os agentes poder\u00e3o aplicar multas que podem variar de R$ 300 a R$ 5 mil.<\/p>\n<\/div>\n<div class=\"mc-column content-text active-extra-styles \" style=\"text-align: justify;\" data-block-type=\"unstyled\" data-block-weight=\"15\" data-block-id=\"22\">\n<p class=\"content-text__container \" data-track-category=\"Link no Texto\" data-track-links=\"\">Est\u00e3o inclu\u00eddas no prazo de suspens\u00e3o as atividades p\u00fablicas n\u00e3o essenciais, como obras e reformas.<\/p>\n<\/div>\n<div class=\"mc-column content-text active-extra-styles\" style=\"text-align: justify;\" data-block-type=\"raw\" data-block-weight=\"1\" data-block-id=\"23\">\n<div class=\"content-intertitle\">\n<h2>SA\u00daDE<\/h2>\n<\/div>\n<\/div>\n<div class=\"mc-column content-text active-extra-styles \" style=\"text-align: justify;\" data-block-type=\"unstyled\" data-block-weight=\"28\" data-block-id=\"24\">\n<p class=\"content-text__container \" data-track-category=\"Link no Texto\" data-track-links=\"\">Al\u00e9m das medidas que v\u00e3o impactar o com\u00e9rcio, a prefeitura tamb\u00e9m determinou a cria\u00e7\u00e3o de cinco pronto atendimentos municipais e contrata\u00e7\u00e3o tempor\u00e1ria de 200 servidores da sa\u00fade.<\/p>\n<\/div>\n<div class=\"mc-column content-text active-extra-styles \" style=\"text-align: justify;\" data-block-type=\"unstyled\" data-block-weight=\"35\" data-block-id=\"25\">\n<p class=\"content-text__container \" data-track-category=\"Link no Texto\" data-track-links=\"\">As Unidades B\u00e1sicas de Sa\u00fade da Zona Sul, Quebec, Pinheiros, Mandacaru e Igua\u00e7u passar\u00e3o a atender 24 horas por dia. Esses cinco postos atender\u00e3o pessoas com dengue ou outras doen\u00e7as que n\u00e3o sejam a Covid-19.<\/p>\n<\/div>\n<div class=\"content-ads content-ads--reveal\" style=\"text-align: justify;\" data-block-type=\"ads\" data-block-id=\"26\"><\/div>\n<div class=\"mc-column content-text active-extra-styles \" style=\"text-align: justify;\" data-block-type=\"unstyled\" data-block-weight=\"24\" data-block-id=\"27\">\n<p class=\"content-text__container \" data-track-category=\"Link no Texto\" data-track-links=\"\">A Unidade de Pronto Atendimento da Zona Norte passar\u00e1 a ser uma unidade exclusiva para atendimentos de Doen\u00e7as Respirat\u00f3rias Agudas Grave, relacionadas ao corona.<\/p>\n<\/div>\n<div class=\"mc-column content-text active-extra-styles \" style=\"text-align: justify;\" data-block-type=\"unstyled\" data-block-weight=\"33\" data-block-id=\"28\">\n<p class=\"content-text__container \" data-track-category=\"Link no Texto\" data-track-links=\"\">A Unidade de Pronto Atendimento da Zona Sul e o Hospital Municipal v\u00e3o receber pacientes que poder\u00e3o ser internados. Por esse motivo, a UPA da Zona Sul n\u00e3o atender\u00e1 de portas abertas.<\/p>\n<\/div>\n<div class=\"mc-column content-text active-extra-styles \" style=\"text-align: justify;\" data-block-type=\"unstyled\" data-block-weight=\"21\" data-block-id=\"29\">\n<p class=\"content-text__container \" data-track-category=\"Link no Texto\" data-track-links=\"\">Se a situa\u00e7\u00e3o complicar, o Gin\u00e1sio Chico Neto e demais unidades esportivas do munic\u00edpio ser\u00e3o utilizados para atender v\u00edtimas do coronav\u00edrus.<\/p>\n<\/div>\n<div class=\"mc-column content-text active-extra-styles \" style=\"text-align: justify;\" data-block-type=\"unstyled\" data-block-weight=\"15\" data-block-id=\"30\">\n<p class=\"content-text__container \" data-track-category=\"Link no Texto\" data-track-links=\"\">As receitas m\u00e9dicas da rede municipal de sa\u00fade passam a ter validade por 120 dias.<\/p>\n<\/div>\n<div class=\"mc-column content-text active-extra-styles\" style=\"text-align: justify;\" data-block-type=\"raw\" data-block-weight=\"3\" data-block-id=\"31\">\n<div class=\"content-intertitle\">\n<h2>IMPOSTOS E AJUDA<\/h2>\n<\/div>\n<\/div>\n<div class=\"mc-column content-text active-extra-styles \" style=\"text-align: justify;\" data-block-type=\"unstyled\" data-block-weight=\"20\" data-block-id=\"32\">\n<p class=\"content-text__container \" data-track-category=\"Link no Texto\" data-track-links=\"\">O munic\u00edpio suspendeu por 90 dias os tributos municipais do Simples. Tamb\u00e9m foi suspensa a fiscaliza\u00e7\u00e3o econ\u00f4mica pelo mesmo per\u00edodo.<\/p>\n<\/div>\n<div class=\"mc-column content-text active-extra-styles \" style=\"text-align: justify;\" data-block-type=\"unstyled\" data-block-weight=\"12\" data-block-id=\"33\">\n<p class=\"content-text__container \" data-track-category=\"Link no Texto\" data-track-links=\"\">Um fundo de emerg\u00eancia municipal ser\u00e1 criado para n\u00e3o faltar recursos.<\/p>\n<\/div>\n<div class=\"mc-column content-text active-extra-styles \" style=\"text-align: justify;\" data-block-type=\"unstyled\" data-block-weight=\"22\" data-block-id=\"34\">\n<p class=\"content-text__container \" data-track-category=\"Link no Texto\" data-track-links=\"\">Para as fam\u00edlias que, eventualmente, ficarem sem renda para comprar alimentos neste per\u00edodo, a prefeitura vai disponibilizar cart\u00f5es de cesta b\u00e1sica.<\/p>\n<\/div>\n<div class=\"mc-column content-text active-extra-styles \" style=\"text-align: justify;\" data-block-type=\"unstyled\" data-block-weight=\"16\" data-block-id=\"35\">\n<p class=\"content-text__container \" data-track-category=\"Link no Texto\" data-track-links=\"\">Essas pessoas precisar\u00e3o comprovar que est\u00e3o sem condi\u00e7\u00f5es de se sustentar, ainda conforme o decreto.<\/p>\n<\/div>\n<div class=\"mc-column content-text active-extra-styles \" data-block-type=\"unstyled\" data-block-weight=\"26\" data-block-id=\"36\">\n<p class=\"content-text__container \" style=\"text-align: justify;\" data-track-category=\"Link no Texto\" data-track-links=\"\">Mais detalhes do funcionamento do decreto devem ser divulgados nas pr\u00f3ximas horas pelo munic\u00edpio, e este texto ser\u00e1 atualizado assim que a prefeitura enviar novas informa\u00e7\u00f5es.<\/p>\n<p style=\"text-align: justify;\" data-track-category=\"Link no Texto\" data-track-links=\"\">Fonte: G1<\/p>\n<\/div>\n<\/div>\n","protected":false},"excerpt":{"rendered":"<p>Decis\u00e3o \u00e9 v\u00e1lida a partir de sexta-feira (20); somente mercados, farm\u00e1cias e outros servi\u00e7os essenciais poder\u00e3o ficar abertos. O prefeito Ulisses Maia (PDT) decretou situa\u00e7\u00e3o de emerg\u00eancia em sa\u00fade em Maring\u00e1, no norte do Paran\u00e1, nesta quarta-feira (18). O munic\u00edpio confirmou o primeiro caso positivo de coronav\u00edrus na tarde desta quarta-feira. De acordo com a [&hellip;]<\/p>\n","protected":false},"author":1,"featured_media":21565,"comment_status":"closed","ping_status":"open","sticky":false,"template":"","format":"standard","meta":{"footnotes":""},"categories":[114,110],"tags":[],"class_list":["post-21564","post","type-post","status-publish","format-standard","has-post-thumbnail","hentry","category-geralecomercio","category-noticiasdestaque"],"_links":{"self":[{"href":"https:\/\/jorgezanoni.com.br\/2019\/wp-json\/wp\/v2\/posts\/21564","targetHints":{"allow":["GET"]}}],"collection":[{"href":"https:\/\/jorgezanoni.com.br\/2019\/wp-json\/wp\/v2\/posts"}],"about":[{"href":"https:\/\/jorgezanoni.com.br\/2019\/wp-json\/wp\/v2\/types\/post"}],"author":[{"embeddable":true,"href":"https:\/\/jorgezanoni.com.br\/2019\/wp-json\/wp\/v2\/users\/1"}],"replies":[{"embeddable":true,"href":"https:\/\/jorgezanoni.com.br\/2019\/wp-json\/wp\/v2\/comments?post=21564"}],"version-history":[{"count":0,"href":"https:\/\/jorgezanoni.com.br\/2019\/wp-json\/wp\/v2\/posts\/21564\/revisions"}],"wp:featuredmedia":[{"embeddable":true,"href":"https:\/\/jorgezanoni.com.br\/2019\/wp-json\/wp\/v2\/media\/21565"}],"wp:attachment":[{"href":"https:\/\/jorgezanoni.com.br\/2019\/wp-json\/wp\/v2\/media?parent=21564"}],"wp:term":[{"taxonomy":"category","embeddable":true,"href":"https:\/\/jorgezanoni.com.br\/2019\/wp-json\/wp\/v2\/categories?post=21564"},{"taxonomy":"post_tag","embeddable":true,"href":"https:\/\/jorgezanoni.com.br\/2019\/wp-json\/wp\/v2\/tags?post=21564"}],"curies":[{"name":"wp","href":"https:\/\/api.w.org\/{rel}","templated":true}]}}