{"id":21555,"date":"2020-03-18T21:48:44","date_gmt":"2020-03-18T21:48:44","guid":{"rendered":"https:\/\/jorgezanoni.com.br\/2019\/?p=21555"},"modified":"2020-03-18T21:48:44","modified_gmt":"2020-03-18T21:48:44","slug":"com-novas-notificacoes-presidente-prudente-chega-a-56-casos-suspeitos-do-novo-coronavirus","status":"publish","type":"post","link":"https:\/\/jorgezanoni.com.br\/2019\/com-novas-notificacoes-presidente-prudente-chega-a-56-casos-suspeitos-do-novo-coronavirus\/","title":{"rendered":"Com novas notifica\u00e7\u00f5es, Presidente Prudente chega a 56 casos suspeitos do novo coronav\u00edrus"},"content":{"rendered":"<h2 class=\"content-head__subtitle\" style=\"text-align: justify;\"><strong>Segundo a Vigil\u00e2ncia Epidemiol\u00f3gica Municipal (VEM), apenas um paciente est\u00e1 internado com quadro cl\u00ednico est\u00e1vel. Cidade ainda n\u00e3o possui nenhum registro positivo da doen\u00e7a.<\/strong><\/h2>\n<div class=\"mc-column content-text active-extra-styles \" data-block-type=\"unstyled\" data-block-weight=\"50\" data-block-id=\"2\">\n<p class=\"content-text__container \" style=\"text-align: justify;\" data-track-category=\"Link no Texto\" data-track-links=\"\">A Vigil\u00e2ncia Epidemiol\u00f3gica Municipal (VEM) atualizou na tarde desta quarta-feira (18) a situa\u00e7\u00e3o do novo coronav\u00edrus, o Covid-19, em\u00a0<a href=\"https:\/\/g1.globo.com\/sp\/presidente-prudente-regiao\/cidade\/presidente-prudente\/\">Presidente Prudente<\/a>. At\u00e9 as 17h, a cidade possu\u00eda 56 casos suspeitos da doen\u00e7a. Esses casos aguardam resultados de exames processados no Laborat\u00f3rio Central do Instituto Adolfo Lutz, em S\u00e3o Paulo (SP).<\/p>\n<\/div>\n<div class=\"wall protected-content\">\n<div class=\"mc-column content-text active-extra-styles \" style=\"text-align: justify;\" data-block-type=\"unstyled\" data-block-weight=\"27\" data-block-id=\"3\">\n<p class=\"content-text__container \" data-track-category=\"Link no Texto\" data-track-links=\"\">Desse total, a VEM informou que apenas um paciente segue internado, por\u00e9m com quadro cl\u00ednico est\u00e1vel. Com exce\u00e7\u00e3o deste paciente, os demais seguem em isolamento social domiciliar.<\/p>\n<\/div>\n<div class=\"mc-column content-text active-extra-styles \" style=\"text-align: justify;\" data-block-type=\"unstyled\" data-block-weight=\"39\" data-block-id=\"4\">\n<p class=\"content-text__container \" data-track-category=\"Link no Texto\" data-track-links=\"\">\u201cDiante de casos suspeitos s\u00e3o adotadas medidas preventivas para transmiss\u00e3o por got\u00edculas, etiqueta respirat\u00f3ria, isolamento, coleta de amostras para exames, tudo seguindo o protocolo do Minist\u00e9rio da Sa\u00fade conforme preconizado pela OMS [Organiza\u00e7\u00e3o Mundial de Sa\u00fade]\u201d, reafirmou a VEM.<\/p>\n<\/div>\n<div class=\"mc-column content-text active-extra-styles \" style=\"text-align: justify;\" data-block-type=\"unstyled\" data-block-weight=\"13\" data-block-id=\"5\">\n<p class=\"content-text__container \" data-track-category=\"Link no Texto\" data-track-links=\"\">Al\u00e9m desses n\u00fameros, Presidente Prudente contabiliza seis casos negativos de coronav\u00edrus j\u00e1 descartados.<\/p>\n<\/div>\n<div class=\"mc-column content-text active-extra-styles \" style=\"text-align: justify;\" data-block-type=\"unstyled\" data-block-weight=\"49\" data-block-id=\"6\">\n<p class=\"content-text__container \" data-track-category=\"Link no Texto\" data-track-links=\"\">O \u00f3rg\u00e3o municipal orienta que os mun\u00edcipes optem pelo isolamento social volunt\u00e1rio, principalmente os idosos que integram o grupo de risco. Segundo o \u00f3rg\u00e3o, muitos t\u00eam se reunido na Pra\u00e7a Nove de Julho e j\u00e1 foram orientados a n\u00e3o frequentarem o espa\u00e7o e promoverem aglomera\u00e7\u00f5es para pr\u00e1tica de jogos.<\/p>\n<\/div>\n<div class=\"mc-column content-text active-extra-styles \" style=\"text-align: justify;\" data-block-type=\"unstyled\" data-block-weight=\"28\" data-block-id=\"7\">\n<p class=\"content-text__container \" data-track-category=\"Link no Texto\" data-track-links=\"\">Caso os idosos continuem frequentando a Pra\u00e7a Nove de Julho e descumpram a recomenda\u00e7\u00e3o, a Prefeitura informou que isolar\u00e1 o espa\u00e7o para evitar aglomera\u00e7\u00e3o de pessoas no local.<\/p>\n<\/div>\n<div class=\"content-ads content-ads--reveal\" style=\"text-align: justify;\" data-block-type=\"ads\" data-block-id=\"8\"><\/div>\n<div class=\"mc-column content-text active-extra-styles \" style=\"text-align: justify;\" data-block-type=\"unstyled\" data-block-weight=\"36\" data-block-id=\"9\">\n<p class=\"content-text__container \" data-track-category=\"Link no Texto\" data-track-links=\"\">A VEM refor\u00e7a que, embora n\u00e3o haja nenhum caso confirmado do novo coronav\u00edrus em Presidente Prudente, o momento \u00e9 de preven\u00e7\u00e3o, ou seja, de adotar o protocolo recomendado pelo Minist\u00e9rio da Sa\u00fade e preconizado pela OMS.<\/p>\n<\/div>\n<div class=\"mc-column content-text active-extra-styles \" data-block-type=\"unstyled\" data-block-weight=\"16\" data-block-id=\"10\">\n<p class=\"content-text__container \" style=\"text-align: justify;\" data-track-category=\"Link no Texto\" data-track-links=\"\">A Vigil\u00e2ncia Epidemiol\u00f3gica informa que mais informa\u00e7\u00f5es podem ser obtidas no\u00a0<a href=\"https:\/\/coronavirus.saude.gov.br\/\" target=\"_blank\" rel=\"noopener noreferrer\">site<\/a>\u00a0do Minist\u00e9rio da Sa\u00fade.<\/p>\n<p style=\"text-align: justify;\" data-track-category=\"Link no Texto\" data-track-links=\"\">Fonte: G1<\/p>\n<\/div>\n<\/div>\n","protected":false},"excerpt":{"rendered":"<p>Segundo a Vigil\u00e2ncia Epidemiol\u00f3gica Municipal (VEM), apenas um paciente est\u00e1 internado com quadro cl\u00ednico est\u00e1vel. Cidade ainda n\u00e3o possui nenhum registro positivo da doen\u00e7a. A Vigil\u00e2ncia Epidemiol\u00f3gica Municipal (VEM) atualizou na tarde desta quarta-feira (18) a situa\u00e7\u00e3o do novo coronav\u00edrus, o Covid-19, em\u00a0Presidente Prudente. At\u00e9 as 17h, a cidade possu\u00eda 56 casos suspeitos da doen\u00e7a. [&hellip;]<\/p>\n","protected":false},"author":1,"featured_media":21556,"comment_status":"closed","ping_status":"open","sticky":false,"template":"","format":"standard","meta":{"footnotes":""},"categories":[110,122],"tags":[],"class_list":["post-21555","post","type-post","status-publish","format-standard","has-post-thumbnail","hentry","category-noticiasdestaque","category-saudeeducacaoeconcurso"],"_links":{"self":[{"href":"https:\/\/jorgezanoni.com.br\/2019\/wp-json\/wp\/v2\/posts\/21555","targetHints":{"allow":["GET"]}}],"collection":[{"href":"https:\/\/jorgezanoni.com.br\/2019\/wp-json\/wp\/v2\/posts"}],"about":[{"href":"https:\/\/jorgezanoni.com.br\/2019\/wp-json\/wp\/v2\/types\/post"}],"author":[{"embeddable":true,"href":"https:\/\/jorgezanoni.com.br\/2019\/wp-json\/wp\/v2\/users\/1"}],"replies":[{"embeddable":true,"href":"https:\/\/jorgezanoni.com.br\/2019\/wp-json\/wp\/v2\/comments?post=21555"}],"version-history":[{"count":0,"href":"https:\/\/jorgezanoni.com.br\/2019\/wp-json\/wp\/v2\/posts\/21555\/revisions"}],"wp:featuredmedia":[{"embeddable":true,"href":"https:\/\/jorgezanoni.com.br\/2019\/wp-json\/wp\/v2\/media\/21556"}],"wp:attachment":[{"href":"https:\/\/jorgezanoni.com.br\/2019\/wp-json\/wp\/v2\/media?parent=21555"}],"wp:term":[{"taxonomy":"category","embeddable":true,"href":"https:\/\/jorgezanoni.com.br\/2019\/wp-json\/wp\/v2\/categories?post=21555"},{"taxonomy":"post_tag","embeddable":true,"href":"https:\/\/jorgezanoni.com.br\/2019\/wp-json\/wp\/v2\/tags?post=21555"}],"curies":[{"name":"wp","href":"https:\/\/api.w.org\/{rel}","templated":true}]}}