{"id":21552,"date":"2020-03-18T21:37:59","date_gmt":"2020-03-18T21:37:59","guid":{"rendered":"https:\/\/jorgezanoni.com.br\/2019\/?p=21552"},"modified":"2020-03-18T21:37:59","modified_gmt":"2020-03-18T21:37:59","slug":"cuidado-com-as-noticias-falsas","status":"publish","type":"post","link":"https:\/\/jorgezanoni.com.br\/2019\/cuidado-com-as-noticias-falsas\/","title":{"rendered":"Cuidado com as not\u00edcias Falsas!"},"content":{"rendered":"<div class=\"dati1w0a f10w8fjw hv4rvrfc discj3wi\">\n<div>\n<div class=\"a8nywdso j7796vcc rz4wbd8a l29c1vbm\" style=\"text-align: justify;\"><span class=\"oi732d6d ik7dh3pa d2edcug0 qv66sw1b c1et5uql a8c37x1j s89635nw ew0dbk1b jq4qci2q a3bd9o3v knj5qynh oo9gr5id\">Algumas pessoas t\u00eam compartilhado em suas redes sociais que Dracena est\u00e1 com dois casos confirmados de coronav\u00edrus, com pacientes internados na UTI, e cinco casos suspeitos. ESTA INFORMA\u00c7\u00c3O \u00c9 FALSA!<\/p>\n<p>Em Dracena, at\u00e9 o momento, temos tr\u00eas pacientes suspeitos de Coronav\u00edrus e notificados aguardando resultado do exame do Instituto Adolfo Lutz. Ou seja, n\u00e3o s\u00e3o casos confirmados, apenas suspeitos.<\/p>\n<p>Dois desses pacientes s\u00e3o de Junqueir\u00f3polis, sendo que um deles est\u00e1 internado na Santa Casa de Dracena e outro recebeu alta agora a tarde.<\/p>\n<p>O homem que recebeu alta ainda n\u00e3o tem resultado do exame, mas como o estado cl\u00ednico dele est\u00e1 est\u00e1vel, os m\u00e9dicos permitiram o isolamento domiciliar.<\/p>\n<p>O outro caso suspeito \u00e9 de uma mulher, o primeiro registro suspeito de munic\u00edpio, que retornou da Europa e est\u00e1 em isolamento domiciliar enquanto aguarda o resultado do exame.<\/p>\n<p>Fora esses tr\u00eas, temos 10 pacientes que passaram por avalia\u00e7\u00e3o m\u00e9dica com sintomas gripais, sendo prescrito aos mesmo o isolamento domiciliar. Eles est\u00e3o sendo acompanhados durante esse per\u00edodo pela Secretaria Municipal de Sa\u00fade de Dracena.<\/p>\n<p>Portanto, mais uma vez refor\u00e7amos que deve se ter cautela com os conte\u00fados que recebemos e compartilhamos.<\/p>\n<p>Quando receber algum material sobre o tema, questione sua origem e procure se informar por meio de fontes oficiais, preferencialmente pelo Minist\u00e9rio da Sa\u00fade, Secretaria Estadual de Sa\u00fade e no que se refere a nossa cidade, todas as informa\u00e7\u00f5es est\u00e3o sendo disponibilizadas nos meios oficiais da Prefeitura de Dracena.<\/span><\/div>\n<div style=\"text-align: justify;\"><\/div>\n<\/div>\n<\/div>\n<div>\n<p style=\"text-align: justify;\">Diretoria de Comunica\u00e7\u00e3o<\/p>\n<\/div>\n","protected":false},"excerpt":{"rendered":"<p>Algumas pessoas t\u00eam compartilhado em suas redes sociais que Dracena est\u00e1 com dois casos confirmados de coronav\u00edrus, com pacientes internados na UTI, e cinco casos suspeitos. ESTA INFORMA\u00c7\u00c3O \u00c9 FALSA! Em Dracena, at\u00e9 o momento, temos tr\u00eas pacientes suspeitos de Coronav\u00edrus e notificados aguardando resultado do exame do Instituto Adolfo Lutz. Ou seja, n\u00e3o s\u00e3o [&hellip;]<\/p>\n","protected":false},"author":1,"featured_media":21553,"comment_status":"closed","ping_status":"open","sticky":false,"template":"","format":"standard","meta":{"footnotes":""},"categories":[110,122],"tags":[],"class_list":["post-21552","post","type-post","status-publish","format-standard","has-post-thumbnail","hentry","category-noticiasdestaque","category-saudeeducacaoeconcurso"],"_links":{"self":[{"href":"https:\/\/jorgezanoni.com.br\/2019\/wp-json\/wp\/v2\/posts\/21552","targetHints":{"allow":["GET"]}}],"collection":[{"href":"https:\/\/jorgezanoni.com.br\/2019\/wp-json\/wp\/v2\/posts"}],"about":[{"href":"https:\/\/jorgezanoni.com.br\/2019\/wp-json\/wp\/v2\/types\/post"}],"author":[{"embeddable":true,"href":"https:\/\/jorgezanoni.com.br\/2019\/wp-json\/wp\/v2\/users\/1"}],"replies":[{"embeddable":true,"href":"https:\/\/jorgezanoni.com.br\/2019\/wp-json\/wp\/v2\/comments?post=21552"}],"version-history":[{"count":0,"href":"https:\/\/jorgezanoni.com.br\/2019\/wp-json\/wp\/v2\/posts\/21552\/revisions"}],"wp:featuredmedia":[{"embeddable":true,"href":"https:\/\/jorgezanoni.com.br\/2019\/wp-json\/wp\/v2\/media\/21553"}],"wp:attachment":[{"href":"https:\/\/jorgezanoni.com.br\/2019\/wp-json\/wp\/v2\/media?parent=21552"}],"wp:term":[{"taxonomy":"category","embeddable":true,"href":"https:\/\/jorgezanoni.com.br\/2019\/wp-json\/wp\/v2\/categories?post=21552"},{"taxonomy":"post_tag","embeddable":true,"href":"https:\/\/jorgezanoni.com.br\/2019\/wp-json\/wp\/v2\/tags?post=21552"}],"curies":[{"name":"wp","href":"https:\/\/api.w.org\/{rel}","templated":true}]}}