{"id":21545,"date":"2020-03-18T21:02:37","date_gmt":"2020-03-18T21:02:37","guid":{"rendered":"https:\/\/jorgezanoni.com.br\/2019\/?p=21545"},"modified":"2020-03-18T21:02:37","modified_gmt":"2020-03-18T21:02:37","slug":"paciente-com-suspeita-de-coronavirus-tem-alta-medica-da-santa-casa-de-dracena","status":"publish","type":"post","link":"https:\/\/jorgezanoni.com.br\/2019\/paciente-com-suspeita-de-coronavirus-tem-alta-medica-da-santa-casa-de-dracena\/","title":{"rendered":"Paciente com suspeita de coronav\u00edrus tem alta m\u00e9dica da Santa Casa de Dracena"},"content":{"rendered":"<div>\n<div class=\"_1mf _1mj\" style=\"text-align: justify;\">Boa tarde!<\/div>\n<div class=\"_1mf _1mj\" style=\"text-align: justify;\"><\/div>\n<div class=\"_1mf _1mj\" style=\"text-align: justify;\">Um dos pacientes de Junqueir\u00f3polis que estava internado na Santa Casa de Dracena, com suspeita de coronav\u00edrus, acabou de ter alta m\u00e9dica.<\/div>\n<\/div>\n<div style=\"text-align: justify;\">\n<div class=\"_1mf _1mj\"><\/div>\n<\/div>\n<div style=\"text-align: justify;\">\n<div class=\"_1mf _1mj\">O estado cl\u00ednico dele \u00e9 est\u00e1vel e o mesmo ficar\u00e1 em isolamento domiciliar enquanto aguarda o resultado do exame que confirma se o paciente est\u00e1 mesmo infectado, conforme informou a Santa Casa.<\/div>\n<\/div>\n<div style=\"text-align: justify;\">\n<div class=\"_1mf _1mj\"><\/div>\n<\/div>\n<div style=\"text-align: justify;\">\n<div class=\"_1mf _1mj\">At\u00e9 o momento, Dracena tem tr\u00eas pacientes notificados e suspeitos de coronav\u00edrus, aguardando resultado dos exames de confirma\u00e7\u00e3o do Instituto Adolfo Lutz, de S\u00e3o Paulo.<\/div>\n<\/div>\n<div style=\"text-align: justify;\">\n<div class=\"_1mf _1mj\"><\/div>\n<\/div>\n<div style=\"text-align: justify;\">\n<div class=\"_1mf _1mj\">Dois dos suspeitos s\u00e3o moradores de Junqueir\u00f3polis, o que teve alta hoje (18) a tarde e outro que continua internado na Santa Casa de Dracena. A outra paciente \u00e9 uma mulher de Dracena que retornou da Europa recentemente e est\u00e1 em isolamento domiciliar.<\/div>\n<\/div>\n<div style=\"text-align: justify;\">\n<div class=\"_1mf _1mj\"><\/div>\n<\/div>\n<div style=\"text-align: justify;\">\n<div class=\"_1mf _1mj\">H\u00e1 ainda 10 pacientes que passaram por avalia\u00e7\u00e3o m\u00e9dica com sintomas gripais e que foi prescrito o isolamento domiciliar por precau\u00e7\u00e3o, com acompanhamento da Secretaria de Sa\u00fade durante esse per\u00edodo.<\/div>\n<\/div>\n<div>\n<p style=\"text-align: justify;\">Diretoria de Comunica\u00e7\u00e3o<\/p>\n<\/div>\n","protected":false},"excerpt":{"rendered":"<p>Boa tarde! Um dos pacientes de Junqueir\u00f3polis que estava internado na Santa Casa de Dracena, com suspeita de coronav\u00edrus, acabou de ter alta m\u00e9dica. O estado cl\u00ednico dele \u00e9 est\u00e1vel e o mesmo ficar\u00e1 em isolamento domiciliar enquanto aguarda o resultado do exame que confirma se o paciente est\u00e1 mesmo infectado, conforme informou a Santa [&hellip;]<\/p>\n","protected":false},"author":1,"featured_media":21546,"comment_status":"closed","ping_status":"open","sticky":false,"template":"","format":"standard","meta":{"footnotes":""},"categories":[110,122],"tags":[],"class_list":["post-21545","post","type-post","status-publish","format-standard","has-post-thumbnail","hentry","category-noticiasdestaque","category-saudeeducacaoeconcurso"],"_links":{"self":[{"href":"https:\/\/jorgezanoni.com.br\/2019\/wp-json\/wp\/v2\/posts\/21545","targetHints":{"allow":["GET"]}}],"collection":[{"href":"https:\/\/jorgezanoni.com.br\/2019\/wp-json\/wp\/v2\/posts"}],"about":[{"href":"https:\/\/jorgezanoni.com.br\/2019\/wp-json\/wp\/v2\/types\/post"}],"author":[{"embeddable":true,"href":"https:\/\/jorgezanoni.com.br\/2019\/wp-json\/wp\/v2\/users\/1"}],"replies":[{"embeddable":true,"href":"https:\/\/jorgezanoni.com.br\/2019\/wp-json\/wp\/v2\/comments?post=21545"}],"version-history":[{"count":0,"href":"https:\/\/jorgezanoni.com.br\/2019\/wp-json\/wp\/v2\/posts\/21545\/revisions"}],"wp:featuredmedia":[{"embeddable":true,"href":"https:\/\/jorgezanoni.com.br\/2019\/wp-json\/wp\/v2\/media\/21546"}],"wp:attachment":[{"href":"https:\/\/jorgezanoni.com.br\/2019\/wp-json\/wp\/v2\/media?parent=21545"}],"wp:term":[{"taxonomy":"category","embeddable":true,"href":"https:\/\/jorgezanoni.com.br\/2019\/wp-json\/wp\/v2\/categories?post=21545"},{"taxonomy":"post_tag","embeddable":true,"href":"https:\/\/jorgezanoni.com.br\/2019\/wp-json\/wp\/v2\/tags?post=21545"}],"curies":[{"name":"wp","href":"https:\/\/api.w.org\/{rel}","templated":true}]}}