{"id":21542,"date":"2020-03-18T20:48:00","date_gmt":"2020-03-18T20:48:00","guid":{"rendered":"https:\/\/jorgezanoni.com.br\/2019\/?p=21542"},"modified":"2020-03-18T20:48:00","modified_gmt":"2020-03-18T20:48:00","slug":"desencontros-historicos-do-pais-do-faz-de-conta","status":"publish","type":"post","link":"https:\/\/jorgezanoni.com.br\/2019\/desencontros-historicos-do-pais-do-faz-de-conta\/","title":{"rendered":"Desencontros hist\u00f3ricos do &#8220;Pa\u00eds do faz de conta&#8230;&#8221;"},"content":{"rendered":"<p style=\"text-align: justify;\"><strong>DESENCONTROS HIST\u00d3RICOS DO \u201cPA\u00cdS DO FAZ DE CONTA&#8230;\u201d<\/strong><\/p>\n<p style=\"text-align: justify;\"><strong><em>\u201cA hist\u00f3ria est\u00e1 repleta de pessoas que, como resultado do medo, ou por ignor\u00e2ncia, ou por cobi\u00e7a de poder, destru\u00edram conhecimentos de imensur\u00e1vel valor que em verdade pertenciam a todos n\u00f3s. N\u00f3s n\u00e3o devemos deixar isso acontecer de novo.\u201d (Carl Sagan)<\/em><\/strong><\/p>\n<p style=\"text-align: justify;\"><strong><em>S\u00e9rgio Barbosa (*)<\/em><\/strong><\/p>\n<p style=\"text-align: justify;\">Nesta atual conjuntura em que o PA\u00cdS DO FAZ DE CONTA est\u00e1 vivendo em meio aos desencontros com os V\u00cdRUS e tudo mais em meio ao tudo de menos, pode-se projetar mais e mais problemas neste VELHO TEMPO NOVO&#8230;<\/p>\n<p style=\"text-align: justify;\">Pra tentar entender o que est\u00e1 ocorrendo neste contexto plural para o cen\u00e1rio tupiniquim, faz-se necess\u00e1rio buscar as respostas em um passado recente que tem a ver com o GOLPE efetivado pelas denominadas ELITES com apoio diversos da sociedade, legislativo, judici\u00e1rio e organiza\u00e7\u00f5es empresariais contra a Presidenta DILMA e seu governo&#8230;<\/p>\n<p style=\"text-align: justify;\">Tamb\u00e9m, torna-se necess\u00e1rio conhecer a HIST\u00d3RIA deste PA\u00cdS DO FAZ DE CONTA desde a invas\u00e3o que ocorreu em 1.500 pelo tal do CABRAL e deu no que deu, bem como, depois com a debandada da FAM\u00cdLIA REAL em 1.808 de Portugal para a Col\u00f4nia&#8230;<\/p>\n<p style=\"text-align: justify;\">Continuando, depois de alguns anos, a tal PROCLAMA\u00c7\u00c3O DA INDEPEND\u00caNCIA em 1.822 com D.PEDRO I por causa disto ou daquilo de acordo com a tal HIST\u00d3RIA OFICIAL que esconde os verdadeiros motivos desta pseudo independ\u00eancia com o famoso \u201cjeitinho brasileiro\u201d, bem como, uma outra dita PROCLAMA\u00c7\u00c3O, desta vez, da REP\u00daBLICA em 1.889&#8230;<\/p>\n<p style=\"text-align: justify;\">Existem, ainda, muitos outros desencontros relacionados com essas datas festivas e mais do que presentes no Calend\u00e1rio Oficial em n\u00edvel nacional com reflexos nas esferas estadual e municipal&#8230;<\/p>\n<p style=\"text-align: justify;\">Por\u00e9m, como sempre, melhor as BELAS MENTIRAS tal quais as existentes no LIVRO SAGRADO do Cristianismo do que a VERDADE sobre os fatos e seus personagens em tempo de p\u00f3s-globaliza\u00e7\u00e3o das Redes Sociais&#8230;<\/p>\n<p style=\"text-align: justify;\">Infelizmente, apenas uma minoria tem acesso ao PANTEON dos fatos que ocorreram nestas datas \u201cnada festivas\u201d, tendo em vista uma outra data que aparece neste Calend\u00e1rio, ou seja, a LIBERTA\u00c7\u00c3O (sic) DOS ESCRAVOS em nome desta ou daquela bandeira tupiniquim&#8230;<\/p>\n<p style=\"text-align: justify;\">Tais fatos s\u00e3o importantes, talvez, interessantes para tentar dar um passo por meio da REFLEX\u00c3O CR\u00cdTICA frente aos desmandos do atual GOVERNO BOZZONARO com seus COISOS com COISAS&#8230;<\/p>\n<p style=\"text-align: justify;\">Nas PROV\u00cdNCIAS existentes e espalhadas nos quatro cantos deste vasto territ\u00f3rio brasileiro, tamb\u00e9m, existem muitas est\u00f3rias travestidas como HIST\u00d3RIAS, tais quais as denominadas F\u00c1BULAS ou CONTOS DA CAROCHINHA para o universo infantil&#8230;<\/p>\n<p style=\"text-align: justify;\">Portanto, todos\/as de um jeito ou de outro, ainda, buscando informa\u00e7\u00f5es por meio de FONTES CONFI\u00c1VEIS e descartando os FAKE NEWS que s\u00e3o patrocinados pelos interesses do PODER PELO PODER COM O PODER em n\u00edvel GLOCAL, ou seja, do GLOBAL PARA O LOCAL em tempo de p\u00f3s-globaliza\u00e7\u00e3o midi\u00e1tica&#8230;<\/p>\n<p style=\"text-align: justify;\">Outra coisa deste mesmo COISO espera-se que o tempo possa ser o SENHOR DA RAZ\u00c3O como escreveu o pensador do outro tempo do tempo&#8230;<\/p>\n<p style=\"text-align: justify;\">QUEM SOBREVIVER VAI SABER&#8230;<\/p>\n<p style=\"text-align: justify;\"><strong><em>_______________________<\/em><\/strong><\/p>\n<p style=\"text-align: justify;\"><strong><em>(*) jornalista diplomado e professor universit\u00e1rio.<\/em><\/strong><\/p>\n","protected":false},"excerpt":{"rendered":"<p>DESENCONTROS HIST\u00d3RICOS DO \u201cPA\u00cdS DO FAZ DE CONTA&#8230;\u201d \u201cA hist\u00f3ria est\u00e1 repleta de pessoas que, como resultado do medo, ou por ignor\u00e2ncia, ou por cobi\u00e7a de poder, destru\u00edram conhecimentos de imensur\u00e1vel valor que em verdade pertenciam a todos n\u00f3s. N\u00f3s n\u00e3o devemos deixar isso acontecer de novo.\u201d (Carl Sagan) S\u00e9rgio Barbosa (*) Nesta atual conjuntura [&hellip;]<\/p>\n","protected":false},"author":1,"featured_media":21543,"comment_status":"closed","ping_status":"open","sticky":false,"template":"","format":"standard","meta":{"footnotes":""},"categories":[175],"tags":[],"class_list":["post-21542","post","type-post","status-publish","format-standard","has-post-thumbnail","hentry","category-artigos"],"_links":{"self":[{"href":"https:\/\/jorgezanoni.com.br\/2019\/wp-json\/wp\/v2\/posts\/21542","targetHints":{"allow":["GET"]}}],"collection":[{"href":"https:\/\/jorgezanoni.com.br\/2019\/wp-json\/wp\/v2\/posts"}],"about":[{"href":"https:\/\/jorgezanoni.com.br\/2019\/wp-json\/wp\/v2\/types\/post"}],"author":[{"embeddable":true,"href":"https:\/\/jorgezanoni.com.br\/2019\/wp-json\/wp\/v2\/users\/1"}],"replies":[{"embeddable":true,"href":"https:\/\/jorgezanoni.com.br\/2019\/wp-json\/wp\/v2\/comments?post=21542"}],"version-history":[{"count":0,"href":"https:\/\/jorgezanoni.com.br\/2019\/wp-json\/wp\/v2\/posts\/21542\/revisions"}],"wp:featuredmedia":[{"embeddable":true,"href":"https:\/\/jorgezanoni.com.br\/2019\/wp-json\/wp\/v2\/media\/21543"}],"wp:attachment":[{"href":"https:\/\/jorgezanoni.com.br\/2019\/wp-json\/wp\/v2\/media?parent=21542"}],"wp:term":[{"taxonomy":"category","embeddable":true,"href":"https:\/\/jorgezanoni.com.br\/2019\/wp-json\/wp\/v2\/categories?post=21542"},{"taxonomy":"post_tag","embeddable":true,"href":"https:\/\/jorgezanoni.com.br\/2019\/wp-json\/wp\/v2\/tags?post=21542"}],"curies":[{"name":"wp","href":"https:\/\/api.w.org\/{rel}","templated":true}]}}