{"id":21531,"date":"2020-03-18T19:27:12","date_gmt":"2020-03-18T19:27:12","guid":{"rendered":"https:\/\/jorgezanoni.com.br\/2019\/?p=21531"},"modified":"2020-03-18T20:31:55","modified_gmt":"2020-03-18T20:31:55","slug":"bispo-publica-decreto-com-cancelando-de-missas-e-impacto-ate-nos-casamentos","status":"publish","type":"post","link":"https:\/\/jorgezanoni.com.br\/2019\/bispo-publica-decreto-com-cancelando-de-missas-e-impacto-ate-nos-casamentos\/","title":{"rendered":"Bispo publica decreto com cancelamento de missas e impacto at\u00e9 nos casamentos"},"content":{"rendered":"<p style=\"text-align: justify;\">Usando o C\u00f3digo de Direito Can\u00f4nico da Igreja Cat\u00f3lica, pelo momento excepcional de risco do novo coronav\u00edrus, o bispo diocesano de Mar\u00edlia, Dom Luiz Ant\u00f4nio Cipolini, publicou decreto que dispensa os fieis leigos da obriga\u00e7\u00e3o das missas de preceito \u2013 domingos e datas festivas.<\/p>\n<p style=\"text-align: justify;\">Pelo decreto episcopal, as igrejas ficam abertas e ventiladas para ora\u00e7\u00f5es individuais, por\u00e9m n\u00e3o haver\u00e1 nenhum tipo de reuni\u00e3o. A Diocese pede ainda bom senso e acordos entre sacerdotes e noivos, para suspender casamentos.<\/p>\n<p style=\"text-align: justify;\">Pede ainda que sejam observadas as novas normas, em cada munic\u00edpio. Em Ourinhos (distante 97 quil\u00f4metros de Mar\u00edlia) o prefeito Lucas Pocay (PSD) publicou decreto que restringe a realiza\u00e7\u00e3o de cultos e missas, com aglomera\u00e7\u00e3o, pelo prazo de 15 dias.<\/p>\n<p style=\"text-align: justify;\">Outros munic\u00edpios tamb\u00e9m j\u00e1 est\u00e3o usando meios legais para impedir os eventos religiosos, devido ao risco de transmiss\u00e3o da Covid-19.<\/p>\n<p style=\"text-align: justify;\">A Semana Santa e outras celebra\u00e7\u00f5es tradicionais do calend\u00e1rio da igreja, como \u201cDomingo de Ramos\u201d, ser\u00e3o celebradas de forma privada pelo clero, para evitar aglomera\u00e7\u00f5es.<\/p>\n<p style=\"text-align: justify;\">O decreto orienta os padres a realizarem as missas diariamente, de forma privativa. Pede ainda que os fieis redobrem a chamada Igreja dom\u00e9stica e sugere o uso de redes sociais para que as pessoas possam manter contato umas com as outras, fazendo preces e celebra\u00e7\u00f5es de cultos.<\/p>\n<p style=\"text-align: justify;\">Dom Luiz informa, no documento, local de realiza\u00e7\u00e3o de missa Crismal, com a presen\u00e7a do clero (munic\u00edpios de Oswaldo Cruz e Mar\u00edlia). Os cl\u00e9rigos idosos ou que fazem parte do grupo de risco para a doen\u00e7a foram dispensados.<\/p>\n<p style=\"text-align: justify;\">O Sacramento da Reconcilia\u00e7\u00e3o, por meio da confiss\u00e3o, est\u00e1 mantido, bem como o atendimento espiritual aos enfermos, por\u00e9m observando as recomenda\u00e7\u00f5es sanit\u00e1rias e com \u201cdiscernimento\u201d.<\/p>\n<p style=\"text-align: justify;\"><strong>Evang\u00e9licos<\/strong><\/p>\n<p style=\"text-align: justify;\">Entre as igrejas evang\u00e9licas, a diversidade de denomina\u00e7\u00f5es j\u00e1 indica tamb\u00e9m diferentes decis\u00f5es. As maiores igrejas hist\u00f3ricas \u2013 movimento que inclui batistas, presbiterianos e metodistas \u2013 come\u00e7aram a anunciar a suspens\u00e3o de cultos.<\/p>\n<p style=\"text-align: justify;\">A Primeira Igreja Batista (PIB), por exemplo, que tem cerca de 6 mil fieis somente na cidade, comunicou a suspens\u00e3o da \u201cimers\u00e3o\u201d, evento de treinamento que atrai \u00e0 cidade pastores e l\u00edderes religiosos de v\u00e1rias regi\u00f5es do pa\u00eds.<\/p>\n<p style=\"text-align: justify;\">A igreja tamb\u00e9m suspendeu retiros e confer\u00eancias, mas os \u00faltimos cultos n\u00e3o foram cancelados.<\/p>\n<p style=\"text-align: justify;\">J\u00e1 as igrejas neopentecostais \u2013 com Universal, Mundial do Poder de Deus, Internacional da Gra\u00e7a \u2013 ainda n\u00e3o formalizaram comunicados de suspens\u00e3o de cultos, embora fieis ouvidos pelo\u00a0<strong>Mar\u00edlia Not\u00edcia<\/strong>\u00a0j\u00e1 relatem mudan\u00e7a de rotina nas denomina\u00e7\u00f5es.<\/p>\n<p style=\"text-align: justify;\">Fontes ouvidas pelo\u00a0<strong>MN<\/strong>\u00a0afirmam que delibera\u00e7\u00f5es devem sair entre hoje e amanh\u00e3, com possibilidade de poucos cultos evang\u00e9licos acontecendo em igrejas no pr\u00f3ximo final de semana.<\/p>\n<p style=\"text-align: justify;\">Uma exce\u00e7\u00e3o foi a Congrega\u00e7\u00e3o Crist\u00e3 no Brasil, que suspendeu as reuni\u00f5es j\u00e1 no domingo (15) e orientou os fieis a se reunirem em grupos menores, na casa de amigos e familiares. A decis\u00e3o \u00e9 por tempo indeterminado.<\/p>\n<p style=\"text-align: justify;\">Fonte: https:\/\/marilianoticia.com.br\/<\/p>\n<p><img loading=\"lazy\" decoding=\"async\" class=\"alignnone size-full wp-image-21533\" src=\"https:\/\/jorgezanoni.com.br\/2019\/wp-content\/uploads\/2020\/03\/missa.jpg\" alt=\"\" width=\"714\" height=\"1080\" srcset=\"https:\/\/jorgezanoni.com.br\/2019\/wp-content\/uploads\/2020\/03\/missa.jpg 714w, https:\/\/jorgezanoni.com.br\/2019\/wp-content\/uploads\/2020\/03\/missa-198x300.jpg 198w, https:\/\/jorgezanoni.com.br\/2019\/wp-content\/uploads\/2020\/03\/missa-677x1024.jpg 677w, https:\/\/jorgezanoni.com.br\/2019\/wp-content\/uploads\/2020\/03\/missa-696x1053.jpg 696w, https:\/\/jorgezanoni.com.br\/2019\/wp-content\/uploads\/2020\/03\/missa-278x420.jpg 278w\" sizes=\"auto, (max-width: 714px) 100vw, 714px\" \/> <img loading=\"lazy\" decoding=\"async\" class=\"alignnone size-full wp-image-21534\" src=\"https:\/\/jorgezanoni.com.br\/2019\/wp-content\/uploads\/2020\/03\/missa1.jpg\" alt=\"\" width=\"825\" height=\"1080\" srcset=\"https:\/\/jorgezanoni.com.br\/2019\/wp-content\/uploads\/2020\/03\/missa1.jpg 825w, https:\/\/jorgezanoni.com.br\/2019\/wp-content\/uploads\/2020\/03\/missa1-229x300.jpg 229w, https:\/\/jorgezanoni.com.br\/2019\/wp-content\/uploads\/2020\/03\/missa1-768x1005.jpg 768w, https:\/\/jorgezanoni.com.br\/2019\/wp-content\/uploads\/2020\/03\/missa1-782x1024.jpg 782w, https:\/\/jorgezanoni.com.br\/2019\/wp-content\/uploads\/2020\/03\/missa1-696x911.jpg 696w, https:\/\/jorgezanoni.com.br\/2019\/wp-content\/uploads\/2020\/03\/missa1-321x420.jpg 321w\" sizes=\"auto, (max-width: 825px) 100vw, 825px\" \/><\/p>\n<p>Fonte: Diocese de Marilia<\/p>\n","protected":false},"excerpt":{"rendered":"<p>Usando o C\u00f3digo de Direito Can\u00f4nico da Igreja Cat\u00f3lica, pelo momento excepcional de risco do novo coronav\u00edrus, o bispo diocesano de Mar\u00edlia, Dom Luiz Ant\u00f4nio Cipolini, publicou decreto que dispensa os fieis leigos da obriga\u00e7\u00e3o das missas de preceito \u2013 domingos e datas festivas. Pelo decreto episcopal, as igrejas ficam abertas e ventiladas para ora\u00e7\u00f5es [&hellip;]<\/p>\n","protected":false},"author":1,"featured_media":21532,"comment_status":"closed","ping_status":"open","sticky":false,"template":"","format":"standard","meta":{"footnotes":""},"categories":[110,118],"tags":[],"class_list":["post-21531","post","type-post","status-publish","format-standard","has-post-thumbnail","hentry","category-noticiasdestaque","category-religiaoesolidariedade"],"_links":{"self":[{"href":"https:\/\/jorgezanoni.com.br\/2019\/wp-json\/wp\/v2\/posts\/21531","targetHints":{"allow":["GET"]}}],"collection":[{"href":"https:\/\/jorgezanoni.com.br\/2019\/wp-json\/wp\/v2\/posts"}],"about":[{"href":"https:\/\/jorgezanoni.com.br\/2019\/wp-json\/wp\/v2\/types\/post"}],"author":[{"embeddable":true,"href":"https:\/\/jorgezanoni.com.br\/2019\/wp-json\/wp\/v2\/users\/1"}],"replies":[{"embeddable":true,"href":"https:\/\/jorgezanoni.com.br\/2019\/wp-json\/wp\/v2\/comments?post=21531"}],"version-history":[{"count":0,"href":"https:\/\/jorgezanoni.com.br\/2019\/wp-json\/wp\/v2\/posts\/21531\/revisions"}],"wp:featuredmedia":[{"embeddable":true,"href":"https:\/\/jorgezanoni.com.br\/2019\/wp-json\/wp\/v2\/media\/21532"}],"wp:attachment":[{"href":"https:\/\/jorgezanoni.com.br\/2019\/wp-json\/wp\/v2\/media?parent=21531"}],"wp:term":[{"taxonomy":"category","embeddable":true,"href":"https:\/\/jorgezanoni.com.br\/2019\/wp-json\/wp\/v2\/categories?post=21531"},{"taxonomy":"post_tag","embeddable":true,"href":"https:\/\/jorgezanoni.com.br\/2019\/wp-json\/wp\/v2\/tags?post=21531"}],"curies":[{"name":"wp","href":"https:\/\/api.w.org\/{rel}","templated":true}]}}