{"id":21507,"date":"2020-03-18T02:03:17","date_gmt":"2020-03-18T02:03:17","guid":{"rendered":"https:\/\/jorgezanoni.com.br\/2019\/?p=21507"},"modified":"2020-03-18T02:06:05","modified_gmt":"2020-03-18T02:06:05","slug":"destaque-dos-momentos-mais-importantes-na-votacao-de-abertura-da-cei-na-camara-municipal-de-dracena-veja-5-videos","status":"publish","type":"post","link":"https:\/\/jorgezanoni.com.br\/2019\/destaque-dos-momentos-mais-importantes-na-votacao-de-abertura-da-cei-na-camara-municipal-de-dracena-veja-5-videos\/","title":{"rendered":"Destaque dos momentos mais importantes na vota\u00e7\u00e3o de abertura da CEI na C\u00e2mara Municipal de Dracena. (Veja 5 v\u00eddeos)"},"content":{"rendered":"<div id=\"fb-root\"><\/div>\n<p><script async=\"1\" defer=\"1\" crossorigin=\"anonymous\" src=\"https:\/\/connect.facebook.net\/en_US\/sdk.js#xfbml=1&amp;version=v6.0\"><\/script><\/p>\n<div class=\"fb-video\" data-href=\"https:\/\/www.facebook.com\/jorgezanonidracena\/videos\/291743668462142\/\" data-width=\"696\">\n<blockquote cite=\"https:\/\/www.facebook.com\/jorgezanonidracena\/videos\/291743668462142\/\" class=\"fb-xfbml-parse-ignore\"><p><a href=\"https:\/\/www.facebook.com\/jorgezanonidracena\/videos\/291743668462142\/\">Destaque dos momentos mais importantes na vota\u00e7\u00e3o de abertura da CEI na C\u00e2mara Municipal de Dracena. (Video 1)<\/a><\/p>\n<p>Destaque dos momentos mais importantes na vota\u00e7\u00e3o de abertura da CEI na C\u00e2mara Municipal de Dracena. (Video 1)<\/p>\n<p>Posted by <a href=\"https:\/\/www.facebook.com\/jorgezanonidracena\/\">Jorge Zanoni<\/a> on Monday, March 16, 2020<\/p><\/blockquote>\n<\/div>\n<div id=\"fb-root\"><\/div>\n<p><script async=\"1\" defer=\"1\" crossorigin=\"anonymous\" src=\"https:\/\/connect.facebook.net\/en_US\/sdk.js#xfbml=1&amp;version=v6.0\"><\/script><\/p>\n<div class=\"fb-video\" data-href=\"https:\/\/www.facebook.com\/jorgezanonidracena\/videos\/546002469370128\/\" data-width=\"696\">\n<blockquote cite=\"https:\/\/www.facebook.com\/jorgezanonidracena\/videos\/546002469370128\/\" class=\"fb-xfbml-parse-ignore\"><p><a href=\"https:\/\/www.facebook.com\/jorgezanonidracena\/videos\/546002469370128\/\">Destaque dos momentos mais importantes na vota\u00e7\u00e3o de abertura da CEI na C\u00e2mara Municipal de Dracena. (Video 2)<\/a><\/p>\n<p>Destaque dos momentos mais importantes na vota\u00e7\u00e3o de abertura da CEI na C\u00e2mara Municipal de Dracena. (Video 2)<\/p>\n<p>Posted by <a href=\"https:\/\/www.facebook.com\/jorgezanonidracena\/\">Jorge Zanoni<\/a> on Monday, March 16, 2020<\/p><\/blockquote>\n<\/div>\n<div id=\"fb-root\"><\/div>\n<p><script async=\"1\" defer=\"1\" crossorigin=\"anonymous\" src=\"https:\/\/connect.facebook.net\/en_US\/sdk.js#xfbml=1&amp;version=v6.0\"><\/script><\/p>\n<div class=\"fb-video\" data-href=\"https:\/\/www.facebook.com\/jorgezanonidracena\/videos\/594290737841150\/\" data-width=\"696\">\n<blockquote cite=\"https:\/\/www.facebook.com\/jorgezanonidracena\/videos\/594290737841150\/\" class=\"fb-xfbml-parse-ignore\"><p><a href=\"https:\/\/www.facebook.com\/jorgezanonidracena\/videos\/594290737841150\/\">Destaque dos momentos mais importantes na vota\u00e7\u00e3o de abertura da CEI na C\u00e2mara Municipal de Dracena. (Video 3)<\/a><\/p>\n<p>Destaque dos momentos mais importantes na vota\u00e7\u00e3o de abertura da CEI na C\u00e2mara Municipal de Dracena. (Video 3)<\/p>\n<p>Posted by <a href=\"https:\/\/www.facebook.com\/jorgezanonidracena\/\">Jorge Zanoni<\/a> on Monday, March 16, 2020<\/p><\/blockquote>\n<\/div>\n<div id=\"fb-root\"><\/div>\n<p><script async=\"1\" defer=\"1\" crossorigin=\"anonymous\" src=\"https:\/\/connect.facebook.net\/en_US\/sdk.js#xfbml=1&amp;version=v6.0\"><\/script><\/p>\n<div class=\"fb-video\" data-href=\"https:\/\/www.facebook.com\/jorgezanonidracena\/videos\/639101043594105\/\" data-width=\"696\">\n<blockquote cite=\"https:\/\/www.facebook.com\/jorgezanonidracena\/videos\/639101043594105\/\" class=\"fb-xfbml-parse-ignore\"><p><a href=\"https:\/\/www.facebook.com\/jorgezanonidracena\/videos\/639101043594105\/\">Destaque dos momentos mais importantes na vota\u00e7\u00e3o de abertura da CEI na C\u00e2mara Municipal de Dracena. (Video 4)<\/a><\/p>\n<p>Destaque dos momentos mais importantes na vota\u00e7\u00e3o de abertura da CEI na C\u00e2mara Municipal de Dracena. (Video 4)<\/p>\n<p>Posted by <a href=\"https:\/\/www.facebook.com\/jorgezanonidracena\/\">Jorge Zanoni<\/a> on Monday, March 16, 2020<\/p><\/blockquote>\n<\/div>\n<div id=\"fb-root\"><\/div>\n<p><script async=\"1\" defer=\"1\" crossorigin=\"anonymous\" src=\"https:\/\/connect.facebook.net\/en_US\/sdk.js#xfbml=1&amp;version=v6.0\"><\/script><\/p>\n<div class=\"fb-video\" data-href=\"https:\/\/www.facebook.com\/jorgezanonidracena\/videos\/218586419258373\/\" data-width=\"696\">\n<blockquote cite=\"https:\/\/www.facebook.com\/jorgezanonidracena\/videos\/218586419258373\/\" class=\"fb-xfbml-parse-ignore\"><p><a href=\"https:\/\/www.facebook.com\/jorgezanonidracena\/videos\/218586419258373\/\">Destaque dos momentos mais importantes na vota\u00e7\u00e3o de abertura da CEI na C\u00e2mara Municipal de Dracena. (Video 5)<\/a><\/p>\n<p>Destaque dos momentos mais importantes na vota\u00e7\u00e3o de abertura da CEI na C\u00e2mara Municipal de Dracena. (Video 5)<\/p>\n<p>Posted by <a href=\"https:\/\/www.facebook.com\/jorgezanonidracena\/\">Jorge Zanoni<\/a> on Monday, March 16, 2020<\/p><\/blockquote>\n<\/div>\n","protected":false},"excerpt":{"rendered":"<p>Destaque dos momentos mais importantes na vota\u00e7\u00e3o de abertura da CEI na C\u00e2mara Municipal de Dracena. (Video 1) Destaque dos momentos mais importantes na vota\u00e7\u00e3o de abertura da CEI na C\u00e2mara Municipal de Dracena. (Video 1) Posted by Jorge Zanoni on Monday, March 16, 2020 Destaque dos momentos mais importantes na vota\u00e7\u00e3o de abertura da [&hellip;]<\/p>\n","protected":false},"author":1,"featured_media":21508,"comment_status":"closed","ping_status":"open","sticky":false,"template":"","format":"video","meta":{"footnotes":""},"categories":[179,184,110,169],"tags":[],"class_list":["post-21507","post","type-post","status-publish","format-video","has-post-thumbnail","hentry","category-cidadeseregiao","category-dracena","category-noticiasdestaque","category-videos","post_format-post-format-video"],"_links":{"self":[{"href":"https:\/\/jorgezanoni.com.br\/2019\/wp-json\/wp\/v2\/posts\/21507","targetHints":{"allow":["GET"]}}],"collection":[{"href":"https:\/\/jorgezanoni.com.br\/2019\/wp-json\/wp\/v2\/posts"}],"about":[{"href":"https:\/\/jorgezanoni.com.br\/2019\/wp-json\/wp\/v2\/types\/post"}],"author":[{"embeddable":true,"href":"https:\/\/jorgezanoni.com.br\/2019\/wp-json\/wp\/v2\/users\/1"}],"replies":[{"embeddable":true,"href":"https:\/\/jorgezanoni.com.br\/2019\/wp-json\/wp\/v2\/comments?post=21507"}],"version-history":[{"count":0,"href":"https:\/\/jorgezanoni.com.br\/2019\/wp-json\/wp\/v2\/posts\/21507\/revisions"}],"wp:featuredmedia":[{"embeddable":true,"href":"https:\/\/jorgezanoni.com.br\/2019\/wp-json\/wp\/v2\/media\/21508"}],"wp:attachment":[{"href":"https:\/\/jorgezanoni.com.br\/2019\/wp-json\/wp\/v2\/media?parent=21507"}],"wp:term":[{"taxonomy":"category","embeddable":true,"href":"https:\/\/jorgezanoni.com.br\/2019\/wp-json\/wp\/v2\/categories?post=21507"},{"taxonomy":"post_tag","embeddable":true,"href":"https:\/\/jorgezanoni.com.br\/2019\/wp-json\/wp\/v2\/tags?post=21507"}],"curies":[{"name":"wp","href":"https:\/\/api.w.org\/{rel}","templated":true}]}}