{"id":21504,"date":"2020-03-18T01:02:35","date_gmt":"2020-03-18T01:02:35","guid":{"rendered":"https:\/\/jorgezanoni.com.br\/2019\/?p=21504"},"modified":"2020-03-18T01:02:35","modified_gmt":"2020-03-18T01:02:35","slug":"superintendencia-dos-correios-deve-sair-de-bauru-vereadores-protestam","status":"publish","type":"post","link":"https:\/\/jorgezanoni.com.br\/2019\/superintendencia-dos-correios-deve-sair-de-bauru-vereadores-protestam\/","title":{"rendered":"Superintend\u00eancia dos Correios deve sair de Bauru; vereadores protestam"},"content":{"rendered":"<h2 style=\"text-align: justify;\"><strong>Assessoria de Marcos Pontes informa que decis\u00e3o ainda est\u00e1 em an\u00e1lise, mas que n\u00e3o se trata da estrutura operacional do \u00f3rg\u00e3o.<\/strong><\/h2>\n<div class=\"content-noticia\">\n<p class=\"texto\" style=\"text-align: justify;\">A Empresa Brasileira de Correios e Tel\u00e9grafos (ECT) pode transferir a superintend\u00eancia de Bauru para Indaiatuba. Os vereadores Coronel Meira e Jos\u00e9 Roberto Segalla (DEM) criticaram a decis\u00e3o, durante a sess\u00e3o de ontem da C\u00e2mara Municipal.<\/p>\n<p class=\"texto\" style=\"text-align: justify;\">Contatada ontem \u00e0 noite, a assessoria direta do ministro da Ci\u00eancia, Tecnologia, Inova\u00e7\u00f5es e Comunica\u00e7\u00f5es, o bauruense Marcos Pontes, afirmou que a decis\u00e3o ainda se encontra sob an\u00e1lise e que caso o fato seja consumado a cidade n\u00e3o perder\u00e1 a grande estrutura operacional dos Correios, mas apenas &#8216;5 ou 6 cargos&#8217; diretivos, que seriam transferidos com uma virtual mudan\u00e7a da superintend\u00eancia.<\/p>\n<p class=\"texto\" style=\"text-align: justify;\">A assessoria desmente informa\u00e7\u00f5es que circularam durante o dia de ontem de que cerca de 500 funcion\u00e1rios poderiam perder os empregos ou serem transferidos.<\/p>\n<p class=\"texto\" style=\"text-align: justify;\">Todos os Estados t\u00eam uma superintend\u00eancia dos Correios, \u00e0 exce\u00e7\u00e3o de S\u00e3o Paulo, que tem duas: uma da Capital, e outra do Interior, cuja sede fica em Bauru. Leia abaixo a nota dos Correios.<\/p>\n<p class=\"texto\" style=\"text-align: justify;\">NA C\u00c2MARA<\/p>\n<p class=\"texto\" style=\"text-align: justify;\">Para os vereadores, o munic\u00edpio n\u00e3o pode perder a superintend\u00eancia. &#8220;Essa \u00e9 uma decis\u00e3o j\u00e1 tomada, os Correios v\u00e3o mudar a Superintend\u00eancia para Indaiatuba, podendo perder 500 funcion\u00e1rios que seriam transferidos. O ministro Marcos Pontes precisa ajudar o munic\u00edpio&#8221;, alertou Meira. Na avalia\u00e7\u00e3o de Jos\u00e9 Roberto Segalla, a Prefeitura de Bauru e a C\u00e2mara devem cobrar do governo federal a manuten\u00e7\u00e3o das atividades. &#8220;Precisamos reverter isso, pois mais de 500 fam\u00edlias ser\u00e3o afetadas&#8221;, frisou.<\/p>\n<\/div>\n<div class=\"content-noticia\">\n<h4 style=\"text-align: justify;\">Nota dos Correios<\/h4>\n<p class=\"texto\" style=\"text-align: justify;\">Em resposta \u00e0s not\u00edcias divulgadas sobre o fechamento da unidade dos Correios em Bauru, esclarecemos que a informa\u00e7\u00e3o n\u00e3o \u00e9 fundamentada na verdade dos fatos.<\/p>\n<p class=\"texto\" style=\"text-align: justify;\">Em esclarecimento \u00e0 popula\u00e7\u00e3o, \u00e9 preciso dizer que o estudo segundo divulgado trata-se de um poss\u00edvel deslocamento somente da Superintend\u00eancia da empresa para Indaiatuba, onde estar\u00e3o concentrados os diretores e gestores executivos e onde ocorre maior fluxo log\u00edstico da empresa no interior do Estado.<\/p>\n<p class=\"texto\" style=\"text-align: justify;\">O objetivo desta realoca\u00e7\u00e3o, pequena e pontual, \u00e9 parte da estrat\u00e9gia para dar mais sinergia nas decis\u00f5es administrativas e a melhoria da gest\u00e3o do servi\u00e7o ofertado para o Interior de S\u00e3o Paulo.<\/p>\n<p class=\"texto\" style=\"text-align: justify;\">Importante deixar claro que o Centro de Tratamento, o Centro de Distribui\u00e7\u00e3o e as demais estruturas operacionais dos Correios ser\u00e3o preservadas.<\/p>\n<p class=\"texto\" style=\"text-align: justify;\">Em posicionamento, o ministro Marcos Pontes refor\u00e7ou o compromisso de qualidade do servi\u00e7o prestado pelos Correios, bem como esclarece que ser\u00e1 mantida a estrutura de encomendas, cartas e tratamento de correspond\u00eancias em Bauru.<\/p>\n<p class=\"texto\" style=\"text-align: justify;\">A Presid\u00eancia dos Correios tamb\u00e9m esclarece que o estudo encomendado n\u00e3o amea\u00e7a o emprego dos colaboradores diretos e indiretos.<\/p>\n<p class=\"texto\" style=\"text-align: justify;\">As propostas futuras dessa movimenta\u00e7\u00e3o ser\u00e3o apresentadas ao MCTIC\u00a0que, avaliando o cen\u00e1rio e de pessoas, tratar\u00e1 o assunto com responsabilidade econ\u00f4mica e social, como vem sendo norma de conduta da Empresa Brasileira de Correios e Tel\u00e9grafos.<\/p>\n<p style=\"text-align: justify;\">Fonte: https:\/\/www.jcnet.com.br\/noticias\/politica<\/p>\n<\/div>\n","protected":false},"excerpt":{"rendered":"<p>Assessoria de Marcos Pontes informa que decis\u00e3o ainda est\u00e1 em an\u00e1lise, mas que n\u00e3o se trata da estrutura operacional do \u00f3rg\u00e3o. A Empresa Brasileira de Correios e Tel\u00e9grafos (ECT) pode transferir a superintend\u00eancia de Bauru para Indaiatuba. Os vereadores Coronel Meira e Jos\u00e9 Roberto Segalla (DEM) criticaram a decis\u00e3o, durante a sess\u00e3o de ontem da [&hellip;]<\/p>\n","protected":false},"author":1,"featured_media":21505,"comment_status":"closed","ping_status":"open","sticky":false,"template":"","format":"standard","meta":{"footnotes":""},"categories":[114,110],"tags":[],"class_list":["post-21504","post","type-post","status-publish","format-standard","has-post-thumbnail","hentry","category-geralecomercio","category-noticiasdestaque"],"_links":{"self":[{"href":"https:\/\/jorgezanoni.com.br\/2019\/wp-json\/wp\/v2\/posts\/21504","targetHints":{"allow":["GET"]}}],"collection":[{"href":"https:\/\/jorgezanoni.com.br\/2019\/wp-json\/wp\/v2\/posts"}],"about":[{"href":"https:\/\/jorgezanoni.com.br\/2019\/wp-json\/wp\/v2\/types\/post"}],"author":[{"embeddable":true,"href":"https:\/\/jorgezanoni.com.br\/2019\/wp-json\/wp\/v2\/users\/1"}],"replies":[{"embeddable":true,"href":"https:\/\/jorgezanoni.com.br\/2019\/wp-json\/wp\/v2\/comments?post=21504"}],"version-history":[{"count":0,"href":"https:\/\/jorgezanoni.com.br\/2019\/wp-json\/wp\/v2\/posts\/21504\/revisions"}],"wp:featuredmedia":[{"embeddable":true,"href":"https:\/\/jorgezanoni.com.br\/2019\/wp-json\/wp\/v2\/media\/21505"}],"wp:attachment":[{"href":"https:\/\/jorgezanoni.com.br\/2019\/wp-json\/wp\/v2\/media?parent=21504"}],"wp:term":[{"taxonomy":"category","embeddable":true,"href":"https:\/\/jorgezanoni.com.br\/2019\/wp-json\/wp\/v2\/categories?post=21504"},{"taxonomy":"post_tag","embeddable":true,"href":"https:\/\/jorgezanoni.com.br\/2019\/wp-json\/wp\/v2\/tags?post=21504"}],"curies":[{"name":"wp","href":"https:\/\/api.w.org\/{rel}","templated":true}]}}