{"id":21451,"date":"2020-03-17T12:26:56","date_gmt":"2020-03-17T12:26:56","guid":{"rendered":"https:\/\/jorgezanoni.com.br\/2019\/?p=21451"},"modified":"2020-03-17T12:26:56","modified_gmt":"2020-03-17T12:26:56","slug":"cinco-pessoas-ficam-feridas-em-capotamento-na-sp-294","status":"publish","type":"post","link":"https:\/\/jorgezanoni.com.br\/2019\/cinco-pessoas-ficam-feridas-em-capotamento-na-sp-294\/","title":{"rendered":"Cinco pessoas ficam feridas em capotamento na SP-294"},"content":{"rendered":"<p style=\"text-align: justify;\">No in\u00edcio da noite deste domingo o condutor de um ve\u00edculo Corola trafegava pela Rodovia Comandante Jo\u00e3o Ribeiro de Barros, no sentido Tup\u00e3 para Hercul\u00e2ndia, quando ao se aproximar da curva da AABB, devido a chuva que caia no momento perdeu o controle da dire\u00e7\u00e3o, saindo da pista e vindo a capotar.<\/p>\n<p style=\"text-align: justify;\">No ve\u00edculo estavam 5 pessoas, entre adultos e crian\u00e7as, e todos foram socorridos pelo Corpo de Bombeiros de Tup\u00e3 para a Santa Casa, com ferimentos aparentemente leves. Foi necess\u00e1rio apoio de ambul\u00e2ncias de Tup\u00e3 e Hercul\u00e2ndia para transporte das v\u00edtimas.<\/p>\n<p style=\"text-align: justify;\">Os agentes do DER auxiliaram na sinaliza\u00e7\u00e3o do local e a Pol\u00edcia Militar Rodovi\u00e1ria registrou o boletim de ocorr\u00eancia.<\/p>\n<p><img loading=\"lazy\" decoding=\"async\" class=\"alignnone size-full wp-image-21453\" src=\"https:\/\/jorgezanoni.com.br\/2019\/wp-content\/uploads\/2020\/03\/capote1.jpg\" alt=\"\" width=\"960\" height=\"720\" srcset=\"https:\/\/jorgezanoni.com.br\/2019\/wp-content\/uploads\/2020\/03\/capote1.jpg 960w, https:\/\/jorgezanoni.com.br\/2019\/wp-content\/uploads\/2020\/03\/capote1-300x225.jpg 300w, https:\/\/jorgezanoni.com.br\/2019\/wp-content\/uploads\/2020\/03\/capote1-768x576.jpg 768w, https:\/\/jorgezanoni.com.br\/2019\/wp-content\/uploads\/2020\/03\/capote1-80x60.jpg 80w, https:\/\/jorgezanoni.com.br\/2019\/wp-content\/uploads\/2020\/03\/capote1-265x198.jpg 265w, https:\/\/jorgezanoni.com.br\/2019\/wp-content\/uploads\/2020\/03\/capote1-696x522.jpg 696w, https:\/\/jorgezanoni.com.br\/2019\/wp-content\/uploads\/2020\/03\/capote1-560x420.jpg 560w\" sizes=\"auto, (max-width: 960px) 100vw, 960px\" \/> <img loading=\"lazy\" decoding=\"async\" class=\"alignnone size-full wp-image-21454\" src=\"https:\/\/jorgezanoni.com.br\/2019\/wp-content\/uploads\/2020\/03\/capote2.jpg\" alt=\"\" width=\"960\" height=\"720\" srcset=\"https:\/\/jorgezanoni.com.br\/2019\/wp-content\/uploads\/2020\/03\/capote2.jpg 960w, https:\/\/jorgezanoni.com.br\/2019\/wp-content\/uploads\/2020\/03\/capote2-300x225.jpg 300w, https:\/\/jorgezanoni.com.br\/2019\/wp-content\/uploads\/2020\/03\/capote2-768x576.jpg 768w, https:\/\/jorgezanoni.com.br\/2019\/wp-content\/uploads\/2020\/03\/capote2-80x60.jpg 80w, https:\/\/jorgezanoni.com.br\/2019\/wp-content\/uploads\/2020\/03\/capote2-265x198.jpg 265w, https:\/\/jorgezanoni.com.br\/2019\/wp-content\/uploads\/2020\/03\/capote2-696x522.jpg 696w, https:\/\/jorgezanoni.com.br\/2019\/wp-content\/uploads\/2020\/03\/capote2-560x420.jpg 560w\" sizes=\"auto, (max-width: 960px) 100vw, 960px\" \/><\/p>\n<p style=\"text-align: justify;\">Fonte: Diego Pereira \u2013 Mais Tup\u00e3!<\/p>\n","protected":false},"excerpt":{"rendered":"<p>No in\u00edcio da noite deste domingo o condutor de um ve\u00edculo Corola trafegava pela Rodovia Comandante Jo\u00e3o Ribeiro de Barros, no sentido Tup\u00e3 para Hercul\u00e2ndia, quando ao se aproximar da curva da AABB, devido a chuva que caia no momento perdeu o controle da dire\u00e7\u00e3o, saindo da pista e vindo a capotar. No ve\u00edculo estavam [&hellip;]<\/p>\n","protected":false},"author":1,"featured_media":21452,"comment_status":"closed","ping_status":"open","sticky":false,"template":"","format":"standard","meta":{"footnotes":""},"categories":[170,110],"tags":[],"class_list":["post-21451","post","type-post","status-publish","format-standard","has-post-thumbnail","hentry","category-acidentes","category-noticiasdestaque"],"_links":{"self":[{"href":"https:\/\/jorgezanoni.com.br\/2019\/wp-json\/wp\/v2\/posts\/21451","targetHints":{"allow":["GET"]}}],"collection":[{"href":"https:\/\/jorgezanoni.com.br\/2019\/wp-json\/wp\/v2\/posts"}],"about":[{"href":"https:\/\/jorgezanoni.com.br\/2019\/wp-json\/wp\/v2\/types\/post"}],"author":[{"embeddable":true,"href":"https:\/\/jorgezanoni.com.br\/2019\/wp-json\/wp\/v2\/users\/1"}],"replies":[{"embeddable":true,"href":"https:\/\/jorgezanoni.com.br\/2019\/wp-json\/wp\/v2\/comments?post=21451"}],"version-history":[{"count":0,"href":"https:\/\/jorgezanoni.com.br\/2019\/wp-json\/wp\/v2\/posts\/21451\/revisions"}],"wp:featuredmedia":[{"embeddable":true,"href":"https:\/\/jorgezanoni.com.br\/2019\/wp-json\/wp\/v2\/media\/21452"}],"wp:attachment":[{"href":"https:\/\/jorgezanoni.com.br\/2019\/wp-json\/wp\/v2\/media?parent=21451"}],"wp:term":[{"taxonomy":"category","embeddable":true,"href":"https:\/\/jorgezanoni.com.br\/2019\/wp-json\/wp\/v2\/categories?post=21451"},{"taxonomy":"post_tag","embeddable":true,"href":"https:\/\/jorgezanoni.com.br\/2019\/wp-json\/wp\/v2\/tags?post=21451"}],"curies":[{"name":"wp","href":"https:\/\/api.w.org\/{rel}","templated":true}]}}