{"id":21444,"date":"2020-03-17T12:09:16","date_gmt":"2020-03-17T12:09:16","guid":{"rendered":"https:\/\/jorgezanoni.com.br\/2019\/?p=21444"},"modified":"2020-03-17T12:12:50","modified_gmt":"2020-03-17T12:12:50","slug":"evento-marcado-para-amanha-e-quinta-pela-aeard-esta-cancelado-por-conta-do-coronavirus","status":"publish","type":"post","link":"https:\/\/jorgezanoni.com.br\/2019\/evento-marcado-para-amanha-e-quinta-pela-aeard-esta-cancelado-por-conta-do-coronavirus\/","title":{"rendered":"Evento marcado para amanh\u00e3 e quinta pela AEARD est\u00e1 cancelado por conta do Coronav\u00edrus"},"content":{"rendered":"<h1 class=\"entry-title\" style=\"text-align: justify;\">COMUNICADO DA AEARD \u2013 Associa\u00e7\u00e3o dos Engenheiros, Arquitetos e Agr\u00f4nomos da regi\u00e3o de Dracena.<\/h1>\n<p style=\"text-align: justify;\">Primeiramente pedimos desculpas, mas o evento Ciclo de Palestras: Recursos H\u00eddricos, Tecnologia e Meio Ambiente ser\u00e1 adiado devido as orienta\u00e7\u00e3o referentes a pandemia do Coronav\u00edrus.<\/p>\n<p style=\"text-align: justify;\">A nova data agendada para o evento ser\u00e1 nos dias 05 e 06 de Agosto de 2020, mantendo a mesma programa\u00e7\u00e3o.<\/p>\n<p style=\"text-align: justify;\">Agradecemos a compreens\u00e3o!<\/p>\n<p style=\"text-align: justify;\"><img loading=\"lazy\" decoding=\"async\" class=\"alignnone size-full wp-image-21446\" src=\"https:\/\/jorgezanoni.com.br\/2019\/wp-content\/uploads\/2020\/03\/page-2.jpg\" alt=\"\" width=\"404\" height=\"404\" srcset=\"https:\/\/jorgezanoni.com.br\/2019\/wp-content\/uploads\/2020\/03\/page-2.jpg 404w, https:\/\/jorgezanoni.com.br\/2019\/wp-content\/uploads\/2020\/03\/page-2-150x150.jpg 150w, https:\/\/jorgezanoni.com.br\/2019\/wp-content\/uploads\/2020\/03\/page-2-300x300.jpg 300w\" sizes=\"auto, (max-width: 404px) 100vw, 404px\" \/><\/p>\n","protected":false},"excerpt":{"rendered":"<p>COMUNICADO DA AEARD \u2013 Associa\u00e7\u00e3o dos Engenheiros, Arquitetos e Agr\u00f4nomos da regi\u00e3o de Dracena. Primeiramente pedimos desculpas, mas o evento Ciclo de Palestras: Recursos H\u00eddricos, Tecnologia e Meio Ambiente ser\u00e1 adiado devido as orienta\u00e7\u00e3o referentes a pandemia do Coronav\u00edrus. A nova data agendada para o evento ser\u00e1 nos dias 05 e 06 de Agosto de [&hellip;]<\/p>\n","protected":false},"author":1,"featured_media":21446,"comment_status":"closed","ping_status":"open","sticky":false,"template":"","format":"standard","meta":{"footnotes":""},"categories":[176,110],"tags":[],"class_list":["post-21444","post","type-post","status-publish","format-standard","has-post-thumbnail","hentry","category-meioambienteeagricultura","category-noticiasdestaque"],"_links":{"self":[{"href":"https:\/\/jorgezanoni.com.br\/2019\/wp-json\/wp\/v2\/posts\/21444","targetHints":{"allow":["GET"]}}],"collection":[{"href":"https:\/\/jorgezanoni.com.br\/2019\/wp-json\/wp\/v2\/posts"}],"about":[{"href":"https:\/\/jorgezanoni.com.br\/2019\/wp-json\/wp\/v2\/types\/post"}],"author":[{"embeddable":true,"href":"https:\/\/jorgezanoni.com.br\/2019\/wp-json\/wp\/v2\/users\/1"}],"replies":[{"embeddable":true,"href":"https:\/\/jorgezanoni.com.br\/2019\/wp-json\/wp\/v2\/comments?post=21444"}],"version-history":[{"count":0,"href":"https:\/\/jorgezanoni.com.br\/2019\/wp-json\/wp\/v2\/posts\/21444\/revisions"}],"wp:featuredmedia":[{"embeddable":true,"href":"https:\/\/jorgezanoni.com.br\/2019\/wp-json\/wp\/v2\/media\/21446"}],"wp:attachment":[{"href":"https:\/\/jorgezanoni.com.br\/2019\/wp-json\/wp\/v2\/media?parent=21444"}],"wp:term":[{"taxonomy":"category","embeddable":true,"href":"https:\/\/jorgezanoni.com.br\/2019\/wp-json\/wp\/v2\/categories?post=21444"},{"taxonomy":"post_tag","embeddable":true,"href":"https:\/\/jorgezanoni.com.br\/2019\/wp-json\/wp\/v2\/tags?post=21444"}],"curies":[{"name":"wp","href":"https:\/\/api.w.org\/{rel}","templated":true}]}}