{"id":21437,"date":"2020-03-17T11:34:26","date_gmt":"2020-03-17T11:34:26","guid":{"rendered":"https:\/\/jorgezanoni.com.br\/2019\/?p=21437"},"modified":"2020-03-17T11:36:52","modified_gmt":"2020-03-17T11:36:52","slug":"presidios-do-estado-de-sao-paulo-tem-fugas-e-rebelioes","status":"publish","type":"post","link":"https:\/\/jorgezanoni.com.br\/2019\/presidios-do-estado-de-sao-paulo-tem-fugas-e-rebelioes\/","title":{"rendered":"Pres\u00eddios do Estado de S\u00e3o Paulo t\u00eam fugas e rebeli\u00f5es"},"content":{"rendered":"<h2 class=\"content-head__subtitle\" style=\"text-align: justify;\"><strong>Fugas aconteceram no fim da tarde desta segunda-feira, ap\u00f3s an\u00fancio de suspens\u00e3o da sa\u00edda de presos do semiaberto para evitar propaga\u00e7\u00e3o do coronav\u00edrus.<\/strong><\/h2>\n<div class=\"mc-column content-text active-extra-styles \" data-block-type=\"unstyled\" data-block-weight=\"35\" data-block-id=\"2\">\n<p class=\"content-text__container \" style=\"text-align: justify;\" data-track-category=\"Link no Texto\" data-track-links=\"\">Cerca de 400 detentos fugiram de uma unidade prisional em Mongagu\u00e1, na Baixada Santista, nesta segunda-feira (16). Houve ainda rebeli\u00f5es em mais quatro pres\u00eddios do interior de S\u00e3o Paulo: Trememb\u00e9, Mirand\u00f3polis, Porto Feliz e Sumar\u00e9.<\/p>\n<\/div>\n<div class=\"wall protected-content\">\n<div class=\"mc-column content-text active-extra-styles \" data-block-type=\"unstyled\" data-block-weight=\"51\" data-block-id=\"3\">\n<p class=\"content-text__container \" style=\"text-align: justify;\" data-track-category=\"Link no Texto\" data-track-links=\"\">As a\u00e7\u00f5es dos detentos ocorreram ap\u00f3s a Corregedoria-Geral da Justi\u00e7a suspender a sa\u00edda tempor\u00e1ria dos presos em regime semiaberto. A sa\u00edda estava prevista para ocorrer nesta ter\u00e7a (17). A suspens\u00e3o foi definida devido ao temor de que os presos retornassem \u00e0s pris\u00f5es com coronav\u00edrus e transmitissem a doen\u00e7a aos demais detentos.<\/p>\n<div class=\"mc-column content-text active-extra-styles \" style=\"text-align: justify;\" data-block-type=\"unstyled\" data-block-weight=\"68\" data-block-id=\"5\">\n<p class=\"content-text__container \" data-track-category=\"Link no Texto\" data-track-links=\"\">Em nota emitida no final da noite de segunda, a Secretaria de Administra\u00e7\u00e3o Penitenci\u00e1ria (SAP) informou que a situa\u00e7\u00e3o estava &#8220;controlada nos Centros de Progress\u00e3o Penitenci\u00e1ria de Mongagu\u00e1, Trememb\u00e9 e Porto Feliz, al\u00e9m da ala de semiaberto da Penitenci\u00e1ria II de Mirand\u00f3polis, onde houve evas\u00e3o de presos e ato de insubordina\u00e7\u00e3o&#8221;. &#8220;O Grupo de Interven\u00e7\u00e3o R\u00e1pida controlou a situa\u00e7\u00e3o nos pres\u00eddios de forma imediata&#8221;, diz o comunicado<em>.<\/em><\/p>\n<\/div>\n<div class=\"mc-column content-text active-extra-styles \" data-block-type=\"unstyled\" data-block-weight=\"35\" data-block-id=\"7\">\n<p class=\"content-text__container \" style=\"text-align: justify;\" data-track-category=\"Link no Texto\" data-track-links=\"\">A nota informa ainda que &#8220;at\u00e9 as 22h30, 174 presos foram recapturados pela Pol\u00edcia Militar com apoio de agentes de seguran\u00e7a penitenci\u00e1ria. A SAP realiza a contagem para determinar o n\u00famero exato de fugitivos&#8221;<em>.<\/em><\/p>\n<div class=\"mc-column content-text active-extra-styles \" style=\"text-align: justify;\" data-block-type=\"unstyled\" data-block-weight=\"59\" data-block-id=\"8\">\n<p class=\"content-text__container \" data-track-category=\"Link no Texto\" data-track-links=\"\">Em outra nota, divulgada na tarde de segunda, a SAP informou que &#8220;a medida [de suspender as sa\u00eddas tempor\u00e1rias] foi necess\u00e1ria pois o benef\u00edcio contemplaria mais de 34 mil sentenciados do regime semiaberto que, retornando ao c\u00e1rcere, teriam elevado potencial para instalar e propagar o coronav\u00edrus em uma popula\u00e7\u00e3o vulner\u00e1vel, gerando riscos \u00e0 sa\u00fade de servidores e de custodiados.&#8221;<\/p>\n<\/div>\n<div class=\"mc-column content-text active-extra-styles\" data-block-type=\"raw\" data-block-weight=\"1\" data-block-id=\"9\">\n<div class=\"content-intertitle\">\n<h2 style=\"text-align: justify;\">Mongagu\u00e1<\/h2>\n<div class=\"mc-column content-text active-extra-styles \" style=\"text-align: justify;\" data-block-type=\"unstyled\" data-block-weight=\"43\" data-block-id=\"11\">\n<p class=\"content-text__container \" data-track-category=\"Link no Texto\" data-track-links=\"\">Em uma das a\u00e7\u00f5es, cerca de 400 detentos fugiram do Centro de Progress\u00e3o Penitenci\u00e1ria (CPP) Dr Rubens Aleixo Sendin,<a href=\"https:\/\/g1.globo.com\/sp\/santos-regiao\/noticia\/2020\/03\/16\/centenas-de-detentos-fogem-de-presidio-em-mongagua-sp-video.ghtml\">\u00a0localizado em Mongagu\u00e1<\/a>, no litoral de S\u00e3o Paulo. Em um v\u00eddeo obtido pelo\u00a0<strong>G1<\/strong>\u00a0\u00e9 poss\u00edvel ver centenas de presos correndo (<strong>veja acima<\/strong>).<\/p>\n<\/div>\n<div class=\"mc-column content-text active-extra-styles \" style=\"text-align: justify;\" data-block-type=\"unstyled\" data-block-weight=\"48\" data-block-id=\"12\">\n<p class=\"content-text__container \" data-track-category=\"Link no Texto\" data-track-links=\"\">Em uma das imagens \u00e9 poss\u00edvel ouvir o autor do v\u00eddeo dizer: &#8220;voltar na segunda, hein!&#8221; (<strong>leia mais abaixo<\/strong>). A Pol\u00edcia Militar j\u00e1 recapturou 41 que haviam fugido da unidade de Mongagu\u00e1. Os oito ref\u00e9ns foram liberados, e os presos que n\u00e3o fugiram voltaram para suas alas.<\/p>\n<\/div>\n<div class=\"mc-column content-text active-extra-styles \" style=\"text-align: justify;\" data-block-type=\"unstyled\" data-block-weight=\"53\" data-block-id=\"13\">\n<p class=\"content-text__container \" data-track-category=\"Link no Texto\" data-track-links=\"\">O CPP \u00e9 de regime semiaberto, eles teriam se rebelado ap\u00f3s o cancelamento de uma saidinha que aconteceria na ter\u00e7a-feira (17). A unidade tem capacidade para 1.640 presos e estava com 2.796, um total de 1.156 presos a mais do que a capacidade, segundo o site da Secretaria da Administra\u00e7\u00e3o Penitenci\u00e1ria (SAP).<\/p>\n<\/div>\n<div class=\"content-ads content-ads--reveal\" data-block-type=\"ads\" data-block-id=\"14\">\n<div id=\"banner_materia__ad0a390a-d1ba-4fb5-9233-11a0396d5f71\" class=\"tag-manager-publicidade-container mc-has-reveal mc-has-ad-lazyload tag-manager-publicidade-banner_materia__ad0a390a-d1ba-4fb5-9233-11a0396d5f71 tag-manager-publicidade-container--carregado tag-manager-publicidade-container--visivel\" data-id=\"banner_materia__ad0a390a-d1ba-4fb5-9233-11a0396d5f71\" data-google-query-id=\"COir2MSxoegCFU8GuQYd6JQE0Q\" data-cid=\"null\" data-lid=\"null\">\n<div class=\"mc-column content-text active-extra-styles \" style=\"text-align: justify;\" data-block-type=\"unstyled\" data-block-weight=\"44\" data-block-id=\"15\">\n<p class=\"content-text__container \" data-track-category=\"Link no Texto\" data-track-links=\"\">Os presos fizeram funcion\u00e1rios ref\u00e9ns na portaria do CPP e, em seguida, fugiram em massa do local. Equipes da Pol\u00edcia Militar, Rodovi\u00e1ria, Civil e o helic\u00f3ptero \u00c1guia faziam buscas, na tarde de segunda, no entorno do pres\u00eddio para tentar recapturar os detentos.<\/p>\n<\/div>\n<div class=\"mc-column content-text active-extra-styles\" data-block-type=\"raw\" data-block-weight=\"1\" data-block-id=\"16\">\n<div class=\"content-intertitle\">\n<h2 style=\"text-align: justify;\">Trememb\u00e9<\/h2>\n<p style=\"text-align: justify;\"><img loading=\"lazy\" decoding=\"async\" class=\"alignnone size-full wp-image-21438\" src=\"https:\/\/jorgezanoni.com.br\/2019\/wp-content\/uploads\/2020\/03\/trememb\u00e9.jpeg\" alt=\"\" width=\"1262\" height=\"710\" srcset=\"https:\/\/jorgezanoni.com.br\/2019\/wp-content\/uploads\/2020\/03\/trememb\u00e9.jpeg 1262w, https:\/\/jorgezanoni.com.br\/2019\/wp-content\/uploads\/2020\/03\/trememb\u00e9-300x169.jpeg 300w, https:\/\/jorgezanoni.com.br\/2019\/wp-content\/uploads\/2020\/03\/trememb\u00e9-768x432.jpeg 768w, https:\/\/jorgezanoni.com.br\/2019\/wp-content\/uploads\/2020\/03\/trememb\u00e9-1024x576.jpeg 1024w, https:\/\/jorgezanoni.com.br\/2019\/wp-content\/uploads\/2020\/03\/trememb\u00e9-696x392.jpeg 696w, https:\/\/jorgezanoni.com.br\/2019\/wp-content\/uploads\/2020\/03\/trememb\u00e9-1068x601.jpeg 1068w, https:\/\/jorgezanoni.com.br\/2019\/wp-content\/uploads\/2020\/03\/trememb\u00e9-747x420.jpeg 747w\" sizes=\"auto, (max-width: 1262px) 100vw, 1262px\" \/>Detentos fazem rebeli\u00e3o no Pemano em Trememb\u00e9; bombeiros foram acionados para apagar inc\u00eandio em colch\u00f5es \u2014 Foto: Arquivo pessoal<\/p>\n<div class=\"mc-column content-text active-extra-styles \" data-block-type=\"unstyled\" data-block-weight=\"50\" data-block-id=\"18\">\n<p class=\"content-text__container \" style=\"text-align: justify;\" data-track-category=\"Link no Texto\" data-track-links=\"\">Detentos iniciaram no fim da tarde desta segunda uma\u00a0<a href=\"https:\/\/g1.globo.com\/sp\/vale-do-paraiba-regiao\/noticia\/2020\/03\/16\/detentos-fazem-rebeliao-em-penitenciaria-de-tremembe-sp.ghtml\">rebeli\u00e3o no presidio Dr Edgar Magalh\u00e3es Noronha (Pemano), em Trememb\u00e9 (SP)<\/a>. Houve fuga, presos foram recapturados e levados de volta para a penitenci\u00e1ria, mas at\u00e9 a \u00faltima atualiza\u00e7\u00e3o da reportagem n\u00e3o havia dados sobre quantos fugiram ou quantos foram recapturados.<\/p>\n<p style=\"text-align: justify;\" data-track-category=\"Link no Texto\" data-track-links=\"\"><img loading=\"lazy\" decoding=\"async\" class=\"alignnone size-full wp-image-21439\" src=\"https:\/\/jorgezanoni.com.br\/2019\/wp-content\/uploads\/2020\/03\/trememb\u00e91.jpeg\" alt=\"\" width=\"1262\" height=\"947\" srcset=\"https:\/\/jorgezanoni.com.br\/2019\/wp-content\/uploads\/2020\/03\/trememb\u00e91.jpeg 1262w, https:\/\/jorgezanoni.com.br\/2019\/wp-content\/uploads\/2020\/03\/trememb\u00e91-300x225.jpeg 300w, https:\/\/jorgezanoni.com.br\/2019\/wp-content\/uploads\/2020\/03\/trememb\u00e91-768x576.jpeg 768w, https:\/\/jorgezanoni.com.br\/2019\/wp-content\/uploads\/2020\/03\/trememb\u00e91-1024x768.jpeg 1024w, https:\/\/jorgezanoni.com.br\/2019\/wp-content\/uploads\/2020\/03\/trememb\u00e91-80x60.jpeg 80w, https:\/\/jorgezanoni.com.br\/2019\/wp-content\/uploads\/2020\/03\/trememb\u00e91-265x198.jpeg 265w, https:\/\/jorgezanoni.com.br\/2019\/wp-content\/uploads\/2020\/03\/trememb\u00e91-696x522.jpeg 696w, https:\/\/jorgezanoni.com.br\/2019\/wp-content\/uploads\/2020\/03\/trememb\u00e91-1068x801.jpeg 1068w, https:\/\/jorgezanoni.com.br\/2019\/wp-content\/uploads\/2020\/03\/trememb\u00e91-560x420.jpeg 560w\" sizes=\"auto, (max-width: 1262px) 100vw, 1262px\" \/>Detentos fazem rebeli\u00e3o no Pemano em Trememb\u00e9 \u2014 Foto: Luiz Big\/ TV Vanguarda<\/p>\n<div class=\"mc-column content-text active-extra-styles\" style=\"text-align: justify;\" data-block-type=\"raw\" data-block-weight=\"1\" data-block-id=\"20\">\n<div class=\"content-intertitle\">\n<h2>Mirand\u00f3polis<\/h2>\n<\/div>\n<\/div>\n<div class=\"mc-column content-text active-extra-styles \" style=\"text-align: justify;\" data-block-type=\"unstyled\" data-block-weight=\"31\" data-block-id=\"21\">\n<p class=\"content-text__container \" data-track-category=\"Link no Texto\" data-track-links=\"\"><a href=\"https:\/\/g1.globo.com\/sp\/sao-jose-do-rio-preto-aracatuba\/noticia\/2020\/03\/16\/penitenciaria-registra-rebeliao-de-presos-em-mirandopolis.ghtml\">Presos da penitenci\u00e1ria de Mirand\u00f3polis, interior paulista, fizeram uma rebeli\u00e3o<\/a> na noite desta segunda-feira, segundo informou a Pol\u00edcia Militar. S\u00e3o detentos do regime semiaberto. Equipes foram acionadas para conter o movimento.<\/p>\n<\/div>\n<div class=\"mc-column content-text active-extra-styles \" data-block-type=\"unstyled\" data-block-weight=\"18\" data-block-id=\"23\">\n<p class=\"content-text__container \" style=\"text-align: justify;\" data-track-category=\"Link no Texto\" data-track-links=\"\">A Secretaria da Administra\u00e7\u00e3o Penitenci\u00e1ria informou que 16 reeducandos participavam da a\u00e7\u00e3o e atearam fogo em seus pertences.<\/p>\n<div class=\"mc-column content-text active-extra-styles\" style=\"text-align: justify;\" data-block-type=\"raw\" data-block-weight=\"2\" data-block-id=\"25\">\n<div class=\"content-intertitle\">\n<h2>Porto Feliz<\/h2>\n<\/div>\n<\/div>\n<div class=\"mc-column content-text active-extra-styles \" style=\"text-align: justify;\" data-block-type=\"unstyled\" data-block-weight=\"33\" data-block-id=\"26\">\n<p class=\"content-text__container \" data-track-category=\"Link no Texto\" data-track-links=\"\"><a href=\"https:\/\/g1.globo.com\/sp\/sorocaba-jundiai\/noticia\/2020\/03\/16\/penitenciaria-de-porto-feliz-registra-rebeliao-e-fuga-de-presos.ghtml\">Detentos do Centro de Progress\u00e3o Penitenci\u00e1ria de Porto feliz (SP) se rebelaram<\/a>\u00a0no in\u00edcio da noite desta segunda-feira. Parte dos presos fugiu e os que permaneceram na unidade promoveram quebra-quebra e queimaram colch\u00f5es.<\/p>\n<\/div>\n<div class=\"mc-column content-text active-extra-styles \" style=\"text-align: justify;\" data-block-type=\"unstyled\" data-block-weight=\"21\" data-block-id=\"27\">\n<p class=\"content-text__container \" data-track-category=\"Link no Texto\" data-track-links=\"\">A Pol\u00edcia Militar e a Guarda Civil Municipal ficaram do lado de fora da penitenci\u00e1ria, e n\u00e3o havia informa\u00e7\u00f5es sobre ref\u00e9ns.<\/p>\n<p data-track-category=\"Link no Texto\" data-track-links=\"\"><img loading=\"lazy\" decoding=\"async\" class=\"alignnone size-full wp-image-21440\" src=\"https:\/\/jorgezanoni.com.br\/2019\/wp-content\/uploads\/2020\/03\/porto-feliz.jpg\" alt=\"\" width=\"1262\" height=\"731\" srcset=\"https:\/\/jorgezanoni.com.br\/2019\/wp-content\/uploads\/2020\/03\/porto-feliz.jpg 1262w, https:\/\/jorgezanoni.com.br\/2019\/wp-content\/uploads\/2020\/03\/porto-feliz-300x174.jpg 300w, https:\/\/jorgezanoni.com.br\/2019\/wp-content\/uploads\/2020\/03\/porto-feliz-768x445.jpg 768w, https:\/\/jorgezanoni.com.br\/2019\/wp-content\/uploads\/2020\/03\/porto-feliz-1024x593.jpg 1024w, https:\/\/jorgezanoni.com.br\/2019\/wp-content\/uploads\/2020\/03\/porto-feliz-696x403.jpg 696w, https:\/\/jorgezanoni.com.br\/2019\/wp-content\/uploads\/2020\/03\/porto-feliz-1068x619.jpg 1068w, https:\/\/jorgezanoni.com.br\/2019\/wp-content\/uploads\/2020\/03\/porto-feliz-725x420.jpg 725w\" sizes=\"auto, (max-width: 1262px) 100vw, 1262px\" \/>PMs foram acionados para rebeli\u00e3o em CPP de Porto Feliz \u2014 Foto: Mayara Corr\u00eaa\/TV TEM<\/p>\n<div class=\"mc-column content-text active-extra-styles\" data-block-type=\"raw\" data-block-weight=\"3\" data-block-id=\"32\">\n<div class=\"content-intertitle\">\n<h2>Restri\u00e7\u00e3o de circula\u00e7\u00e3o<\/h2>\n<\/div>\n<\/div>\n<div class=\"mc-column content-text active-extra-styles \" data-block-type=\"unstyled\" data-block-weight=\"33\" data-block-id=\"33\">\n<p class=\"content-text__container \" data-track-category=\"Link no Texto\" data-track-links=\"\">Na quinta-feira (12), \u00f3rg\u00e3os p\u00fablicos cujas sedes est\u00e3o instaladas na cidade de S\u00e3o Paulo implementaram\u00a0<a href=\"https:\/\/g1.globo.com\/sp\/sao-paulo\/noticia\/2020\/03\/12\/orgaos-publicos-de-sp-limitam-acesso-para-contencao-e-prevencao-do-coronavirus.ghtml\">restri\u00e7\u00f5es \u00e0 entrada e \u00e0 circula\u00e7\u00e3o de pessoas como forma de conten\u00e7\u00e3o<\/a>\u00a0e preven\u00e7\u00e3o de infec\u00e7\u00f5es por coronav\u00edrus.<\/p>\n<\/div>\n<div class=\"mc-column content-text active-extra-styles \" data-block-type=\"unstyled\" data-block-weight=\"42\" data-block-id=\"34\">\n<p class=\"content-text__container \" data-track-category=\"Link no Texto\" data-track-links=\"\">Nesta segunda, o\u00a0<a href=\"https:\/\/g1.globo.com\/sp\/sao-paulo\/noticia\/2020\/03\/16\/coronavirus-faz-justica-de-sp-suspender-audiencias-nao-urgentes-e-vetar-publico-em-julgamentos-e-em-foruns.ghtml\">Tribunal de Justi\u00e7a de S\u00e3o Paulo decidiu suspender audi\u00eancias consideradas n\u00e3o urgentes<\/a>\u00a0e vetou a presen\u00e7a do p\u00fablico em julgamentos e em f\u00f3runs para evitar o cont\u00e1gio do coronav\u00edrus. A recomenda\u00e7\u00e3o \u00e9 que s\u00f3 sejam atendidos casos considerados urgentes.<\/p>\n<\/div>\n<div class=\"mc-column content-text active-extra-styles \" data-block-type=\"unstyled\" data-block-weight=\"20\" data-block-id=\"35\">\n<p class=\"content-text__container \" data-track-category=\"Link no Texto\" data-track-links=\"\">S\u00e3o considerados casos urgentes em audi\u00eancias aqueles que envolvem r\u00e9us presos, menores infratores e alguns casos da \u00e1rea de fam\u00edlia.<\/p>\n<\/div>\n<div class=\"mc-column content-text active-extra-styles \" data-block-type=\"unstyled\" data-block-weight=\"18\" data-block-id=\"36\">\n<p class=\"content-text__container \" data-track-category=\"Link no Texto\" data-track-links=\"\">A Superintend\u00eancia da Pol\u00edcia Federal em S\u00e3o Paulo suspendeu as visitas \u00e0s pessoas custodiadas na sede da PF.<\/p>\n<\/div>\n<div class=\"mc-column content-text active-extra-styles \" data-block-type=\"unstyled\" data-block-weight=\"33\" data-block-id=\"37\">\n<p class=\"content-text__container \" data-track-category=\"Link no Texto\" data-track-links=\"\">As medidas de seguran\u00e7a para prevenir o cont\u00e1gio pela doen\u00e7a foram anunciadas na sexta (13) e s\u00e1bado (14) pelo Tribunal de Justi\u00e7a. As recomenda\u00e7\u00f5es seguem as orienta\u00e7\u00f5es divulgadas pelo Conselho Superior de Magistratura.<\/p>\n<p>https:\/\/g1.globo.com\/sp\/sao-paulo\/noticia\/2020\/03\/16\/presidios-de-sao-paulo-tem-fugas-e-rebelioes.ghtml<\/p>\n<\/div>\n<\/div>\n<p style=\"text-align: justify;\" data-track-category=\"Link no Texto\" data-track-links=\"\">\n<\/div>\n<\/div>\n<\/div>\n<\/div>\n<\/div>\n<\/div>\n<\/div>\n<\/div>\n<\/div>\n<\/div>\n<div class=\"mc-column content-media content-video\" data-block-type=\"backstage-video\" data-block-id=\"4\">\n<div class=\"content-media__container\">\n<div class=\"content-video__bigger-player-description-fixer content-media__container--loaded\">\n<div class=\"content-video__video\">\n<div id=\"wp3-player-3\" class=\"clappr-player\" tabindex=\"9999\" data-player=\"\">\n<div class=\"media-control media-control-hide\">\n<div class=\"media-control-panel\">\n<div class=\"media-control-panel__between\"><\/div>\n<div class=\"media-control-panel__front-layer\">\n<div class=\"media-control-position__center\"><\/div>\n<div class=\"media-control-position__right\"><\/div>\n<\/div>\n<div class=\"media-control-panel__modal\"><\/div>\n<\/div>\n<\/div>\n<\/div>\n<\/div>\n<\/div>\n<\/div>\n<\/div>\n<\/div>\n","protected":false},"excerpt":{"rendered":"<p>Fugas aconteceram no fim da tarde desta segunda-feira, ap\u00f3s an\u00fancio de suspens\u00e3o da sa\u00edda de presos do semiaberto para evitar propaga\u00e7\u00e3o do coronav\u00edrus. Cerca de 400 detentos fugiram de uma unidade prisional em Mongagu\u00e1, na Baixada Santista, nesta segunda-feira (16). Houve ainda rebeli\u00f5es em mais quatro pres\u00eddios do interior de S\u00e3o Paulo: Trememb\u00e9, Mirand\u00f3polis, Porto [&hellip;]<\/p>\n","protected":false},"author":1,"featured_media":21443,"comment_status":"closed","ping_status":"open","sticky":false,"template":"","format":"standard","meta":{"footnotes":""},"categories":[110,2],"tags":[],"class_list":["post-21437","post","type-post","status-publish","format-standard","has-post-thumbnail","hentry","category-noticiasdestaque","category-policial"],"_links":{"self":[{"href":"https:\/\/jorgezanoni.com.br\/2019\/wp-json\/wp\/v2\/posts\/21437","targetHints":{"allow":["GET"]}}],"collection":[{"href":"https:\/\/jorgezanoni.com.br\/2019\/wp-json\/wp\/v2\/posts"}],"about":[{"href":"https:\/\/jorgezanoni.com.br\/2019\/wp-json\/wp\/v2\/types\/post"}],"author":[{"embeddable":true,"href":"https:\/\/jorgezanoni.com.br\/2019\/wp-json\/wp\/v2\/users\/1"}],"replies":[{"embeddable":true,"href":"https:\/\/jorgezanoni.com.br\/2019\/wp-json\/wp\/v2\/comments?post=21437"}],"version-history":[{"count":0,"href":"https:\/\/jorgezanoni.com.br\/2019\/wp-json\/wp\/v2\/posts\/21437\/revisions"}],"wp:featuredmedia":[{"embeddable":true,"href":"https:\/\/jorgezanoni.com.br\/2019\/wp-json\/wp\/v2\/media\/21443"}],"wp:attachment":[{"href":"https:\/\/jorgezanoni.com.br\/2019\/wp-json\/wp\/v2\/media?parent=21437"}],"wp:term":[{"taxonomy":"category","embeddable":true,"href":"https:\/\/jorgezanoni.com.br\/2019\/wp-json\/wp\/v2\/categories?post=21437"},{"taxonomy":"post_tag","embeddable":true,"href":"https:\/\/jorgezanoni.com.br\/2019\/wp-json\/wp\/v2\/tags?post=21437"}],"curies":[{"name":"wp","href":"https:\/\/api.w.org\/{rel}","templated":true}]}}