{"id":21434,"date":"2020-03-17T11:10:36","date_gmt":"2020-03-17T11:10:36","guid":{"rendered":"https:\/\/jorgezanoni.com.br\/2019\/?p=21434"},"modified":"2020-03-17T11:10:36","modified_gmt":"2020-03-17T11:10:36","slug":"morre-o-agricultor-vitima-de-acidente-com-trator-na-ultima-sexta-feira-em-junqueiropolis","status":"publish","type":"post","link":"https:\/\/jorgezanoni.com.br\/2019\/morre-o-agricultor-vitima-de-acidente-com-trator-na-ultima-sexta-feira-em-junqueiropolis\/","title":{"rendered":"Morre o agricultor v\u00edtima de acidente com trator na \u00faltima sexta-feira em Junqueir\u00f3polis"},"content":{"rendered":"<p style=\"text-align: justify;\">Faleceu na tarde de ontem em Hospital de Presidente Prudente onde estava internado desde a \u00faltima sexta-feira (13), o agricultor, sr. Jair Stochi.<\/p>\n<p style=\"text-align: justify;\">Ele havia sofrido um grave acidente em sua propriedade rural pr\u00f3ximo ao trevo de Junqueir\u00f3polis, foi socorrido pelos Bombeiros com paradas card\u00edacas, at\u00e9 a Santa Casa da cidade e de l\u00e1 transferido para Presidente Prudente.<\/p>\n<p style=\"text-align: justify;\">Era muito conhecido em Junqueir\u00f3polis e regi\u00e3o como produtor de Uva h\u00e1 muitos anos.<\/p>\n<p style=\"text-align: justify;\">Segundo informa\u00e7\u00e3o de familiares, o Corpo dever\u00e1 chegar em Junqueir\u00f3polis por volta das 13 Hs. de hoje (17) e o Sepultamento ainda n\u00e3o teve hor\u00e1rio confirmado.<\/p>\n<p style=\"text-align: justify;\">As informa\u00e7\u00f5es s\u00e3o da Tv Oeste Di\u00e1rio e Funer\u00e1ria S\u00e3o Vicente.<\/p>\n<p style=\"text-align: justify;\">O Site JZ se solidariza com os familiares e amigos neste momento dif\u00edcil e roga a Deus o conforto a todos.<\/p>\n<p style=\"text-align: justify;\">Jorge Zanoni<\/p>\n<p>&nbsp;<\/p>\n<p>&nbsp;<\/p>\n<p>&nbsp;<\/p>\n","protected":false},"excerpt":{"rendered":"<p>Faleceu na tarde de ontem em Hospital de Presidente Prudente onde estava internado desde a \u00faltima sexta-feira (13), o agricultor, sr. Jair Stochi. Ele havia sofrido um grave acidente em sua propriedade rural pr\u00f3ximo ao trevo de Junqueir\u00f3polis, foi socorrido pelos Bombeiros com paradas card\u00edacas, at\u00e9 a Santa Casa da cidade e de l\u00e1 transferido [&hellip;]<\/p>\n","protected":false},"author":1,"featured_media":21435,"comment_status":"closed","ping_status":"open","sticky":false,"template":"","format":"standard","meta":{"footnotes":""},"categories":[178,110],"tags":[],"class_list":["post-21434","post","type-post","status-publish","format-standard","has-post-thumbnail","hentry","category-notadefalecimento","category-noticiasdestaque"],"_links":{"self":[{"href":"https:\/\/jorgezanoni.com.br\/2019\/wp-json\/wp\/v2\/posts\/21434","targetHints":{"allow":["GET"]}}],"collection":[{"href":"https:\/\/jorgezanoni.com.br\/2019\/wp-json\/wp\/v2\/posts"}],"about":[{"href":"https:\/\/jorgezanoni.com.br\/2019\/wp-json\/wp\/v2\/types\/post"}],"author":[{"embeddable":true,"href":"https:\/\/jorgezanoni.com.br\/2019\/wp-json\/wp\/v2\/users\/1"}],"replies":[{"embeddable":true,"href":"https:\/\/jorgezanoni.com.br\/2019\/wp-json\/wp\/v2\/comments?post=21434"}],"version-history":[{"count":0,"href":"https:\/\/jorgezanoni.com.br\/2019\/wp-json\/wp\/v2\/posts\/21434\/revisions"}],"wp:featuredmedia":[{"embeddable":true,"href":"https:\/\/jorgezanoni.com.br\/2019\/wp-json\/wp\/v2\/media\/21435"}],"wp:attachment":[{"href":"https:\/\/jorgezanoni.com.br\/2019\/wp-json\/wp\/v2\/media?parent=21434"}],"wp:term":[{"taxonomy":"category","embeddable":true,"href":"https:\/\/jorgezanoni.com.br\/2019\/wp-json\/wp\/v2\/categories?post=21434"},{"taxonomy":"post_tag","embeddable":true,"href":"https:\/\/jorgezanoni.com.br\/2019\/wp-json\/wp\/v2\/tags?post=21434"}],"curies":[{"name":"wp","href":"https:\/\/api.w.org\/{rel}","templated":true}]}}