{"id":21431,"date":"2020-03-16T21:40:51","date_gmt":"2020-03-16T21:40:51","guid":{"rendered":"https:\/\/jorgezanoni.com.br\/2019\/?p=21431"},"modified":"2020-03-16T21:40:51","modified_gmt":"2020-03-16T21:40:51","slug":"veja-como-ficou-a-santa-no-trevo-da-bonifacio-apos-revitalizacao-3-videos","status":"publish","type":"post","link":"https:\/\/jorgezanoni.com.br\/2019\/veja-como-ficou-a-santa-no-trevo-da-bonifacio-apos-revitalizacao-3-videos\/","title":{"rendered":"Veja como ficou a Santa no trevo da Bonif\u00e1cio ap\u00f3s revitaliza\u00e7\u00e3o (3 v\u00eddeos)"},"content":{"rendered":"<div id=\"fb-root\"><\/div>\n<p><script async=\"1\" defer=\"1\" crossorigin=\"anonymous\" src=\"https:\/\/connect.facebook.net\/en_US\/sdk.js#xfbml=1&amp;version=v6.0\"><\/script><\/p>\n<div class=\"fb-video\" data-href=\"https:\/\/www.facebook.com\/jorgezanonidracena\/videos\/509027033130350\/\" data-width=\"696\">\n<blockquote cite=\"https:\/\/www.facebook.com\/jorgezanonidracena\/videos\/509027033130350\/\" class=\"fb-xfbml-parse-ignore\"><p><a href=\"https:\/\/www.facebook.com\/jorgezanonidracena\/videos\/509027033130350\/\">Fi\u00e9is participaram de um Ter\u00e7o em agradecimento a revitaliza\u00e7\u00e3o da Santa.<\/a><\/p>\n<p>Fi\u00e9is participaram de um Ter\u00e7o em agradecimento a revitaliza\u00e7\u00e3o da Santa.<\/p>\n<p>Posted by <a href=\"https:\/\/www.facebook.com\/jorgezanonidracena\/\">Jorge Zanoni<\/a> on Saturday, March 14, 2020<\/p><\/blockquote>\n<\/div>\n<div id=\"fb-root\"><\/div>\n<p><script async=\"1\" defer=\"1\" crossorigin=\"anonymous\" src=\"https:\/\/connect.facebook.net\/en_US\/sdk.js#xfbml=1&amp;version=v6.0\"><\/script><\/p>\n<div class=\"fb-video\" data-href=\"https:\/\/www.facebook.com\/jorgezanonidracena\/videos\/2473099402943159\/\" data-width=\"696\">\n<blockquote cite=\"https:\/\/www.facebook.com\/jorgezanonidracena\/videos\/2473099402943159\/\" class=\"fb-xfbml-parse-ignore\"><p><a href=\"https:\/\/www.facebook.com\/jorgezanonidracena\/videos\/2473099402943159\/\">Momento que as luzes foram acesa ap\u00f3s revitaliza\u00e7\u00e3o da Santa<\/a><\/p>\n<p>Momento que as luzes foram acesa ap\u00f3s revitaliza\u00e7\u00e3o da Santa<\/p>\n<p>Posted by <a href=\"https:\/\/www.facebook.com\/jorgezanonidracena\/\">Jorge Zanoni<\/a> on Saturday, March 14, 2020<\/p><\/blockquote>\n<\/div>\n<div id=\"fb-root\"><\/div>\n<p><script async=\"1\" defer=\"1\" crossorigin=\"anonymous\" src=\"https:\/\/connect.facebook.net\/en_US\/sdk.js#xfbml=1&amp;version=v6.0\"><\/script><\/p>\n<div class=\"fb-video\" data-href=\"https:\/\/www.facebook.com\/jorgezanonidracena\/videos\/961488760920145\/\" data-width=\"696\">\n<blockquote cite=\"https:\/\/www.facebook.com\/jorgezanonidracena\/videos\/961488760920145\/\" class=\"fb-xfbml-parse-ignore\"><p><a href=\"https:\/\/www.facebook.com\/jorgezanonidracena\/videos\/961488760920145\/\">Andr\u00e9 Cardoso que faz trabalho volunt\u00e1rio, fala sobre revitaliza\u00e7\u00e3o da Santa no trevo da Jos\u00e9 Bonif\u00e1cio<\/a><\/p>\n<p>Andr\u00e9 Cardoso que faz trabalho volunt\u00e1rio, fala sobre revitaliza\u00e7\u00e3o da Santa no trevo da Jos\u00e9 Bonif\u00e1cio.<\/p>\n<p>Posted by <a href=\"https:\/\/www.facebook.com\/jorgezanonidracena\/\">Jorge Zanoni<\/a> on Saturday, March 14, 2020<\/p><\/blockquote>\n<\/div>\n","protected":false},"excerpt":{"rendered":"<p>Fi\u00e9is participaram de um Ter\u00e7o em agradecimento a revitaliza\u00e7\u00e3o da Santa. Fi\u00e9is participaram de um Ter\u00e7o em agradecimento a revitaliza\u00e7\u00e3o da Santa. Posted by Jorge Zanoni on Saturday, March 14, 2020 Momento que as luzes foram acesa ap\u00f3s revitaliza\u00e7\u00e3o da Santa Momento que as luzes foram acesa ap\u00f3s revitaliza\u00e7\u00e3o da Santa Posted by Jorge Zanoni [&hellip;]<\/p>\n","protected":false},"author":1,"featured_media":21432,"comment_status":"closed","ping_status":"open","sticky":false,"template":"","format":"video","meta":{"footnotes":""},"categories":[118,169],"tags":[],"class_list":["post-21431","post","type-post","status-publish","format-video","has-post-thumbnail","hentry","category-religiaoesolidariedade","category-videos","post_format-post-format-video"],"_links":{"self":[{"href":"https:\/\/jorgezanoni.com.br\/2019\/wp-json\/wp\/v2\/posts\/21431","targetHints":{"allow":["GET"]}}],"collection":[{"href":"https:\/\/jorgezanoni.com.br\/2019\/wp-json\/wp\/v2\/posts"}],"about":[{"href":"https:\/\/jorgezanoni.com.br\/2019\/wp-json\/wp\/v2\/types\/post"}],"author":[{"embeddable":true,"href":"https:\/\/jorgezanoni.com.br\/2019\/wp-json\/wp\/v2\/users\/1"}],"replies":[{"embeddable":true,"href":"https:\/\/jorgezanoni.com.br\/2019\/wp-json\/wp\/v2\/comments?post=21431"}],"version-history":[{"count":0,"href":"https:\/\/jorgezanoni.com.br\/2019\/wp-json\/wp\/v2\/posts\/21431\/revisions"}],"wp:featuredmedia":[{"embeddable":true,"href":"https:\/\/jorgezanoni.com.br\/2019\/wp-json\/wp\/v2\/media\/21432"}],"wp:attachment":[{"href":"https:\/\/jorgezanoni.com.br\/2019\/wp-json\/wp\/v2\/media?parent=21431"}],"wp:term":[{"taxonomy":"category","embeddable":true,"href":"https:\/\/jorgezanoni.com.br\/2019\/wp-json\/wp\/v2\/categories?post=21431"},{"taxonomy":"post_tag","embeddable":true,"href":"https:\/\/jorgezanoni.com.br\/2019\/wp-json\/wp\/v2\/tags?post=21431"}],"curies":[{"name":"wp","href":"https:\/\/api.w.org\/{rel}","templated":true}]}}