{"id":21428,"date":"2020-03-16T21:14:08","date_gmt":"2020-03-16T21:14:08","guid":{"rendered":"https:\/\/jorgezanoni.com.br\/2019\/?p=21428"},"modified":"2020-03-16T21:14:08","modified_gmt":"2020-03-16T21:14:08","slug":"prefeito-medica-infectologista-e-secretaria-da-saude-falam-sobre-combate-e-prevencao-contra-o-coronavirus","status":"publish","type":"post","link":"https:\/\/jorgezanoni.com.br\/2019\/prefeito-medica-infectologista-e-secretaria-da-saude-falam-sobre-combate-e-prevencao-contra-o-coronavirus\/","title":{"rendered":"Prefeito, m\u00e9dica infectologista e secret\u00e1ria da sa\u00fade falam sobre combate e preven\u00e7\u00e3o contra o Coronav\u00edrus"},"content":{"rendered":"<p style=\"text-align: justify;\">O Prefeito de Dracena Juliano Bertolini, a m\u00e9dica infectologista Dra. Germana Fernanda de Souza e a secret\u00e1ria de sa\u00fade\u00a0Dra. Ronize Seefelder, participaram de uma coletiva de imprensa na tarde desta segunda-feira (16), esclarecendo assuntos relacionados ao combate e preven\u00e7\u00e3o contra o Coranav\u00edrus (Covid-19).<\/p>\n<div id=\"fb-root\"><\/div>\n<p><script async=\"1\" defer=\"1\" crossorigin=\"anonymous\" src=\"https:\/\/connect.facebook.net\/en_US\/sdk.js#xfbml=1&amp;version=v6.0\"><\/script><\/p>\n<div class=\"fb-video\" data-href=\"https:\/\/www.facebook.com\/jorgezanonidracena\/videos\/2746857762028226\/\" data-width=\"696\">\n<blockquote cite=\"https:\/\/www.facebook.com\/jorgezanonidracena\/videos\/2746857762028226\/\" class=\"fb-xfbml-parse-ignore\"><p><a href=\"https:\/\/www.facebook.com\/jorgezanonidracena\/videos\/2746857762028226\/\">Prefeito, m\u00e9dica infectologista e secret\u00e1ria da sa\u00fade falam sobre combate e preven\u00e7\u00e3o contra o Coronav\u00edrus<\/a><\/p>\n<p>Prefeito, m\u00e9dica infectologista e secret\u00e1ria da sa\u00fade falam sobre combate e preven\u00e7\u00e3o contra o Coronav\u00edrus.<\/p>\n<p>Posted by <a href=\"https:\/\/www.facebook.com\/jorgezanonidracena\/\">Jorge Zanoni<\/a> on Monday, March 16, 2020<\/p><\/blockquote>\n<\/div>\n<p>&nbsp;<\/p>\n","protected":false},"excerpt":{"rendered":"<p>O Prefeito de Dracena Juliano Bertolini, a m\u00e9dica infectologista Dra. Germana Fernanda de Souza e a secret\u00e1ria de sa\u00fade\u00a0Dra. Ronize Seefelder, participaram de uma coletiva de imprensa na tarde desta segunda-feira (16), esclarecendo assuntos relacionados ao combate e preven\u00e7\u00e3o contra o Coranav\u00edrus (Covid-19). Prefeito, m\u00e9dica infectologista e secret\u00e1ria da sa\u00fade falam sobre combate e preven\u00e7\u00e3o [&hellip;]<\/p>\n","protected":false},"author":1,"featured_media":21429,"comment_status":"closed","ping_status":"open","sticky":false,"template":"","format":"video","meta":{"footnotes":""},"categories":[110,169],"tags":[],"class_list":["post-21428","post","type-post","status-publish","format-video","has-post-thumbnail","hentry","category-noticiasdestaque","category-videos","post_format-post-format-video"],"_links":{"self":[{"href":"https:\/\/jorgezanoni.com.br\/2019\/wp-json\/wp\/v2\/posts\/21428","targetHints":{"allow":["GET"]}}],"collection":[{"href":"https:\/\/jorgezanoni.com.br\/2019\/wp-json\/wp\/v2\/posts"}],"about":[{"href":"https:\/\/jorgezanoni.com.br\/2019\/wp-json\/wp\/v2\/types\/post"}],"author":[{"embeddable":true,"href":"https:\/\/jorgezanoni.com.br\/2019\/wp-json\/wp\/v2\/users\/1"}],"replies":[{"embeddable":true,"href":"https:\/\/jorgezanoni.com.br\/2019\/wp-json\/wp\/v2\/comments?post=21428"}],"version-history":[{"count":0,"href":"https:\/\/jorgezanoni.com.br\/2019\/wp-json\/wp\/v2\/posts\/21428\/revisions"}],"wp:featuredmedia":[{"embeddable":true,"href":"https:\/\/jorgezanoni.com.br\/2019\/wp-json\/wp\/v2\/media\/21429"}],"wp:attachment":[{"href":"https:\/\/jorgezanoni.com.br\/2019\/wp-json\/wp\/v2\/media?parent=21428"}],"wp:term":[{"taxonomy":"category","embeddable":true,"href":"https:\/\/jorgezanoni.com.br\/2019\/wp-json\/wp\/v2\/categories?post=21428"},{"taxonomy":"post_tag","embeddable":true,"href":"https:\/\/jorgezanoni.com.br\/2019\/wp-json\/wp\/v2\/tags?post=21428"}],"curies":[{"name":"wp","href":"https:\/\/api.w.org\/{rel}","templated":true}]}}