{"id":21417,"date":"2020-03-16T17:35:33","date_gmt":"2020-03-16T17:35:33","guid":{"rendered":"https:\/\/jorgezanoni.com.br\/2019\/?p=21417"},"modified":"2020-03-16T17:36:56","modified_gmt":"2020-03-16T17:36:56","slug":"informacoes-adicionais-sobre-os-documentos-protocolados-na-ultima-semana-na-camara-e-seus-desdo","status":"publish","type":"post","link":"https:\/\/jorgezanoni.com.br\/2019\/informacoes-adicionais-sobre-os-documentos-protocolados-na-ultima-semana-na-camara-e-seus-desdo\/","title":{"rendered":"Informa\u00e7\u00f5es adicionais sobre os documentos protocolados na \u00faltima semana na C\u00e2mara e seus desdobramentos"},"content":{"rendered":"<p style=\"text-align: justify;\"><strong>Informa\u00e7\u00f5es adicionais sobre os documentos protocolados esta semana na C\u00e2mara.<\/strong><\/p>\n<p style=\"text-align: justify;\">Como foi informado \u00e0 imprensa no release anterior, tr\u00eas documentos foram protocolados na manh\u00e3 de quinta-feira, 12 de mar\u00e7o: O pedido de instaura\u00e7\u00e3o de Comiss\u00e3o Processante para apura\u00e7\u00e3o de den\u00fancias de poss\u00edvel quebra de decoro parlamentar por parte do vereador Higor Tossato, apresentado pelos cidad\u00e3os Bruno Brandino e Valter Fernandes; outro do cidad\u00e3o Clovis Amorim de afastamento preventivo do vereador acusado, o que foi indeferido por falta de fundamenta\u00e7\u00e3o legal; e o outro do vereador Claudevi Oliveira da Silva Junior de instaura\u00e7\u00e3o da Comiss\u00e3o Processante para cassa\u00e7\u00e3o do mandato do vereador Higor.<\/p>\n<p style=\"text-align: justify;\">Na tarde desta sexta-feira, 13, o vereador Higor Tossato protocolou um pedido instaura\u00e7\u00e3o de Comiss\u00e3o Processante para cassa\u00e7\u00e3o de mandato do vereador Claudevi por quebra de decoro parlamentar e de afastamento da assessora jur\u00eddica da C\u00e2mara de Dracena, Nat\u00e1lia P. Gesteiro da Palma, &#8220;por lisura processual e compromisso \u00e9tico&#8221;, haja vista ser s\u00f3cia propriet\u00e1ria do Jornal Interativo.<\/p>\n<p style=\"text-align: justify;\">Diante dos fatos, na sess\u00e3o desta segunda-feira, 16, ser\u00e3o lidas e votadas as tr\u00eas den\u00fancias, necessitando apenas receber a aprova\u00e7\u00e3o da maioria simples para instaura\u00e7\u00e3o das comiss\u00f5es processantes ainda nessa mesma sess\u00e3o.<\/p>\n<p style=\"text-align: justify;\">Fonte: Assessoria Municipal da C\u00e2mara Municipal<\/p>\n","protected":false},"excerpt":{"rendered":"<p>Informa\u00e7\u00f5es adicionais sobre os documentos protocolados esta semana na C\u00e2mara. Como foi informado \u00e0 imprensa no release anterior, tr\u00eas documentos foram protocolados na manh\u00e3 de quinta-feira, 12 de mar\u00e7o: O pedido de instaura\u00e7\u00e3o de Comiss\u00e3o Processante para apura\u00e7\u00e3o de den\u00fancias de poss\u00edvel quebra de decoro parlamentar por parte do vereador Higor Tossato, apresentado pelos cidad\u00e3os [&hellip;]<\/p>\n","protected":false},"author":1,"featured_media":21418,"comment_status":"closed","ping_status":"open","sticky":false,"template":"","format":"standard","meta":{"footnotes":""},"categories":[110,116],"tags":[],"class_list":["post-21417","post","type-post","status-publish","format-standard","has-post-thumbnail","hentry","category-noticiasdestaque","category-politicaeeconomia"],"_links":{"self":[{"href":"https:\/\/jorgezanoni.com.br\/2019\/wp-json\/wp\/v2\/posts\/21417","targetHints":{"allow":["GET"]}}],"collection":[{"href":"https:\/\/jorgezanoni.com.br\/2019\/wp-json\/wp\/v2\/posts"}],"about":[{"href":"https:\/\/jorgezanoni.com.br\/2019\/wp-json\/wp\/v2\/types\/post"}],"author":[{"embeddable":true,"href":"https:\/\/jorgezanoni.com.br\/2019\/wp-json\/wp\/v2\/users\/1"}],"replies":[{"embeddable":true,"href":"https:\/\/jorgezanoni.com.br\/2019\/wp-json\/wp\/v2\/comments?post=21417"}],"version-history":[{"count":0,"href":"https:\/\/jorgezanoni.com.br\/2019\/wp-json\/wp\/v2\/posts\/21417\/revisions"}],"wp:featuredmedia":[{"embeddable":true,"href":"https:\/\/jorgezanoni.com.br\/2019\/wp-json\/wp\/v2\/media\/21418"}],"wp:attachment":[{"href":"https:\/\/jorgezanoni.com.br\/2019\/wp-json\/wp\/v2\/media?parent=21417"}],"wp:term":[{"taxonomy":"category","embeddable":true,"href":"https:\/\/jorgezanoni.com.br\/2019\/wp-json\/wp\/v2\/categories?post=21417"},{"taxonomy":"post_tag","embeddable":true,"href":"https:\/\/jorgezanoni.com.br\/2019\/wp-json\/wp\/v2\/tags?post=21417"}],"curies":[{"name":"wp","href":"https:\/\/api.w.org\/{rel}","templated":true}]}}