{"id":21413,"date":"2020-03-16T15:52:24","date_gmt":"2020-03-16T15:52:24","guid":{"rendered":"https:\/\/jorgezanoni.com.br\/2019\/?p=21413"},"modified":"2020-03-16T15:53:11","modified_gmt":"2020-03-16T15:53:11","slug":"candidaturas-coletivas","status":"publish","type":"post","link":"https:\/\/jorgezanoni.com.br\/2019\/candidaturas-coletivas\/","title":{"rendered":"Candidaturas coletivas"},"content":{"rendered":"<p style=\"text-align: justify;\">CANDIDATURAS COLETIVAS<\/p>\n<p style=\"text-align: justify;\">&#8220;Renovar ou morrer. Ent\u00e3o vamos renovar&#8221;. Esse \u00e9 um refr\u00e3o que acompanha todas as atividades humanas desde sempre. A democracia, como todas as outras institui\u00e7\u00f5es, tem que se renovar para se aperfei\u00e7oar.<br \/>\nUltimamente se tem discutido muito sobre as candidaturas coletivas, uma nova ideia que surgiu para o aperfei\u00e7oamento do processo eleitoral, assim como as urnas eletr\u00f4nicas, hoje j\u00e1 aceitas em quase todos os pa\u00edses democr\u00e1ticos.<br \/>\nEssa nova modalidade de candidatura aproxima o eleitor do candidato eleito atrav\u00e9s de um canal de comunica\u00e7\u00e3o mais eficaz. \u00c9 comum a pessoa quando eleita para um cargo p\u00fablico, esquecer uma s\u00e9rie de compromissos assumidos enquanto candidato, deixando o eleitor desiludido em rela\u00e7\u00e3o aos pol\u00edticos e ao seu modo de agir.<br \/>\nNem sempre a culpa \u00e9 do pol\u00edtico. \u00c1s vezes, o pol\u00edtico saturou seu tempo com suas obriga\u00e7\u00f5es particulares mais aquelas assumidas com sua elei\u00e7\u00e3o e, assim, n\u00e3o lhe sobra tempo para recordar compromissos assumidos ou\u00a0 linhas de a\u00e7\u00e3o tomadas. E a\u00ed ele falha com seus eleitores e, o que n\u00e3o \u00e9 raro, muda at\u00e9 mesmo sua tend\u00eancia pol\u00edtica, desiludindo a todos, \u00e1s vezes at\u00e9 a si pr\u00f3prio.<br \/>\nPara minimizar esses problemas, est\u00e1 ganhando for\u00e7a as &#8220;candidaturas coletivas&#8221;\u00a0 que \u00e9 um processo de aperfei\u00e7oamento no qual um grupo se candidata a um cargo e todos decidem em conjunto as a\u00e7\u00f5es que, antes, eram destinadas a um \u00fanico elemento decidir.<br \/>\nAinda n\u00e3o existe uma legisla\u00e7\u00e3o espec\u00edfica sobre isso, mas tamb\u00e9m n\u00e3o existe nenhuma proibi\u00e7\u00e3o legal. Assim, a ideia est\u00e1 crescendo e j\u00e1 sendo posta em pr\u00e1tica em alguns lugares. E o melhor: est\u00e1 dando certo. Por enquanto baseia-se em compromisso moral entre os componentes, mas com o seu uso n\u00e3o tardar\u00e1 a se tornar norma legal..<br \/>\n&#8220;Na candidatura coletiva, um grupo de pessoas se re\u00fane em torno de um nome- o \u00fanico com candidatura registrada na Justi\u00e7a Eleitoral- e pedem votos durante a campanha eleitoral para esse nome. A quest\u00e3o \u00e9 que n\u00e3o \u00e9 ele, sozinho, que vai exercer o mandato. \u00c9 o grupo , com decis\u00f5es tomadas coletivamente.&#8221; Como n\u00e3o h\u00e1 legisla\u00e7\u00e3o espec\u00edfica sobre o procedimento, a confian\u00e7a entre eles \u00e9 que balizar\u00e1 suas a\u00e7\u00f5es.<br \/>\nA primeira experi\u00eancia no Brasil para uma C\u00e2mara Municipal foi feita em 2016 em Alto Para\u00edso de Goi\u00e1s com um grupo formado por cinco integrantes que discutem todos os assuntos que devem ser votados na C\u00e2mara Municipal e decidem o que ser\u00e1 melhor para a popula\u00e7\u00e3o.\u00a0 Embora apenas um integrante seja registrado como vereador, as decis\u00f5es saem sempre da discuss\u00e3o dos cinco.<br \/>\nMas para deputado estadual a experi\u00eancia j\u00e1 foi feita no Mato Grosso do Sul com o lan\u00e7amento da candidatura com o nome &#8220;MS Coletivo&#8221;; no Paran\u00e1 com a candidatura &#8220;Diogo Rech do mandato Coletivo&#8221; e em S\u00e3o Paulo tivemos dois grupos: o &#8220;Mandato Coletivo Feminino&#8221; e o &#8221; J\u00e9ssica Candidatura Coletiva&#8221;.<br \/>\nSeria interessante que outras candidaturas coletivas surgissem at\u00e9 para que, em futuro breve, possa haver a legaliza\u00e7\u00e3o expl\u00edcita dessa nova modalidade de escolha de representantes e colocar mais uma vez em voga o ditado que diz: &#8220;V\u00e1rias cabe\u00e7as pensam melhor que uma&#8221;.<\/p>\n<p style=\"text-align: justify;\">Thereza Pitta<br \/>\nat\u00e9 segunda- feira<\/p>\n","protected":false},"excerpt":{"rendered":"<p>CANDIDATURAS COLETIVAS &#8220;Renovar ou morrer. Ent\u00e3o vamos renovar&#8221;. Esse \u00e9 um refr\u00e3o que acompanha todas as atividades humanas desde sempre. A democracia, como todas as outras institui\u00e7\u00f5es, tem que se renovar para se aperfei\u00e7oar. Ultimamente se tem discutido muito sobre as candidaturas coletivas, uma nova ideia que surgiu para o aperfei\u00e7oamento do processo eleitoral, assim [&hellip;]<\/p>\n","protected":false},"author":1,"featured_media":21414,"comment_status":"closed","ping_status":"open","sticky":false,"template":"","format":"standard","meta":{"footnotes":""},"categories":[175],"tags":[],"class_list":["post-21413","post","type-post","status-publish","format-standard","has-post-thumbnail","hentry","category-artigos"],"_links":{"self":[{"href":"https:\/\/jorgezanoni.com.br\/2019\/wp-json\/wp\/v2\/posts\/21413","targetHints":{"allow":["GET"]}}],"collection":[{"href":"https:\/\/jorgezanoni.com.br\/2019\/wp-json\/wp\/v2\/posts"}],"about":[{"href":"https:\/\/jorgezanoni.com.br\/2019\/wp-json\/wp\/v2\/types\/post"}],"author":[{"embeddable":true,"href":"https:\/\/jorgezanoni.com.br\/2019\/wp-json\/wp\/v2\/users\/1"}],"replies":[{"embeddable":true,"href":"https:\/\/jorgezanoni.com.br\/2019\/wp-json\/wp\/v2\/comments?post=21413"}],"version-history":[{"count":0,"href":"https:\/\/jorgezanoni.com.br\/2019\/wp-json\/wp\/v2\/posts\/21413\/revisions"}],"wp:featuredmedia":[{"embeddable":true,"href":"https:\/\/jorgezanoni.com.br\/2019\/wp-json\/wp\/v2\/media\/21414"}],"wp:attachment":[{"href":"https:\/\/jorgezanoni.com.br\/2019\/wp-json\/wp\/v2\/media?parent=21413"}],"wp:term":[{"taxonomy":"category","embeddable":true,"href":"https:\/\/jorgezanoni.com.br\/2019\/wp-json\/wp\/v2\/categories?post=21413"},{"taxonomy":"post_tag","embeddable":true,"href":"https:\/\/jorgezanoni.com.br\/2019\/wp-json\/wp\/v2\/tags?post=21413"}],"curies":[{"name":"wp","href":"https:\/\/api.w.org\/{rel}","templated":true}]}}