{"id":21410,"date":"2020-03-16T15:25:22","date_gmt":"2020-03-16T15:25:22","guid":{"rendered":"https:\/\/jorgezanoni.com.br\/2019\/?p=21410"},"modified":"2020-03-16T15:25:22","modified_gmt":"2020-03-16T15:25:22","slug":"comunicado-sobre-suspensao-de-aulas-unifadra-fundec","status":"publish","type":"post","link":"https:\/\/jorgezanoni.com.br\/2019\/comunicado-sobre-suspensao-de-aulas-unifadra-fundec\/","title":{"rendered":"Comunicado sobre suspens\u00e3o de aulas UNIFADRA\/FUNDEC"},"content":{"rendered":"<p style=\"font-weight: 400; text-align: justify;\">Prezados estudantes,<\/p>\n<p style=\"font-weight: 400; text-align: justify;\">Considerando as novas recomenda\u00e7\u00f5es do Minist\u00e9rio da Sa\u00fade, da Secretaria de Estado da Sa\u00fade, da Secretaria de Estado da Educa\u00e7\u00e3o e do Conselho Estadual de Educa\u00e7\u00e3o do Estado de S\u00e3o Paulo (CEE-SP) referentes \u00e0 pandemia de COVID-19, a Fundec e suas unidades escolares (Unifadra, CEP\/UME e Anglo-CID) adotar\u00e3o medidas para conter a propaga\u00e7\u00e3o do v\u00edrus e manter a seguran\u00e7a dos estudantes e da comunidade.<br \/>\nAssim,\u00a0<strong>a partir do dia 17\/03\/2020<\/strong>\u00a0(ter\u00e7a-feira), as atividades presenciais dos cursos da Unifadra, do CEP\/UME e do Anglo-CID estar\u00e3o suspensas preventivamente pelo prazo m\u00ednimo de 15 dias.<br \/>\nAo longo desta segunda-feira,\u00a0<strong>dia 16\/03\/2020,<\/strong>\u00a0os estudantes receber\u00e3o, presencialmente, esclarecimentos importantes durante as aulas matutinas, vespertinas e noturnas quanto \u00e0s adapta\u00e7\u00f5es no cronograma e atividades que ser\u00e3o desenvolvidas nesse per\u00edodo de suspens\u00e3o de aulas.<br \/>\nOs setores administrativos das unidades escolares continuar\u00e3o funcionando normalmente.<br \/>\nDepois desse prazo, ser\u00e1 avaliada a situa\u00e7\u00e3o para decidir sobre a volta \u00e0s aulas ou a prorroga\u00e7\u00e3o da suspens\u00e3o. Todas as informa\u00e7\u00f5es ser\u00e3o divulgadas nas nossas redes sociais e site.<br \/>\nContamos com o apoio e compreens\u00e3o de todos.<\/p>\n<p style=\"font-weight: 400; text-align: justify;\">Atenciosamente,<\/p>\n<p style=\"font-weight: 400; text-align: justify;\">Dire\u00e7\u00e3o do Anglo-CID<br \/>\nDire\u00e7\u00e3o do CEP\/UME<br \/>\nDire\u00e7\u00e3o Acad\u00eamica da Unifadra<br \/>\nDire\u00e7\u00e3o Executiva da Fundec<\/p>\n<p style=\"font-weight: 400;\"><strong>Carolina Colnago<\/strong><\/p>\n<p style=\"font-weight: 400;\">Assessora de Comunica\u00e7\u00e3o da Fundec &#8211; Jornalista<\/p>\n","protected":false},"excerpt":{"rendered":"<p>Prezados estudantes, Considerando as novas recomenda\u00e7\u00f5es do Minist\u00e9rio da Sa\u00fade, da Secretaria de Estado da Sa\u00fade, da Secretaria de Estado da Educa\u00e7\u00e3o e do Conselho Estadual de Educa\u00e7\u00e3o do Estado de S\u00e3o Paulo (CEE-SP) referentes \u00e0 pandemia de COVID-19, a Fundec e suas unidades escolares (Unifadra, CEP\/UME e Anglo-CID) adotar\u00e3o medidas para conter a propaga\u00e7\u00e3o [&hellip;]<\/p>\n","protected":false},"author":1,"featured_media":21411,"comment_status":"closed","ping_status":"open","sticky":false,"template":"","format":"standard","meta":{"footnotes":""},"categories":[110,122],"tags":[],"class_list":["post-21410","post","type-post","status-publish","format-standard","has-post-thumbnail","hentry","category-noticiasdestaque","category-saudeeducacaoeconcurso"],"_links":{"self":[{"href":"https:\/\/jorgezanoni.com.br\/2019\/wp-json\/wp\/v2\/posts\/21410","targetHints":{"allow":["GET"]}}],"collection":[{"href":"https:\/\/jorgezanoni.com.br\/2019\/wp-json\/wp\/v2\/posts"}],"about":[{"href":"https:\/\/jorgezanoni.com.br\/2019\/wp-json\/wp\/v2\/types\/post"}],"author":[{"embeddable":true,"href":"https:\/\/jorgezanoni.com.br\/2019\/wp-json\/wp\/v2\/users\/1"}],"replies":[{"embeddable":true,"href":"https:\/\/jorgezanoni.com.br\/2019\/wp-json\/wp\/v2\/comments?post=21410"}],"version-history":[{"count":0,"href":"https:\/\/jorgezanoni.com.br\/2019\/wp-json\/wp\/v2\/posts\/21410\/revisions"}],"wp:featuredmedia":[{"embeddable":true,"href":"https:\/\/jorgezanoni.com.br\/2019\/wp-json\/wp\/v2\/media\/21411"}],"wp:attachment":[{"href":"https:\/\/jorgezanoni.com.br\/2019\/wp-json\/wp\/v2\/media?parent=21410"}],"wp:term":[{"taxonomy":"category","embeddable":true,"href":"https:\/\/jorgezanoni.com.br\/2019\/wp-json\/wp\/v2\/categories?post=21410"},{"taxonomy":"post_tag","embeddable":true,"href":"https:\/\/jorgezanoni.com.br\/2019\/wp-json\/wp\/v2\/tags?post=21410"}],"curies":[{"name":"wp","href":"https:\/\/api.w.org\/{rel}","templated":true}]}}