{"id":21406,"date":"2020-03-16T15:04:57","date_gmt":"2020-03-16T15:04:57","guid":{"rendered":"https:\/\/jorgezanoni.com.br\/2019\/?p=21406"},"modified":"2020-03-16T15:04:57","modified_gmt":"2020-03-16T15:04:57","slug":"segundo-caso-suspeito-de-covid-19-em-dracena-e-morador-de-junqueiropolis","status":"publish","type":"post","link":"https:\/\/jorgezanoni.com.br\/2019\/segundo-caso-suspeito-de-covid-19-em-dracena-e-morador-de-junqueiropolis\/","title":{"rendered":"Segundo caso SUSPEITO de Covid-19 em Dracena \u00e9 morador de Junqueir\u00f3polis"},"content":{"rendered":"<p style=\"text-align: justify;\">Prefeitura de Dracena confirma que ontem, domingo (15), um homem morador de Junqueir\u00f3polis, foi internado na Santa Casa de Dracena com sintomas do novo coronav\u00edrus.<\/p>\n<div class=\"text_exposed_show\" style=\"text-align: justify;\">\n<p>O caso \u00e9 considerado SUSPEITO, e o paciente encontra-se em observa\u00e7\u00e3o e isolamento cl\u00ednico.<\/p>\n<p>Foi colhido amostras de swab de secre\u00e7\u00e3o nasal e oral que foram imediatamente enviadas ao Instituto Adolfo Lutz de Presidente Prudente, e o mesmo encaminhar\u00e1 para a matriz em S\u00e3o Paulo.<\/p>\n<p>A Vigil\u00e2ncia Epidemiol\u00f3gica de Dracena j\u00e1 comunicou a mesma em Junqueir\u00f3polis.<\/p>\n<p>A Prefeitura de Dracena, por meio do Conselho Gestor de Preven\u00e7\u00e3o e Combate ao Coronav\u00edrus, reitera que n\u00e3o h\u00e1 motivos para p\u00e2nico, uma vez que todo o trabalho e orienta\u00e7\u00e3o do Minist\u00e9rio da Sa\u00fade est\u00e1 sendo seguido. Cada um deve fazer sua parte, lavando sempre o rosto, nariz e m\u00e3os. Evite o contato corporal, evite aglomera\u00e7\u00f5es, oriente os idosos a ficarem em casa.<\/p>\n<p>Fonte: Diretoria de Comunica\u00e7\u00e3o<\/p>\n<\/div>\n<div style=\"text-align: justify;\">&#8212;<\/div>\n","protected":false},"excerpt":{"rendered":"<p>Prefeitura de Dracena confirma que ontem, domingo (15), um homem morador de Junqueir\u00f3polis, foi internado na Santa Casa de Dracena com sintomas do novo coronav\u00edrus. O caso \u00e9 considerado SUSPEITO, e o paciente encontra-se em observa\u00e7\u00e3o e isolamento cl\u00ednico. Foi colhido amostras de swab de secre\u00e7\u00e3o nasal e oral que foram imediatamente enviadas ao Instituto [&hellip;]<\/p>\n","protected":false},"author":1,"featured_media":21407,"comment_status":"closed","ping_status":"open","sticky":false,"template":"","format":"standard","meta":{"footnotes":""},"categories":[110,122],"tags":[],"class_list":["post-21406","post","type-post","status-publish","format-standard","has-post-thumbnail","hentry","category-noticiasdestaque","category-saudeeducacaoeconcurso"],"_links":{"self":[{"href":"https:\/\/jorgezanoni.com.br\/2019\/wp-json\/wp\/v2\/posts\/21406","targetHints":{"allow":["GET"]}}],"collection":[{"href":"https:\/\/jorgezanoni.com.br\/2019\/wp-json\/wp\/v2\/posts"}],"about":[{"href":"https:\/\/jorgezanoni.com.br\/2019\/wp-json\/wp\/v2\/types\/post"}],"author":[{"embeddable":true,"href":"https:\/\/jorgezanoni.com.br\/2019\/wp-json\/wp\/v2\/users\/1"}],"replies":[{"embeddable":true,"href":"https:\/\/jorgezanoni.com.br\/2019\/wp-json\/wp\/v2\/comments?post=21406"}],"version-history":[{"count":0,"href":"https:\/\/jorgezanoni.com.br\/2019\/wp-json\/wp\/v2\/posts\/21406\/revisions"}],"wp:featuredmedia":[{"embeddable":true,"href":"https:\/\/jorgezanoni.com.br\/2019\/wp-json\/wp\/v2\/media\/21407"}],"wp:attachment":[{"href":"https:\/\/jorgezanoni.com.br\/2019\/wp-json\/wp\/v2\/media?parent=21406"}],"wp:term":[{"taxonomy":"category","embeddable":true,"href":"https:\/\/jorgezanoni.com.br\/2019\/wp-json\/wp\/v2\/categories?post=21406"},{"taxonomy":"post_tag","embeddable":true,"href":"https:\/\/jorgezanoni.com.br\/2019\/wp-json\/wp\/v2\/tags?post=21406"}],"curies":[{"name":"wp","href":"https:\/\/api.w.org\/{rel}","templated":true}]}}