{"id":21374,"date":"2020-03-15T22:37:49","date_gmt":"2020-03-15T22:37:49","guid":{"rendered":"https:\/\/jorgezanoni.com.br\/2019\/?p=21374"},"modified":"2020-03-15T22:37:49","modified_gmt":"2020-03-15T22:37:49","slug":"ex-diretor-e-professor-da-unifai-jose-luis-morre-em-grave-acidente-automobilistico","status":"publish","type":"post","link":"https:\/\/jorgezanoni.com.br\/2019\/ex-diretor-e-professor-da-unifai-jose-luis-morre-em-grave-acidente-automobilistico\/","title":{"rendered":"Ex-diretor e professor da UniFAI, Jos\u00e9 Luis morre em grave acidente automobil\u00edstico"},"content":{"rendered":"<p style=\"text-align: justify;\">Um grave acidente automobil\u00edstico envolvendo um ve\u00edculo Corolla e uma moto vitimou fatalmente o Prof. Dr. Jos\u00e9 Luiz Vieira de Oliveira, atual docente da UniFAI e ex-diretor da unidade de ensino.<\/p>\n<p style=\"text-align: justify;\">Ele ficou gravemente ferido ap\u00f3s uma colis\u00e3o envolvendo a moto que pilotava e o outro \u00a0ve\u00edculo na Rodovia Comandante Jo\u00e3o Ribeiro de Barros (SP-294) por volta das 15h50 deste domingo (15).<\/p>\n<p style=\"text-align: justify;\">As primeiras informa\u00e7\u00f5es s\u00e3o de que ap\u00f3s a colis\u00e3o, Jos\u00e9 Luiz teria sido arremessado ao solo ficando a alguns metros da moto bastante ferido.<\/p>\n<p style=\"text-align: justify;\">Ele foi socorrido pelo Resgate do Corpo de Bombeiros de Osvaldo Cruz e levado para o Pronto Socorro de Adamantina onde ficou sob os cuidados da equipe m\u00e9dica.<\/p>\n<p style=\"text-align: justify;\">Todos os esfor\u00e7os foram feitos na tentativa de reanimar o professor que infelizmente n\u00e3o resistiu e acabou falecendo.<\/p>\n<p style=\"text-align: justify;\">Jos\u00e9 Luiz respondeu pelo cargo de dire\u00e7\u00e3o da institui\u00e7\u00e3o de ensino de janeiro \u00e0 junho de 2017 antecedendo a transforma\u00e7\u00e3o da faculdade em Centro Universit\u00e1rio.<\/p>\n<p style=\"text-align: justify;\">O acidente ocorreu poucas horas ap\u00f3s a colis\u00e3o entre um \u00d4nix e um Astra que resultou em uma v\u00edtima fatal e por coincid\u00eancia, a poucos metros do mesmo local.\u00a0<a href=\"https:\/\/adamantinanet.com.br\/2020\/03\/15\/vitima-de-grave-acidente-na-sp-294-em-lucelia-nao-resiste-e-morre\/\">(CLIQUE AQUI e saiba mais)<\/a><\/p>\n<p style=\"text-align: justify;\">Fonte: Adamantinanet.com.br<\/p>\n","protected":false},"excerpt":{"rendered":"<p>Um grave acidente automobil\u00edstico envolvendo um ve\u00edculo Corolla e uma moto vitimou fatalmente o Prof. Dr. Jos\u00e9 Luiz Vieira de Oliveira, atual docente da UniFAI e ex-diretor da unidade de ensino. Ele ficou gravemente ferido ap\u00f3s uma colis\u00e3o envolvendo a moto que pilotava e o outro \u00a0ve\u00edculo na Rodovia Comandante Jo\u00e3o Ribeiro de Barros (SP-294) [&hellip;]<\/p>\n","protected":false},"author":1,"featured_media":21375,"comment_status":"closed","ping_status":"open","sticky":false,"template":"","format":"standard","meta":{"footnotes":""},"categories":[170,110],"tags":[],"class_list":["post-21374","post","type-post","status-publish","format-standard","has-post-thumbnail","hentry","category-acidentes","category-noticiasdestaque"],"_links":{"self":[{"href":"https:\/\/jorgezanoni.com.br\/2019\/wp-json\/wp\/v2\/posts\/21374","targetHints":{"allow":["GET"]}}],"collection":[{"href":"https:\/\/jorgezanoni.com.br\/2019\/wp-json\/wp\/v2\/posts"}],"about":[{"href":"https:\/\/jorgezanoni.com.br\/2019\/wp-json\/wp\/v2\/types\/post"}],"author":[{"embeddable":true,"href":"https:\/\/jorgezanoni.com.br\/2019\/wp-json\/wp\/v2\/users\/1"}],"replies":[{"embeddable":true,"href":"https:\/\/jorgezanoni.com.br\/2019\/wp-json\/wp\/v2\/comments?post=21374"}],"version-history":[{"count":0,"href":"https:\/\/jorgezanoni.com.br\/2019\/wp-json\/wp\/v2\/posts\/21374\/revisions"}],"wp:featuredmedia":[{"embeddable":true,"href":"https:\/\/jorgezanoni.com.br\/2019\/wp-json\/wp\/v2\/media\/21375"}],"wp:attachment":[{"href":"https:\/\/jorgezanoni.com.br\/2019\/wp-json\/wp\/v2\/media?parent=21374"}],"wp:term":[{"taxonomy":"category","embeddable":true,"href":"https:\/\/jorgezanoni.com.br\/2019\/wp-json\/wp\/v2\/categories?post=21374"},{"taxonomy":"post_tag","embeddable":true,"href":"https:\/\/jorgezanoni.com.br\/2019\/wp-json\/wp\/v2\/tags?post=21374"}],"curies":[{"name":"wp","href":"https:\/\/api.w.org\/{rel}","templated":true}]}}