{"id":21366,"date":"2020-03-15T21:07:26","date_gmt":"2020-03-15T21:07:26","guid":{"rendered":"https:\/\/jorgezanoni.com.br\/2019\/?p=21366"},"modified":"2020-03-15T21:28:26","modified_gmt":"2020-03-15T21:28:26","slug":"dois-acidentes-registrados-um-na-sexta-a-noite-e-outro-no-sabado-de-manha","status":"publish","type":"post","link":"https:\/\/jorgezanoni.com.br\/2019\/dois-acidentes-registrados-um-na-sexta-a-noite-e-outro-no-sabado-de-manha\/","title":{"rendered":"Dois acidentes registrados: um na sexta a noite e outro no s\u00e1bado de manh\u00e3"},"content":{"rendered":"<p style=\"text-align: justify;\">Na sexta-feira (13) por volta de 20:30 Horas aconteceu um acidente na esquina das avenidas Vit\u00f3ria e Castro Alves.<\/p>\n<p style=\"text-align: justify;\">Segundo informa\u00e7\u00f5es obtidas pela reportagem do Site JZ um ve\u00edculo Passat fazia o sentido bairro-centro pela Castro Alves, quando cruzou a Vit\u00f3ria no inicio da quadra, descido de R\u00e9 virando a esquerda na Vit\u00f3ria e batido na traseira de uma caminhonete e de um Astra que estavam estacionados. N\u00e1o houve v\u00edtimas, apenas danos materiais.<\/p>\n<p><img loading=\"lazy\" decoding=\"async\" class=\"alignnone size-full wp-image-21368\" src=\"https:\/\/jorgezanoni.com.br\/2019\/wp-content\/uploads\/2020\/03\/vitoria-2.jpg\" alt=\"\" width=\"799\" height=\"769\" srcset=\"https:\/\/jorgezanoni.com.br\/2019\/wp-content\/uploads\/2020\/03\/vitoria-2.jpg 799w, https:\/\/jorgezanoni.com.br\/2019\/wp-content\/uploads\/2020\/03\/vitoria-2-300x289.jpg 300w, https:\/\/jorgezanoni.com.br\/2019\/wp-content\/uploads\/2020\/03\/vitoria-2-768x739.jpg 768w, https:\/\/jorgezanoni.com.br\/2019\/wp-content\/uploads\/2020\/03\/vitoria-2-696x670.jpg 696w, https:\/\/jorgezanoni.com.br\/2019\/wp-content\/uploads\/2020\/03\/vitoria-2-436x420.jpg 436w\" sizes=\"auto, (max-width: 799px) 100vw, 799px\" \/><\/p>\n<p style=\"text-align: justify;\">J\u00e1 na manh\u00e3 deste s\u00e1bado (14) um ve\u00edculo teria batido contra um poste e o motorista abandonado o local. Foi na estrada municipal Jos\u00e9 Mazzoni no trecho entre a AABB e bairro Virg\u00edlio Fioravante.<\/p>\n<p><img loading=\"lazy\" decoding=\"async\" class=\"alignnone size-full wp-image-21369\" src=\"https:\/\/jorgezanoni.com.br\/2019\/wp-content\/uploads\/2020\/03\/pesc-2.jpg\" alt=\"\" width=\"569\" height=\"679\" srcset=\"https:\/\/jorgezanoni.com.br\/2019\/wp-content\/uploads\/2020\/03\/pesc-2.jpg 569w, https:\/\/jorgezanoni.com.br\/2019\/wp-content\/uploads\/2020\/03\/pesc-2-251x300.jpg 251w, https:\/\/jorgezanoni.com.br\/2019\/wp-content\/uploads\/2020\/03\/pesc-2-352x420.jpg 352w\" sizes=\"auto, (max-width: 569px) 100vw, 569px\" \/><img loading=\"lazy\" decoding=\"async\" class=\"alignnone size-full wp-image-21370\" src=\"https:\/\/jorgezanoni.com.br\/2019\/wp-content\/uploads\/2020\/03\/pesc2-2.jpg\" alt=\"\" width=\"567\" height=\"619\" srcset=\"https:\/\/jorgezanoni.com.br\/2019\/wp-content\/uploads\/2020\/03\/pesc2-2.jpg 567w, https:\/\/jorgezanoni.com.br\/2019\/wp-content\/uploads\/2020\/03\/pesc2-2-275x300.jpg 275w, https:\/\/jorgezanoni.com.br\/2019\/wp-content\/uploads\/2020\/03\/pesc2-2-385x420.jpg 385w\" sizes=\"auto, (max-width: 567px) 100vw, 567px\" \/><\/p>\n<p style=\"text-align: justify;\">Jorge Zanoni<\/p>\n<p style=\"text-align: justify;\">Fotos de Internautas<\/p>\n<p>&nbsp;<\/p>\n<p>&nbsp;<\/p>\n","protected":false},"excerpt":{"rendered":"<p>Na sexta-feira (13) por volta de 20:30 Horas aconteceu um acidente na esquina das avenidas Vit\u00f3ria e Castro Alves. Segundo informa\u00e7\u00f5es obtidas pela reportagem do Site JZ um ve\u00edculo Passat fazia o sentido bairro-centro pela Castro Alves, quando cruzou a Vit\u00f3ria no inicio da quadra, descido de R\u00e9 virando a esquerda na Vit\u00f3ria e batido [&hellip;]<\/p>\n","protected":false},"author":1,"featured_media":21367,"comment_status":"closed","ping_status":"open","sticky":false,"template":"","format":"standard","meta":{"footnotes":""},"categories":[170,110],"tags":[],"class_list":["post-21366","post","type-post","status-publish","format-standard","has-post-thumbnail","hentry","category-acidentes","category-noticiasdestaque"],"_links":{"self":[{"href":"https:\/\/jorgezanoni.com.br\/2019\/wp-json\/wp\/v2\/posts\/21366","targetHints":{"allow":["GET"]}}],"collection":[{"href":"https:\/\/jorgezanoni.com.br\/2019\/wp-json\/wp\/v2\/posts"}],"about":[{"href":"https:\/\/jorgezanoni.com.br\/2019\/wp-json\/wp\/v2\/types\/post"}],"author":[{"embeddable":true,"href":"https:\/\/jorgezanoni.com.br\/2019\/wp-json\/wp\/v2\/users\/1"}],"replies":[{"embeddable":true,"href":"https:\/\/jorgezanoni.com.br\/2019\/wp-json\/wp\/v2\/comments?post=21366"}],"version-history":[{"count":0,"href":"https:\/\/jorgezanoni.com.br\/2019\/wp-json\/wp\/v2\/posts\/21366\/revisions"}],"wp:featuredmedia":[{"embeddable":true,"href":"https:\/\/jorgezanoni.com.br\/2019\/wp-json\/wp\/v2\/media\/21367"}],"wp:attachment":[{"href":"https:\/\/jorgezanoni.com.br\/2019\/wp-json\/wp\/v2\/media?parent=21366"}],"wp:term":[{"taxonomy":"category","embeddable":true,"href":"https:\/\/jorgezanoni.com.br\/2019\/wp-json\/wp\/v2\/categories?post=21366"},{"taxonomy":"post_tag","embeddable":true,"href":"https:\/\/jorgezanoni.com.br\/2019\/wp-json\/wp\/v2\/tags?post=21366"}],"curies":[{"name":"wp","href":"https:\/\/api.w.org\/{rel}","templated":true}]}}