{"id":21352,"date":"2020-03-15T19:43:53","date_gmt":"2020-03-15T19:43:53","guid":{"rendered":"https:\/\/jorgezanoni.com.br\/2019\/?p=21352"},"modified":"2020-03-15T19:43:53","modified_gmt":"2020-03-15T19:43:53","slug":"alguns-dracenenses-se-reuniram-em-frente-ao-tiro-de-guerra-para-manifestacao","status":"publish","type":"post","link":"https:\/\/jorgezanoni.com.br\/2019\/alguns-dracenenses-se-reuniram-em-frente-ao-tiro-de-guerra-para-manifestacao\/","title":{"rendered":"Alguns dracenenses se reuniram em frente ao Tiro de Guerra para manifesta\u00e7\u00e3o."},"content":{"rendered":"<p style=\"text-align: justify;\">Na manh\u00e3 de hoje, alguns dracenenses participaram de uma manifesta\u00e7\u00e3o em frente ao Tiro de Guerra em Dracena. Veja v\u00eddeo e fotos enviadas por Internauta.<\/p>\n<div style=\"width: 640px;\" class=\"wp-video\"><video class=\"wp-video-shortcode\" id=\"video-21352-1\" width=\"640\" height=\"352\" preload=\"metadata\" controls=\"controls\"><source type=\"video\/mp4\" src=\"https:\/\/jorgezanoni.com.br\/2019\/wp-content\/uploads\/2020\/03\/WhatsApp-Video-2020-03-15-at-12.03.30.mp4?_=1\" \/><a href=\"https:\/\/jorgezanoni.com.br\/2019\/wp-content\/uploads\/2020\/03\/WhatsApp-Video-2020-03-15-at-12.03.30.mp4\">https:\/\/jorgezanoni.com.br\/2019\/wp-content\/uploads\/2020\/03\/WhatsApp-Video-2020-03-15-at-12.03.30.mp4<\/a><\/video><\/div>\n<p><img loading=\"lazy\" decoding=\"async\" class=\"alignnone size-full wp-image-21355\" src=\"https:\/\/jorgezanoni.com.br\/2019\/wp-content\/uploads\/2020\/03\/bra.jpg\" alt=\"\" width=\"1280\" height=\"960\" srcset=\"https:\/\/jorgezanoni.com.br\/2019\/wp-content\/uploads\/2020\/03\/bra.jpg 1280w, https:\/\/jorgezanoni.com.br\/2019\/wp-content\/uploads\/2020\/03\/bra-300x225.jpg 300w, https:\/\/jorgezanoni.com.br\/2019\/wp-content\/uploads\/2020\/03\/bra-768x576.jpg 768w, https:\/\/jorgezanoni.com.br\/2019\/wp-content\/uploads\/2020\/03\/bra-1024x768.jpg 1024w, https:\/\/jorgezanoni.com.br\/2019\/wp-content\/uploads\/2020\/03\/bra-80x60.jpg 80w, https:\/\/jorgezanoni.com.br\/2019\/wp-content\/uploads\/2020\/03\/bra-265x198.jpg 265w, https:\/\/jorgezanoni.com.br\/2019\/wp-content\/uploads\/2020\/03\/bra-696x522.jpg 696w, https:\/\/jorgezanoni.com.br\/2019\/wp-content\/uploads\/2020\/03\/bra-1068x801.jpg 1068w, https:\/\/jorgezanoni.com.br\/2019\/wp-content\/uploads\/2020\/03\/bra-560x420.jpg 560w\" sizes=\"auto, (max-width: 1280px) 100vw, 1280px\" \/> <img loading=\"lazy\" decoding=\"async\" class=\"alignnone size-full wp-image-21356\" src=\"https:\/\/jorgezanoni.com.br\/2019\/wp-content\/uploads\/2020\/03\/bra1.jpg\" alt=\"\" width=\"1280\" height=\"960\" srcset=\"https:\/\/jorgezanoni.com.br\/2019\/wp-content\/uploads\/2020\/03\/bra1.jpg 1280w, https:\/\/jorgezanoni.com.br\/2019\/wp-content\/uploads\/2020\/03\/bra1-300x225.jpg 300w, https:\/\/jorgezanoni.com.br\/2019\/wp-content\/uploads\/2020\/03\/bra1-768x576.jpg 768w, https:\/\/jorgezanoni.com.br\/2019\/wp-content\/uploads\/2020\/03\/bra1-1024x768.jpg 1024w, https:\/\/jorgezanoni.com.br\/2019\/wp-content\/uploads\/2020\/03\/bra1-80x60.jpg 80w, https:\/\/jorgezanoni.com.br\/2019\/wp-content\/uploads\/2020\/03\/bra1-265x198.jpg 265w, https:\/\/jorgezanoni.com.br\/2019\/wp-content\/uploads\/2020\/03\/bra1-696x522.jpg 696w, https:\/\/jorgezanoni.com.br\/2019\/wp-content\/uploads\/2020\/03\/bra1-1068x801.jpg 1068w, https:\/\/jorgezanoni.com.br\/2019\/wp-content\/uploads\/2020\/03\/bra1-560x420.jpg 560w\" sizes=\"auto, (max-width: 1280px) 100vw, 1280px\" \/><img loading=\"lazy\" decoding=\"async\" class=\"alignnone size-full wp-image-21358\" src=\"https:\/\/jorgezanoni.com.br\/2019\/wp-content\/uploads\/2020\/03\/bra3.jpg\" alt=\"\" width=\"1280\" height=\"960\" srcset=\"https:\/\/jorgezanoni.com.br\/2019\/wp-content\/uploads\/2020\/03\/bra3.jpg 1280w, https:\/\/jorgezanoni.com.br\/2019\/wp-content\/uploads\/2020\/03\/bra3-300x225.jpg 300w, https:\/\/jorgezanoni.com.br\/2019\/wp-content\/uploads\/2020\/03\/bra3-768x576.jpg 768w, https:\/\/jorgezanoni.com.br\/2019\/wp-content\/uploads\/2020\/03\/bra3-1024x768.jpg 1024w, https:\/\/jorgezanoni.com.br\/2019\/wp-content\/uploads\/2020\/03\/bra3-80x60.jpg 80w, https:\/\/jorgezanoni.com.br\/2019\/wp-content\/uploads\/2020\/03\/bra3-265x198.jpg 265w, https:\/\/jorgezanoni.com.br\/2019\/wp-content\/uploads\/2020\/03\/bra3-696x522.jpg 696w, https:\/\/jorgezanoni.com.br\/2019\/wp-content\/uploads\/2020\/03\/bra3-1068x801.jpg 1068w, https:\/\/jorgezanoni.com.br\/2019\/wp-content\/uploads\/2020\/03\/bra3-560x420.jpg 560w\" sizes=\"auto, (max-width: 1280px) 100vw, 1280px\" \/> <img loading=\"lazy\" decoding=\"async\" class=\"alignnone size-full wp-image-21359\" src=\"https:\/\/jorgezanoni.com.br\/2019\/wp-content\/uploads\/2020\/03\/bra4.jpg\" alt=\"\" width=\"1280\" height=\"960\" srcset=\"https:\/\/jorgezanoni.com.br\/2019\/wp-content\/uploads\/2020\/03\/bra4.jpg 1280w, https:\/\/jorgezanoni.com.br\/2019\/wp-content\/uploads\/2020\/03\/bra4-300x225.jpg 300w, https:\/\/jorgezanoni.com.br\/2019\/wp-content\/uploads\/2020\/03\/bra4-768x576.jpg 768w, https:\/\/jorgezanoni.com.br\/2019\/wp-content\/uploads\/2020\/03\/bra4-1024x768.jpg 1024w, https:\/\/jorgezanoni.com.br\/2019\/wp-content\/uploads\/2020\/03\/bra4-80x60.jpg 80w, https:\/\/jorgezanoni.com.br\/2019\/wp-content\/uploads\/2020\/03\/bra4-265x198.jpg 265w, https:\/\/jorgezanoni.com.br\/2019\/wp-content\/uploads\/2020\/03\/bra4-696x522.jpg 696w, https:\/\/jorgezanoni.com.br\/2019\/wp-content\/uploads\/2020\/03\/bra4-1068x801.jpg 1068w, https:\/\/jorgezanoni.com.br\/2019\/wp-content\/uploads\/2020\/03\/bra4-560x420.jpg 560w\" sizes=\"auto, (max-width: 1280px) 100vw, 1280px\" \/> <img loading=\"lazy\" decoding=\"async\" class=\"alignnone size-full wp-image-21360\" src=\"https:\/\/jorgezanoni.com.br\/2019\/wp-content\/uploads\/2020\/03\/bra5.jpg\" alt=\"\" width=\"1280\" height=\"960\" srcset=\"https:\/\/jorgezanoni.com.br\/2019\/wp-content\/uploads\/2020\/03\/bra5.jpg 1280w, https:\/\/jorgezanoni.com.br\/2019\/wp-content\/uploads\/2020\/03\/bra5-300x225.jpg 300w, https:\/\/jorgezanoni.com.br\/2019\/wp-content\/uploads\/2020\/03\/bra5-768x576.jpg 768w, https:\/\/jorgezanoni.com.br\/2019\/wp-content\/uploads\/2020\/03\/bra5-1024x768.jpg 1024w, https:\/\/jorgezanoni.com.br\/2019\/wp-content\/uploads\/2020\/03\/bra5-80x60.jpg 80w, https:\/\/jorgezanoni.com.br\/2019\/wp-content\/uploads\/2020\/03\/bra5-265x198.jpg 265w, https:\/\/jorgezanoni.com.br\/2019\/wp-content\/uploads\/2020\/03\/bra5-696x522.jpg 696w, https:\/\/jorgezanoni.com.br\/2019\/wp-content\/uploads\/2020\/03\/bra5-1068x801.jpg 1068w, https:\/\/jorgezanoni.com.br\/2019\/wp-content\/uploads\/2020\/03\/bra5-560x420.jpg 560w\" sizes=\"auto, (max-width: 1280px) 100vw, 1280px\" \/><\/p>\n<p>Jorge Zanoni<\/p>\n<p style=\"text-align: justify;\"><strong>Ap\u00f3s deixar isolamento, Bolsonaro participa de manifesta\u00e7\u00e3o em Bras\u00edlia.<\/strong><\/p>\n<h2 class=\"article-subtitle\" style=\"text-align: justify;\"><strong>Presidente havia recomendado o cancelamento dos atos em virtude do avan\u00e7o do coronav\u00edrus<\/strong><\/h2>\n<p style=\"text-align: justify;\"><img loading=\"lazy\" decoding=\"async\" class=\"alignnone size-full wp-image-21353\" src=\"https:\/\/jorgezanoni.com.br\/2019\/wp-content\/uploads\/2020\/03\/bolso.jpg\" alt=\"\" width=\"680\" height=\"453\" srcset=\"https:\/\/jorgezanoni.com.br\/2019\/wp-content\/uploads\/2020\/03\/bolso.jpg 680w, https:\/\/jorgezanoni.com.br\/2019\/wp-content\/uploads\/2020\/03\/bolso-300x200.jpg 300w, https:\/\/jorgezanoni.com.br\/2019\/wp-content\/uploads\/2020\/03\/bolso-630x420.jpg 630w\" sizes=\"auto, (max-width: 680px) 100vw, 680px\" \/>Bolsonaro: o presidente fez selfies com manifestantes e live em rede-social\u00a0(Jos\u00e9 Cruz\/Ag\u00eancia Brasil)<\/p>\n<p style=\"text-align: justify;\"><a href=\"https:\/\/exame.abril.com.br\/brasil\/bolsonaro-sugere-adiamento-de-manifestacoes-por-conta-do-coronavirus\/\">Ap\u00f3s recomendar o adiamento das manifesta\u00e7\u00f5es na \u00faltima quinta-feira<\/a>, dia 12, com o aumento do n\u00famero de casos do coronav\u00edrus nas principais capitais brasileiras, o presidente Jair Bolsonaro participou das manifesta\u00e7\u00f5es que ocorrem em Bras\u00edlia. Em em sua conta no twitter, Bolsonaro tamb\u00e9m compartilhou v\u00eddeos sobre o ato pr\u00f3-governo neste domingo, 15, e\u00a0<a href=\"https:\/\/web.facebook.com\/jairmessias.bolsonaro\/videos\/1271951536337594\/\">fez uma live em seu perfil no Facebook.<\/a><\/p>\n<p style=\"text-align: justify;\">Ao meio-dia, ele deixou o Pal\u00e1cio da Alvorada e seguiu para a Esplanada dos Minist\u00e9rios via comboio presidencial. Apoiadores do governo seguiram o carro do presidente em uma \u201cpasseata\u201d, no Eixo Monumental de Bras\u00edlia rumo ao Est\u00e1dio Nacional.<\/p>\n<p style=\"text-align: justify;\">Os manifestantes gritavam \u201cFora Maia\u201d e um deles chegou a pedir que o presidente fechasse o Congresso Nacional. Os apoiadores tamb\u00e9m criticaram o presidente do STF, Dias Toffoli.<\/p>\n<p style=\"text-align: justify;\">O presidente, que passou a tocar os manifestantes com a m\u00e3o al\u00e9m de pegar o celular das pessoas para fazer selfies, negou que a manifesta\u00e7\u00e3o era um ato contra os demais poderes. No entanto, n\u00e3o falou isso diretamente para os apoiadores.\u00a0\u201cN\u00e3o \u00e9 um movimento contra nada, \u00e9 a favor do Brasil\u201d, disse Bolsonaro para c\u00e2mera do celular. \u201cJuntos podemos mudar o Brasil. Acredito nessa terra maravilhosa que Deus me deu\u201d, continuou.<\/p>\n<p style=\"text-align: justify;\">Fonte: https:\/\/exame.abril.com.br\/brasil\/<\/p>\n","protected":false},"excerpt":{"rendered":"<p>Na manh\u00e3 de hoje, alguns dracenenses participaram de uma manifesta\u00e7\u00e3o em frente ao Tiro de Guerra em Dracena. Veja v\u00eddeo e fotos enviadas por Internauta. Jorge Zanoni Ap\u00f3s deixar isolamento, Bolsonaro participa de manifesta\u00e7\u00e3o em Bras\u00edlia. Presidente havia recomendado o cancelamento dos atos em virtude do avan\u00e7o do coronav\u00edrus Bolsonaro: o presidente fez selfies com [&hellip;]<\/p>\n","protected":false},"author":1,"featured_media":21355,"comment_status":"closed","ping_status":"open","sticky":false,"template":"","format":"video","meta":{"footnotes":""},"categories":[116,169],"tags":[],"class_list":["post-21352","post","type-post","status-publish","format-video","has-post-thumbnail","hentry","category-politicaeeconomia","category-videos","post_format-post-format-video"],"_links":{"self":[{"href":"https:\/\/jorgezanoni.com.br\/2019\/wp-json\/wp\/v2\/posts\/21352","targetHints":{"allow":["GET"]}}],"collection":[{"href":"https:\/\/jorgezanoni.com.br\/2019\/wp-json\/wp\/v2\/posts"}],"about":[{"href":"https:\/\/jorgezanoni.com.br\/2019\/wp-json\/wp\/v2\/types\/post"}],"author":[{"embeddable":true,"href":"https:\/\/jorgezanoni.com.br\/2019\/wp-json\/wp\/v2\/users\/1"}],"replies":[{"embeddable":true,"href":"https:\/\/jorgezanoni.com.br\/2019\/wp-json\/wp\/v2\/comments?post=21352"}],"version-history":[{"count":0,"href":"https:\/\/jorgezanoni.com.br\/2019\/wp-json\/wp\/v2\/posts\/21352\/revisions"}],"wp:featuredmedia":[{"embeddable":true,"href":"https:\/\/jorgezanoni.com.br\/2019\/wp-json\/wp\/v2\/media\/21355"}],"wp:attachment":[{"href":"https:\/\/jorgezanoni.com.br\/2019\/wp-json\/wp\/v2\/media?parent=21352"}],"wp:term":[{"taxonomy":"category","embeddable":true,"href":"https:\/\/jorgezanoni.com.br\/2019\/wp-json\/wp\/v2\/categories?post=21352"},{"taxonomy":"post_tag","embeddable":true,"href":"https:\/\/jorgezanoni.com.br\/2019\/wp-json\/wp\/v2\/tags?post=21352"}],"curies":[{"name":"wp","href":"https:\/\/api.w.org\/{rel}","templated":true}]}}