{"id":2135,"date":"2019-07-26T00:00:07","date_gmt":"2019-07-26T00:00:07","guid":{"rendered":"http:\/\/jorgezanoni.com.br\/2019\/?p=2135"},"modified":"2019-07-26T00:00:07","modified_gmt":"2019-07-26T00:00:07","slug":"policial-militar-representa-o-dia-internacional-da-mulher-negra-comemorado-hoje","status":"publish","type":"post","link":"https:\/\/jorgezanoni.com.br\/2019\/policial-militar-representa-o-dia-internacional-da-mulher-negra-comemorado-hoje\/","title":{"rendered":"Policial Militar representa o dia Internacional da Mulher Negra comemorado hoje"},"content":{"rendered":"<p style=\"text-align: justify;\">Dia 25 de julho &#8211; Dia Internacional da Mulher Negra.<br \/>\n&#8220;Que os nossos dias sejam aben\u00e7oados, os nossos sorrisos infinitos e a nossa f\u00e9 invenc\u00edvel&#8221; &#8211; Sabrina Braga.<\/p>\n<p style=\"text-align: justify;\">Representando lindamente este dia, nossa Sd PM Marina Silva.<\/p>\n<p style=\"text-align: justify;\">#25BPMI<br \/>\n#POLICIAMILITARSP<br \/>\n#FOR\u00c7AP\u00daBLICADES\u00c3OPAULO<br \/>\nCOMUNICA\u00c7\u00c3O SOCIAL DO 25\u00ba BPM\/I &#8211; Dracena e regi\u00e3o.<\/p>\n","protected":false},"excerpt":{"rendered":"<p>Dia 25 de julho &#8211; Dia Internacional da Mulher Negra. &#8220;Que os nossos dias sejam aben\u00e7oados, os nossos sorrisos infinitos e a nossa f\u00e9 invenc\u00edvel&#8221; &#8211; Sabrina Braga. Representando lindamente este dia, nossa Sd PM Marina Silva. #25BPMI #POLICIAMILITARSP #FOR\u00c7AP\u00daBLICADES\u00c3OPAULO COMUNICA\u00c7\u00c3O SOCIAL DO 25\u00ba BPM\/I &#8211; Dracena e regi\u00e3o.<\/p>\n","protected":false},"author":1,"featured_media":2136,"comment_status":"open","ping_status":"open","sticky":false,"template":"","format":"standard","meta":{"footnotes":""},"categories":[110,2],"tags":[],"class_list":["post-2135","post","type-post","status-publish","format-standard","has-post-thumbnail","hentry","category-noticiasdestaque","category-policial"],"_links":{"self":[{"href":"https:\/\/jorgezanoni.com.br\/2019\/wp-json\/wp\/v2\/posts\/2135","targetHints":{"allow":["GET"]}}],"collection":[{"href":"https:\/\/jorgezanoni.com.br\/2019\/wp-json\/wp\/v2\/posts"}],"about":[{"href":"https:\/\/jorgezanoni.com.br\/2019\/wp-json\/wp\/v2\/types\/post"}],"author":[{"embeddable":true,"href":"https:\/\/jorgezanoni.com.br\/2019\/wp-json\/wp\/v2\/users\/1"}],"replies":[{"embeddable":true,"href":"https:\/\/jorgezanoni.com.br\/2019\/wp-json\/wp\/v2\/comments?post=2135"}],"version-history":[{"count":0,"href":"https:\/\/jorgezanoni.com.br\/2019\/wp-json\/wp\/v2\/posts\/2135\/revisions"}],"wp:featuredmedia":[{"embeddable":true,"href":"https:\/\/jorgezanoni.com.br\/2019\/wp-json\/wp\/v2\/media\/2136"}],"wp:attachment":[{"href":"https:\/\/jorgezanoni.com.br\/2019\/wp-json\/wp\/v2\/media?parent=2135"}],"wp:term":[{"taxonomy":"category","embeddable":true,"href":"https:\/\/jorgezanoni.com.br\/2019\/wp-json\/wp\/v2\/categories?post=2135"},{"taxonomy":"post_tag","embeddable":true,"href":"https:\/\/jorgezanoni.com.br\/2019\/wp-json\/wp\/v2\/tags?post=2135"}],"curies":[{"name":"wp","href":"https:\/\/api.w.org\/{rel}","templated":true}]}}