{"id":21340,"date":"2020-03-15T18:40:35","date_gmt":"2020-03-15T18:40:35","guid":{"rendered":"https:\/\/jorgezanoni.com.br\/2019\/?p=21340"},"modified":"2020-03-15T18:41:31","modified_gmt":"2020-03-15T18:41:31","slug":"colisao-frontal-entre-dois-carros-deixa-uma-vitima-grave-na-sp-294","status":"publish","type":"post","link":"https:\/\/jorgezanoni.com.br\/2019\/colisao-frontal-entre-dois-carros-deixa-uma-vitima-grave-na-sp-294\/","title":{"rendered":"Colis\u00e3o frontal entre dois carros deixa uma v\u00edtima grave na SP-294"},"content":{"rendered":"<p style=\"text-align: justify;\">Um grave acidente entre um ve\u00edculo GM Onix com placas de Ilha Bela \/ SP e um GM Astra de Luc\u00e9lia ocorrido por volta das 13h50 deste domingo (15) deixou uma pessoa em estado grave.<\/p>\n<p style=\"text-align: justify;\">As primeiras informa\u00e7\u00f5es apuradas pelo plant\u00e3o de jornalismo do site e jornal Folha Regional d\u00e3o conta de que os carros colidiram frontalmente quando seguiam pelo km 584+200 metros da Rodovia Comandante Jo\u00e3o Ribeiro de Barros (SP-294) em Luc\u00e9lia.<\/p>\n<p style=\"text-align: justify;\">O Corpo de Bombeiros de Adamantina foi acionado e compareceu ao local para atendimento da ocorr\u00eancia.<\/p>\n<p style=\"text-align: justify;\">Ap\u00f3s ser retirada das ferragens do Astra, a v\u00edtima grave, um rapaz, foi levado para a Santa Casa de Luc\u00e9lia onde permaneceu sob os cuidados da equipe m\u00e9dica.<\/p>\n<p style=\"text-align: justify;\">O condutor do \u00d4nix sofreu ferimentos leves.<\/p>\n<p style=\"text-align: justify;\">Com o forte impacto entre os ve\u00edculos, o GM Astra foi parar fora da pista. Ambos os carros ficaram bastante danificados.<\/p>\n<p style=\"text-align: justify;\">A ocorr\u00eancia segue em andamento e conta com o empenho da Pol\u00edcia Militar Rodovi\u00e1ria e profissionais da Unidade B\u00e1sica de Atendimento do Departamento de Estradas de Rodagem.<\/p>\n<p><img loading=\"lazy\" decoding=\"async\" class=\"alignnone size-full wp-image-21342\" src=\"https:\/\/jorgezanoni.com.br\/2019\/wp-content\/uploads\/2020\/03\/astra2.jpg\" alt=\"\" width=\"616\" height=\"463\" srcset=\"https:\/\/jorgezanoni.com.br\/2019\/wp-content\/uploads\/2020\/03\/astra2.jpg 616w, https:\/\/jorgezanoni.com.br\/2019\/wp-content\/uploads\/2020\/03\/astra2-300x225.jpg 300w, https:\/\/jorgezanoni.com.br\/2019\/wp-content\/uploads\/2020\/03\/astra2-80x60.jpg 80w, https:\/\/jorgezanoni.com.br\/2019\/wp-content\/uploads\/2020\/03\/astra2-265x198.jpg 265w, https:\/\/jorgezanoni.com.br\/2019\/wp-content\/uploads\/2020\/03\/astra2-559x420.jpg 559w\" sizes=\"auto, (max-width: 616px) 100vw, 616px\" \/> <img loading=\"lazy\" decoding=\"async\" class=\"alignnone size-full wp-image-21343\" src=\"https:\/\/jorgezanoni.com.br\/2019\/wp-content\/uploads\/2020\/03\/astra3.jpg\" alt=\"\" width=\"960\" height=\"720\" srcset=\"https:\/\/jorgezanoni.com.br\/2019\/wp-content\/uploads\/2020\/03\/astra3.jpg 960w, https:\/\/jorgezanoni.com.br\/2019\/wp-content\/uploads\/2020\/03\/astra3-300x225.jpg 300w, https:\/\/jorgezanoni.com.br\/2019\/wp-content\/uploads\/2020\/03\/astra3-768x576.jpg 768w, https:\/\/jorgezanoni.com.br\/2019\/wp-content\/uploads\/2020\/03\/astra3-80x60.jpg 80w, https:\/\/jorgezanoni.com.br\/2019\/wp-content\/uploads\/2020\/03\/astra3-265x198.jpg 265w, https:\/\/jorgezanoni.com.br\/2019\/wp-content\/uploads\/2020\/03\/astra3-696x522.jpg 696w, https:\/\/jorgezanoni.com.br\/2019\/wp-content\/uploads\/2020\/03\/astra3-560x420.jpg 560w\" sizes=\"auto, (max-width: 960px) 100vw, 960px\" \/><\/p>\n<p style=\"text-align: justify;\">Fonte: Folha Regional.<\/p>\n","protected":false},"excerpt":{"rendered":"<p>Um grave acidente entre um ve\u00edculo GM Onix com placas de Ilha Bela \/ SP e um GM Astra de Luc\u00e9lia ocorrido por volta das 13h50 deste domingo (15) deixou uma pessoa em estado grave. As primeiras informa\u00e7\u00f5es apuradas pelo plant\u00e3o de jornalismo do site e jornal Folha Regional d\u00e3o conta de que os carros [&hellip;]<\/p>\n","protected":false},"author":1,"featured_media":21341,"comment_status":"closed","ping_status":"open","sticky":false,"template":"","format":"standard","meta":{"footnotes":""},"categories":[170,110],"tags":[],"class_list":["post-21340","post","type-post","status-publish","format-standard","has-post-thumbnail","hentry","category-acidentes","category-noticiasdestaque"],"_links":{"self":[{"href":"https:\/\/jorgezanoni.com.br\/2019\/wp-json\/wp\/v2\/posts\/21340","targetHints":{"allow":["GET"]}}],"collection":[{"href":"https:\/\/jorgezanoni.com.br\/2019\/wp-json\/wp\/v2\/posts"}],"about":[{"href":"https:\/\/jorgezanoni.com.br\/2019\/wp-json\/wp\/v2\/types\/post"}],"author":[{"embeddable":true,"href":"https:\/\/jorgezanoni.com.br\/2019\/wp-json\/wp\/v2\/users\/1"}],"replies":[{"embeddable":true,"href":"https:\/\/jorgezanoni.com.br\/2019\/wp-json\/wp\/v2\/comments?post=21340"}],"version-history":[{"count":0,"href":"https:\/\/jorgezanoni.com.br\/2019\/wp-json\/wp\/v2\/posts\/21340\/revisions"}],"wp:featuredmedia":[{"embeddable":true,"href":"https:\/\/jorgezanoni.com.br\/2019\/wp-json\/wp\/v2\/media\/21341"}],"wp:attachment":[{"href":"https:\/\/jorgezanoni.com.br\/2019\/wp-json\/wp\/v2\/media?parent=21340"}],"wp:term":[{"taxonomy":"category","embeddable":true,"href":"https:\/\/jorgezanoni.com.br\/2019\/wp-json\/wp\/v2\/categories?post=21340"},{"taxonomy":"post_tag","embeddable":true,"href":"https:\/\/jorgezanoni.com.br\/2019\/wp-json\/wp\/v2\/tags?post=21340"}],"curies":[{"name":"wp","href":"https:\/\/api.w.org\/{rel}","templated":true}]}}