{"id":21318,"date":"2020-03-15T16:36:21","date_gmt":"2020-03-15T16:36:21","guid":{"rendered":"https:\/\/jorgezanoni.com.br\/2019\/?p=21318"},"modified":"2020-03-15T16:36:21","modified_gmt":"2020-03-15T16:36:21","slug":"anglo-cid-realiza-aula-inaugural-do-programa-lider-em-mim-de-2020","status":"publish","type":"post","link":"https:\/\/jorgezanoni.com.br\/2019\/anglo-cid-realiza-aula-inaugural-do-programa-lider-em-mim-de-2020\/","title":{"rendered":"Anglo-CID realiza aula inaugural do programa L\u00edder em Mim de 2020"},"content":{"rendered":"<p style=\"font-weight: 400; text-align: justify;\">Um programa mundialmente reconhecido, com resultados comprovados, que trabalha com os paradigmas mentais e com a viv\u00eancia dos 7 h\u00e1bitos, o programa L\u00edder em Mim \u00e9 oferecido no Anglo-CID desde 2015. A mudan\u00e7a comportamental do programa envolve todo o ambiente escolar: equipe, professores, alunos e, inclusive, os pais.<\/p>\n<p style=\"font-weight: 400; text-align: justify;\">Orientados pelo Prof. Marcelo Carlos Sobrinho, os alunos do 7\u00ba ano do Col\u00e9gio Anglo-CID que fazem parte do grupo do Anglo Teatro realizaram uma aula inaugural do programa L\u00edder em Mim no dia 3 de mar\u00e7o, no Audit\u00f3rio da Fundec. Os alunos do ensino fundamental I puderam apreciar momentos de aprendizagem com os temas abordados. A pe\u00e7a \u201cEu sou um l\u00edder!\u201d mostrou como o aluno pode ser l\u00edder de si mesmo dentro e fora da escola, tendo sempre as melhores atitudes.<br \/>\nO programa \u00e9 desenvolvido na escola com os alunos do 1\u00ba ao 9\u00ba ano. Em 2019, o Anglo-CID foi premiado com a Melhor Pr\u00e1tica na Conven\u00e7\u00e3o do Programa L\u00edder em Mim &#8211; Transforma\u00e7\u00e3o 360: da efic\u00e1cia \u00e0 grandeza, na categoria Trabalho Direcionado por Metas.<\/p>\n<p style=\"font-weight: 400; text-align: justify;\">O Col\u00e9gio Anglo-CID vem se preparando para as mudan\u00e7as que ocorrem na Educa\u00e7\u00e3o, implantando metodologias ativas, inserindo novas tecnologias para o aprendizado e promovendo a mudan\u00e7a comportamental em educadores, crian\u00e7as e adolescentes. O desenvolvimento das compet\u00eancias socioemocionais necess\u00e1rias aos desafios deste s\u00e9culo torna os alunos os protagonistas de suas pr\u00f3prias vidas, promovendo transforma\u00e7\u00f5es na sociedade.<\/p>\n<p style=\"font-weight: 400; text-align: justify;\">Foto: 085044 \u2013 Alunos do projeto Anglo Teatro.<\/p>\n<p><img loading=\"lazy\" decoding=\"async\" class=\"alignnone size-full wp-image-21319\" src=\"https:\/\/jorgezanoni.com.br\/2019\/wp-content\/uploads\/2020\/03\/lider.jpg\" alt=\"\" width=\"240\" height=\"116\" \/><\/p>\n<p style=\"font-weight: 400; text-align: justify;\">Foto: 084957 \u2013 Alunos do ensino fundamental do Col\u00e9gio Anglo-CID<\/p>\n<p style=\"font-weight: 400; text-align: justify;\">Carolina Colnago<\/p>\n<p style=\"font-weight: 400; text-align: justify;\">Assessora de Comunica\u00e7\u00e3o da Fundec &#8211; Jornalista<\/p>\n","protected":false},"excerpt":{"rendered":"<p>Um programa mundialmente reconhecido, com resultados comprovados, que trabalha com os paradigmas mentais e com a viv\u00eancia dos 7 h\u00e1bitos, o programa L\u00edder em Mim \u00e9 oferecido no Anglo-CID desde 2015. A mudan\u00e7a comportamental do programa envolve todo o ambiente escolar: equipe, professores, alunos e, inclusive, os pais. Orientados pelo Prof. Marcelo Carlos Sobrinho, os [&hellip;]<\/p>\n","protected":false},"author":1,"featured_media":21320,"comment_status":"closed","ping_status":"open","sticky":false,"template":"","format":"standard","meta":{"footnotes":""},"categories":[122],"tags":[],"class_list":["post-21318","post","type-post","status-publish","format-standard","has-post-thumbnail","hentry","category-saudeeducacaoeconcurso"],"_links":{"self":[{"href":"https:\/\/jorgezanoni.com.br\/2019\/wp-json\/wp\/v2\/posts\/21318","targetHints":{"allow":["GET"]}}],"collection":[{"href":"https:\/\/jorgezanoni.com.br\/2019\/wp-json\/wp\/v2\/posts"}],"about":[{"href":"https:\/\/jorgezanoni.com.br\/2019\/wp-json\/wp\/v2\/types\/post"}],"author":[{"embeddable":true,"href":"https:\/\/jorgezanoni.com.br\/2019\/wp-json\/wp\/v2\/users\/1"}],"replies":[{"embeddable":true,"href":"https:\/\/jorgezanoni.com.br\/2019\/wp-json\/wp\/v2\/comments?post=21318"}],"version-history":[{"count":0,"href":"https:\/\/jorgezanoni.com.br\/2019\/wp-json\/wp\/v2\/posts\/21318\/revisions"}],"wp:featuredmedia":[{"embeddable":true,"href":"https:\/\/jorgezanoni.com.br\/2019\/wp-json\/wp\/v2\/media\/21320"}],"wp:attachment":[{"href":"https:\/\/jorgezanoni.com.br\/2019\/wp-json\/wp\/v2\/media?parent=21318"}],"wp:term":[{"taxonomy":"category","embeddable":true,"href":"https:\/\/jorgezanoni.com.br\/2019\/wp-json\/wp\/v2\/categories?post=21318"},{"taxonomy":"post_tag","embeddable":true,"href":"https:\/\/jorgezanoni.com.br\/2019\/wp-json\/wp\/v2\/tags?post=21318"}],"curies":[{"name":"wp","href":"https:\/\/api.w.org\/{rel}","templated":true}]}}