{"id":21310,"date":"2020-03-15T16:01:43","date_gmt":"2020-03-15T16:01:43","guid":{"rendered":"https:\/\/jorgezanoni.com.br\/2019\/?p=21310"},"modified":"2020-03-15T16:01:43","modified_gmt":"2020-03-15T16:01:43","slug":"pedido-de-instauracao-de-comissao-processante-passa-por-votacao-na-camara-de-dracena","status":"publish","type":"post","link":"https:\/\/jorgezanoni.com.br\/2019\/pedido-de-instauracao-de-comissao-processante-passa-por-votacao-na-camara-de-dracena\/","title":{"rendered":"Pedido de instaura\u00e7\u00e3o de Comiss\u00e3o Processante passa por vota\u00e7\u00e3o na C\u00e2mara de Dracena"},"content":{"rendered":"<p style=\"text-align: justify;\"><strong>Documentos foram protocolados no Legislativo nesta quinta-feira, 12.<\/strong><\/p>\n<p style=\"text-align: justify;\">Foi protocolado nesta quinta-feira, 12, na C\u00e2mara Municipal de Dracena o pedido de instaura\u00e7\u00e3o de Comiss\u00e3o Processante para apura\u00e7\u00e3o de den\u00fancias de poss\u00edvel quebra de decoro parlamentar por parte do vereador Higor Tossato (PDT).<\/p>\n<p style=\"text-align: justify;\">\u00a0O documento \u00e9 de autoria dos cidad\u00e3os Bruno Brandino e Valter Fernandes e apresenta entre as testemunhas o vereador Claudevi O. S. Junior (PV).<\/p>\n<p style=\"text-align: justify;\">\u00a0Atendendo ao disposto na Lei Complementar n.\u00ba 17\/1993 e no Decreto-Lei n.\u00ba 201\/1967, a den\u00fancia ser\u00e1 lida e votada na pr\u00f3xima sess\u00e3o ordin\u00e1ria, a ser realizada na segunda-feira, 16. Como os vereadores Higor e Claudevi s\u00e3o citados no documento, ser\u00e3o convocados os seus respectivos suplentes para vota\u00e7\u00e3o do acolhimento da den\u00fancia, para tanto, \u00e9 necess\u00e1rio a maioria simples dos votos. Acolhida, ser\u00e1 instaurada \u00a0Comiss\u00e3o Processante.<\/p>\n<p style=\"text-align: justify;\">\u00a0Ainda nesta quinta-feira, foram protocolados outros dois pedidos. Um do cidad\u00e3o Clovis Amorim de afastamento preventivo do vereador acusado, o que foi indeferido por falta de fundamenta\u00e7\u00e3o legal, e o outro do vereador Claudevi de instaura\u00e7\u00e3o da Comiss\u00e3o Processante para cassa\u00e7\u00e3o do mandato do vereador Higor Tossato.<\/p>\n<p style=\"text-align: justify;\"><strong>Comiss\u00e3o Processante<\/strong><\/p>\n<p style=\"text-align: justify;\">\u00a0\u00c9 uma comiss\u00e3o tempor\u00e1ria que se destina a apurar infra\u00e7\u00f5es pol\u00edtico-administrativas do prefeito e\/ou vereadores, no desempenho de suas fun\u00e7\u00f5es e nos termos fixados na legisla\u00e7\u00e3o permanente.<\/p>\n<p style=\"text-align: justify;\">\u00a0Para compor uma CP s\u00e3o indicados nomes de tr\u00eas vereadores. N\u00e3o podem integrar vereadores que tenham interesses pessoais no resultado, como o caso de ser denunciante, denunciado ou testemunha.<\/p>\n<p style=\"text-align: justify;\">\u00a0Durante todo o per\u00edodo que a comiss\u00e3o processante estiver atuando, \u00e9 dada ampla defesa ao denunciado.<\/p>\n<p style=\"text-align: justify;\">\u00a0A 7\u00aa sess\u00e3o ordin\u00e1ria ser\u00e1 realizada na segunda-feira, 16, a partir das 20h com transmiss\u00e3o ao vivo pelo r\u00e1dio e pela TV C\u00e2mara no Facebook e YouTube.<\/p>\n<p style=\"text-align: justify;\">\n","protected":false},"excerpt":{"rendered":"<p>Documentos foram protocolados no Legislativo nesta quinta-feira, 12. Foi protocolado nesta quinta-feira, 12, na C\u00e2mara Municipal de Dracena o pedido de instaura\u00e7\u00e3o de Comiss\u00e3o Processante para apura\u00e7\u00e3o de den\u00fancias de poss\u00edvel quebra de decoro parlamentar por parte do vereador Higor Tossato (PDT). \u00a0O documento \u00e9 de autoria dos cidad\u00e3os Bruno Brandino e Valter Fernandes e [&hellip;]<\/p>\n","protected":false},"author":1,"featured_media":21311,"comment_status":"closed","ping_status":"open","sticky":false,"template":"","format":"standard","meta":{"footnotes":""},"categories":[116],"tags":[],"class_list":["post-21310","post","type-post","status-publish","format-standard","has-post-thumbnail","hentry","category-politicaeeconomia"],"_links":{"self":[{"href":"https:\/\/jorgezanoni.com.br\/2019\/wp-json\/wp\/v2\/posts\/21310","targetHints":{"allow":["GET"]}}],"collection":[{"href":"https:\/\/jorgezanoni.com.br\/2019\/wp-json\/wp\/v2\/posts"}],"about":[{"href":"https:\/\/jorgezanoni.com.br\/2019\/wp-json\/wp\/v2\/types\/post"}],"author":[{"embeddable":true,"href":"https:\/\/jorgezanoni.com.br\/2019\/wp-json\/wp\/v2\/users\/1"}],"replies":[{"embeddable":true,"href":"https:\/\/jorgezanoni.com.br\/2019\/wp-json\/wp\/v2\/comments?post=21310"}],"version-history":[{"count":0,"href":"https:\/\/jorgezanoni.com.br\/2019\/wp-json\/wp\/v2\/posts\/21310\/revisions"}],"wp:featuredmedia":[{"embeddable":true,"href":"https:\/\/jorgezanoni.com.br\/2019\/wp-json\/wp\/v2\/media\/21311"}],"wp:attachment":[{"href":"https:\/\/jorgezanoni.com.br\/2019\/wp-json\/wp\/v2\/media?parent=21310"}],"wp:term":[{"taxonomy":"category","embeddable":true,"href":"https:\/\/jorgezanoni.com.br\/2019\/wp-json\/wp\/v2\/categories?post=21310"},{"taxonomy":"post_tag","embeddable":true,"href":"https:\/\/jorgezanoni.com.br\/2019\/wp-json\/wp\/v2\/tags?post=21310"}],"curies":[{"name":"wp","href":"https:\/\/api.w.org\/{rel}","templated":true}]}}