{"id":21305,"date":"2020-03-15T14:56:44","date_gmt":"2020-03-15T14:56:44","guid":{"rendered":"https:\/\/jorgezanoni.com.br\/2019\/?p=21305"},"modified":"2020-03-15T14:56:44","modified_gmt":"2020-03-15T14:56:44","slug":"voluntarias-de-entidades-dracenenses-recebem-homenagens-na-camara-municipal-de-dracena","status":"publish","type":"post","link":"https:\/\/jorgezanoni.com.br\/2019\/voluntarias-de-entidades-dracenenses-recebem-homenagens-na-camara-municipal-de-dracena\/","title":{"rendered":"Volunt\u00e1rias de entidades dracenenses recebem homenagens na C\u00e2mara Municipal de Dracena"},"content":{"rendered":"<p style=\"text-align: justify;\"><strong><em>Evento faz parte das comemora\u00e7\u00f5es pelo Dia Internacional da Mulher, celebrado no dia 8 de mar\u00e7o.<\/em><\/strong><\/p>\n<p>A C\u00e2mara Municipal de Dracena realizou na noite desta segunda-feira, 9, a entrega de Diplomas de Honra ao M\u00e9rito a 25 mulheres que se destacaram no servi\u00e7o volunt\u00e1rio no munic\u00edpio, como parte das comemora\u00e7\u00f5es pelo Dia Internacional da Mulher, celebrado no dia 8 de mar\u00e7o.<\/p>\n<p>A solenidade \u00e9 realizada anualmente no Legislativo, desde que foi institu\u00edda atrav\u00e9s da Lei N\u00ba 3.435, de 15.02.07. Os nomes s\u00e3o indicados pelas pr\u00f3prias entidades que prestam servi\u00e7os assistenciais e beneficentes.<\/p>\n<p>A sess\u00e3o com homenagem teve ainda a participa\u00e7\u00e3o especial do Coral Guiomar Novaes sob reg\u00eancia da Sra. Hellen Rose, que apresentou can\u00e7\u00f5es da m\u00fasica popular brasileira, abrilhantando, assim, a noite.<\/p>\n<p style=\"text-align: justify;\">Autoridades, representantes de entidades e clube de servi\u00e7os, familiares e amigos vieram prestigiar a homenagem e lotaram as galerias da Casa. A mesa principal foi composta pelo presidente da C\u00e2mara, Milton Polon, o vice-prefeito Mois\u00e9s Antonio de Lima, o padre \u00c2ngelo Jos\u00e9 Biffi da Par\u00f3quia S\u00e3o Francisco de Assis, a vice diretora da Unesp Dracena Prof. Dra. Sirlei Aparecida Maest\u00e1 e o Sr. Jo\u00e3o Ernesto B\u00e1caro, presidente do Lions Cinquenten\u00e1rio, al\u00e9m de outros representantes das entidades presentes.<\/p>\n<p style=\"text-align: justify;\">Juntamente com os diplomas, as homenageadas receberam um bot\u00e3o de rosa do Legislativo, o que, quebrando o protocolo, tamb\u00e9m foi entregue \u00e0s mulheres integrantes do coral e \u00e0s funcion\u00e1rias da C\u00e2mara Municipal de Dracena.<\/p>\n<p style=\"text-align: justify;\">Representando todas as homenageadas, a sra. Lenita Branquinho de Carvalho Ferreira usou a Tribuna e discursou. Relembrou as lutas que trouxeram \u00e0s mulheres a oportunidade de participar das decis\u00f5es que impactam a sociedade como o direito a voto e o trabalho fora de casa. &#8220;A nossa conquista, a nossa liberdade teve um pre\u00e7o e temos que passar pras pr\u00f3ximas gera\u00e7\u00f5es o sentido dele&#8221;.<\/p>\n<p style=\"text-align: justify;\">Discursou tamb\u00e9m em nome do Legislativo a vereadora Sara Scarabelli e representando o Poder Executivo, o vice-prefeito Mois\u00e9s Ant\u00f4nio de Lima.<\/p>\n<p style=\"text-align: justify;\">A homenagem foi realizada durante a 6\u00aa sess\u00e3o ordin\u00e1ria. Na ocasi\u00e3o tamb\u00e9m foram lidos e apresentados 21 requerimentos e 10 indica\u00e7\u00f5es. A pr\u00f3xima sess\u00e3o ordin\u00e1ria ser\u00e1 realizada na segunda-feira, 16, com in\u00edcio \u00e0s 20h e transmitida ao vivo pelo r\u00e1dio e TV C\u00e2mara no Facebook e no YouTube.<\/p>\n<div style=\"text-align: justify;\">Mais fotos dispon\u00edveis no link:\u00a0<a href=\"https:\/\/www.facebook.com\/cmdracena\/posts\/2935751253188047\" target=\"_blank\" rel=\"noopener noreferrer\">https:\/\/www.facebook.com\/cmdracena\/posts\/2935751253188047<\/a><\/div>\n<div><\/div>\n<div><img loading=\"lazy\" decoding=\"async\" class=\"alignnone size-full wp-image-21306\" src=\"https:\/\/jorgezanoni.com.br\/2019\/wp-content\/uploads\/2020\/03\/mulher1.jpg\" alt=\"\" width=\"1600\" height=\"1067\" srcset=\"https:\/\/jorgezanoni.com.br\/2019\/wp-content\/uploads\/2020\/03\/mulher1.jpg 1600w, https:\/\/jorgezanoni.com.br\/2019\/wp-content\/uploads\/2020\/03\/mulher1-300x200.jpg 300w, https:\/\/jorgezanoni.com.br\/2019\/wp-content\/uploads\/2020\/03\/mulher1-768x512.jpg 768w, https:\/\/jorgezanoni.com.br\/2019\/wp-content\/uploads\/2020\/03\/mulher1-1024x683.jpg 1024w, https:\/\/jorgezanoni.com.br\/2019\/wp-content\/uploads\/2020\/03\/mulher1-696x464.jpg 696w, https:\/\/jorgezanoni.com.br\/2019\/wp-content\/uploads\/2020\/03\/mulher1-1068x712.jpg 1068w, https:\/\/jorgezanoni.com.br\/2019\/wp-content\/uploads\/2020\/03\/mulher1-630x420.jpg 630w\" sizes=\"auto, (max-width: 1600px) 100vw, 1600px\" \/> <img loading=\"lazy\" decoding=\"async\" class=\"alignnone size-full wp-image-21307\" src=\"https:\/\/jorgezanoni.com.br\/2019\/wp-content\/uploads\/2020\/03\/mulher2.jpg\" alt=\"\" width=\"1600\" height=\"1067\" srcset=\"https:\/\/jorgezanoni.com.br\/2019\/wp-content\/uploads\/2020\/03\/mulher2.jpg 1600w, https:\/\/jorgezanoni.com.br\/2019\/wp-content\/uploads\/2020\/03\/mulher2-300x200.jpg 300w, https:\/\/jorgezanoni.com.br\/2019\/wp-content\/uploads\/2020\/03\/mulher2-768x512.jpg 768w, https:\/\/jorgezanoni.com.br\/2019\/wp-content\/uploads\/2020\/03\/mulher2-1024x683.jpg 1024w, https:\/\/jorgezanoni.com.br\/2019\/wp-content\/uploads\/2020\/03\/mulher2-696x464.jpg 696w, https:\/\/jorgezanoni.com.br\/2019\/wp-content\/uploads\/2020\/03\/mulher2-1068x712.jpg 1068w, https:\/\/jorgezanoni.com.br\/2019\/wp-content\/uploads\/2020\/03\/mulher2-630x420.jpg 630w\" sizes=\"auto, (max-width: 1600px) 100vw, 1600px\" \/><\/div>\n<div style=\"text-align: justify;\"><\/div>\n<div style=\"text-align: justify;\"><\/div>\n","protected":false},"excerpt":{"rendered":"<p>Evento faz parte das comemora\u00e7\u00f5es pelo Dia Internacional da Mulher, celebrado no dia 8 de mar\u00e7o. A C\u00e2mara Municipal de Dracena realizou na noite desta segunda-feira, 9, a entrega de Diplomas de Honra ao M\u00e9rito a 25 mulheres que se destacaram no servi\u00e7o volunt\u00e1rio no munic\u00edpio, como parte das comemora\u00e7\u00f5es pelo Dia Internacional da Mulher, [&hellip;]<\/p>\n","protected":false},"author":1,"featured_media":21308,"comment_status":"closed","ping_status":"open","sticky":false,"template":"","format":"standard","meta":{"footnotes":""},"categories":[114,116],"tags":[],"class_list":["post-21305","post","type-post","status-publish","format-standard","has-post-thumbnail","hentry","category-geralecomercio","category-politicaeeconomia"],"_links":{"self":[{"href":"https:\/\/jorgezanoni.com.br\/2019\/wp-json\/wp\/v2\/posts\/21305","targetHints":{"allow":["GET"]}}],"collection":[{"href":"https:\/\/jorgezanoni.com.br\/2019\/wp-json\/wp\/v2\/posts"}],"about":[{"href":"https:\/\/jorgezanoni.com.br\/2019\/wp-json\/wp\/v2\/types\/post"}],"author":[{"embeddable":true,"href":"https:\/\/jorgezanoni.com.br\/2019\/wp-json\/wp\/v2\/users\/1"}],"replies":[{"embeddable":true,"href":"https:\/\/jorgezanoni.com.br\/2019\/wp-json\/wp\/v2\/comments?post=21305"}],"version-history":[{"count":0,"href":"https:\/\/jorgezanoni.com.br\/2019\/wp-json\/wp\/v2\/posts\/21305\/revisions"}],"wp:featuredmedia":[{"embeddable":true,"href":"https:\/\/jorgezanoni.com.br\/2019\/wp-json\/wp\/v2\/media\/21308"}],"wp:attachment":[{"href":"https:\/\/jorgezanoni.com.br\/2019\/wp-json\/wp\/v2\/media?parent=21305"}],"wp:term":[{"taxonomy":"category","embeddable":true,"href":"https:\/\/jorgezanoni.com.br\/2019\/wp-json\/wp\/v2\/categories?post=21305"},{"taxonomy":"post_tag","embeddable":true,"href":"https:\/\/jorgezanoni.com.br\/2019\/wp-json\/wp\/v2\/tags?post=21305"}],"curies":[{"name":"wp","href":"https:\/\/api.w.org\/{rel}","templated":true}]}}