{"id":2128,"date":"2019-07-25T23:39:06","date_gmt":"2019-07-25T23:39:06","guid":{"rendered":"http:\/\/jorgezanoni.com.br\/2019\/?p=2128"},"modified":"2019-07-25T23:39:17","modified_gmt":"2019-07-25T23:39:17","slug":"policia-militar-busca-constante-no-aperfeicoamento","status":"publish","type":"post","link":"https:\/\/jorgezanoni.com.br\/2019\/policia-militar-busca-constante-no-aperfeicoamento\/","title":{"rendered":"Pol\u00edcia Militar: Busca constante no aperfei\u00e7oamento"},"content":{"rendered":"<p style=\"text-align: justify;\">O Comandante do 25\u00ba BPM\/I, Tenente Coronel PM Alexandre Fontolan e o Sub Comandante Capit\u00e3o PM J\u00falio Marcelo, est\u00e3o na Capital do Estado, participando do \u201cXVII \u2013 Encontro Nacional de Entidades de Oficiais Militares Estaduais\u201d.<\/p>\n<p><img loading=\"lazy\" decoding=\"async\" class=\"alignnone size-full wp-image-2130\" src=\"http:\/\/jorgezanoni.com.br\/2019\/wp-content\/uploads\/2019\/07\/policia1.jpg\" alt=\"\" width=\"622\" height=\"1280\" srcset=\"https:\/\/jorgezanoni.com.br\/2019\/wp-content\/uploads\/2019\/07\/policia1.jpg 622w, https:\/\/jorgezanoni.com.br\/2019\/wp-content\/uploads\/2019\/07\/policia1-146x300.jpg 146w, https:\/\/jorgezanoni.com.br\/2019\/wp-content\/uploads\/2019\/07\/policia1-498x1024.jpg 498w, https:\/\/jorgezanoni.com.br\/2019\/wp-content\/uploads\/2019\/07\/policia1-204x420.jpg 204w\" sizes=\"auto, (max-width: 622px) 100vw, 622px\" \/><\/p>\n<p style=\"text-align: justify;\">Durante o evento ser\u00e3o debatidos os principais temas de interesse dos militares estaduais e contar\u00e1 com a presen\u00e7a de ministros de Estados e autoridades civis e militares entre eles: o Governador do Rio de Janeiro Execelentissimo Sr. Wilson Witzel, Ministros do governo federal, senador, deputados presidente de associa\u00e7\u00f5es militares, participa\u00e7\u00f5es de v\u00e1rias Policiais Militares dos Estados e membro da Pol\u00edcia da It\u00e1lia, Carabinieri, e da Espanha que trouxeram experi\u00eancias da aplica\u00e7\u00e3o do ciclo completo de Pol\u00edcia pela Pol\u00edcia Militar de S\u00e3o Paulo do Termo circunstanciado, fato que j\u00e1 \u00e9 realidade em outros Estados.<\/p>\n<p style=\"text-align: justify;\"><img loading=\"lazy\" decoding=\"async\" class=\"alignnone size-full wp-image-2131\" src=\"http:\/\/jorgezanoni.com.br\/2019\/wp-content\/uploads\/2019\/07\/policia-1.jpg\" alt=\"\" width=\"1024\" height=\"768\" srcset=\"https:\/\/jorgezanoni.com.br\/2019\/wp-content\/uploads\/2019\/07\/policia-1.jpg 1024w, https:\/\/jorgezanoni.com.br\/2019\/wp-content\/uploads\/2019\/07\/policia-1-300x225.jpg 300w, https:\/\/jorgezanoni.com.br\/2019\/wp-content\/uploads\/2019\/07\/policia-1-768x576.jpg 768w, https:\/\/jorgezanoni.com.br\/2019\/wp-content\/uploads\/2019\/07\/policia-1-80x60.jpg 80w, https:\/\/jorgezanoni.com.br\/2019\/wp-content\/uploads\/2019\/07\/policia-1-265x198.jpg 265w, https:\/\/jorgezanoni.com.br\/2019\/wp-content\/uploads\/2019\/07\/policia-1-696x522.jpg 696w, https:\/\/jorgezanoni.com.br\/2019\/wp-content\/uploads\/2019\/07\/policia-1-560x420.jpg 560w\" sizes=\"auto, (max-width: 1024px) 100vw, 1024px\" \/><br \/>\nO evento est\u00e1 sendo realizado no Holiday Inn Hotel Parque Anhembi nos dias 25 e 26 de Julho.<\/p>\n<p><img loading=\"lazy\" decoding=\"async\" class=\"alignnone size-full wp-image-2132\" src=\"http:\/\/jorgezanoni.com.br\/2019\/wp-content\/uploads\/2019\/07\/policia3.jpg\" alt=\"\" width=\"1280\" height=\"720\" srcset=\"https:\/\/jorgezanoni.com.br\/2019\/wp-content\/uploads\/2019\/07\/policia3.jpg 1280w, https:\/\/jorgezanoni.com.br\/2019\/wp-content\/uploads\/2019\/07\/policia3-300x169.jpg 300w, https:\/\/jorgezanoni.com.br\/2019\/wp-content\/uploads\/2019\/07\/policia3-768x432.jpg 768w, https:\/\/jorgezanoni.com.br\/2019\/wp-content\/uploads\/2019\/07\/policia3-1024x576.jpg 1024w, https:\/\/jorgezanoni.com.br\/2019\/wp-content\/uploads\/2019\/07\/policia3-696x392.jpg 696w, https:\/\/jorgezanoni.com.br\/2019\/wp-content\/uploads\/2019\/07\/policia3-1068x601.jpg 1068w, https:\/\/jorgezanoni.com.br\/2019\/wp-content\/uploads\/2019\/07\/policia3-747x420.jpg 747w\" sizes=\"auto, (max-width: 1280px) 100vw, 1280px\" \/><\/p>\n<p>#25BPMI<br \/>\n#POLICIAMILITARSP<br \/>\n#FOR\u00c7AP\u00daBLICADES\u00c3OPAULO<br \/>\nFonte: COMUNICA\u00c7\u00c3O SOCIAL DO 25\u00ba BPM\/I &#8211; Dracena e regi\u00e3o.<\/p>\n","protected":false},"excerpt":{"rendered":"<p>O Comandante do 25\u00ba BPM\/I, Tenente Coronel PM Alexandre Fontolan e o Sub Comandante Capit\u00e3o PM J\u00falio Marcelo, est\u00e3o na Capital do Estado, participando do \u201cXVII \u2013 Encontro Nacional de Entidades de Oficiais Militares Estaduais\u201d. Durante o evento ser\u00e3o debatidos os principais temas de interesse dos militares estaduais e contar\u00e1 com a presen\u00e7a de ministros [&hellip;]<\/p>\n","protected":false},"author":1,"featured_media":2133,"comment_status":"open","ping_status":"open","sticky":false,"template":"","format":"standard","meta":{"footnotes":""},"categories":[110,2],"tags":[],"class_list":["post-2128","post","type-post","status-publish","format-standard","has-post-thumbnail","hentry","category-noticiasdestaque","category-policial"],"_links":{"self":[{"href":"https:\/\/jorgezanoni.com.br\/2019\/wp-json\/wp\/v2\/posts\/2128","targetHints":{"allow":["GET"]}}],"collection":[{"href":"https:\/\/jorgezanoni.com.br\/2019\/wp-json\/wp\/v2\/posts"}],"about":[{"href":"https:\/\/jorgezanoni.com.br\/2019\/wp-json\/wp\/v2\/types\/post"}],"author":[{"embeddable":true,"href":"https:\/\/jorgezanoni.com.br\/2019\/wp-json\/wp\/v2\/users\/1"}],"replies":[{"embeddable":true,"href":"https:\/\/jorgezanoni.com.br\/2019\/wp-json\/wp\/v2\/comments?post=2128"}],"version-history":[{"count":0,"href":"https:\/\/jorgezanoni.com.br\/2019\/wp-json\/wp\/v2\/posts\/2128\/revisions"}],"wp:featuredmedia":[{"embeddable":true,"href":"https:\/\/jorgezanoni.com.br\/2019\/wp-json\/wp\/v2\/media\/2133"}],"wp:attachment":[{"href":"https:\/\/jorgezanoni.com.br\/2019\/wp-json\/wp\/v2\/media?parent=2128"}],"wp:term":[{"taxonomy":"category","embeddable":true,"href":"https:\/\/jorgezanoni.com.br\/2019\/wp-json\/wp\/v2\/categories?post=2128"},{"taxonomy":"post_tag","embeddable":true,"href":"https:\/\/jorgezanoni.com.br\/2019\/wp-json\/wp\/v2\/tags?post=2128"}],"curies":[{"name":"wp","href":"https:\/\/api.w.org\/{rel}","templated":true}]}}