{"id":21260,"date":"2020-03-15T12:20:51","date_gmt":"2020-03-15T12:20:51","guid":{"rendered":"https:\/\/jorgezanoni.com.br\/2019\/?p=21260"},"modified":"2020-03-15T12:20:51","modified_gmt":"2020-03-15T12:20:51","slug":"acidente-entre-carro-carroca-e-motocicleta-deixa-uma-pessoa-morta-e-outras-tres-feridas-em-monte-castelo","status":"publish","type":"post","link":"https:\/\/jorgezanoni.com.br\/2019\/acidente-entre-carro-carroca-e-motocicleta-deixa-uma-pessoa-morta-e-outras-tres-feridas-em-monte-castelo\/","title":{"rendered":"Acidente entre carro, carro\u00e7a e motocicleta deixa uma pessoa morta e outras tr\u00eas feridas em Monte Castelo"},"content":{"rendered":"<h2 class=\"content-head__subtitle\" style=\"text-align: justify;\"><strong>Motorista do autom\u00f3vel, de 34 anos, faleceu no local da batida. Ocupantes do ve\u00edculo de tra\u00e7\u00e3o animal foram socorridos em estado grave para a Santa Casa de Tupi Paulista.<\/strong><\/h2>\n<p><img loading=\"lazy\" decoding=\"async\" class=\"alignnone size-full wp-image-21261\" src=\"https:\/\/jorgezanoni.com.br\/2019\/wp-content\/uploads\/2020\/03\/monte.jpeg\" alt=\"\" width=\"640\" height=\"311\" srcset=\"https:\/\/jorgezanoni.com.br\/2019\/wp-content\/uploads\/2020\/03\/monte.jpeg 640w, https:\/\/jorgezanoni.com.br\/2019\/wp-content\/uploads\/2020\/03\/monte-300x146.jpeg 300w\" sizes=\"auto, (max-width: 640px) 100vw, 640px\" \/><\/p>\n<div class=\"mc-column content-text active-extra-styles \" data-block-type=\"unstyled\" data-block-weight=\"36\" data-block-id=\"2\">\n<p class=\"content-text__container \" style=\"text-align: justify;\" data-track-category=\"Link no Texto\" data-track-links=\"\">Um acidente de tr\u00e2nsito deixou uma pessoa morta e outras tr\u00eas feridas na noite deste s\u00e1bado (14) na SPA-147\/563 (rodovia sem denomina\u00e7\u00e3o), em\u00a0<a href=\"https:\/\/g1.globo.com\/sp\/presidente-prudente-regiao\/cidade\/monte-castelo-sp\/\">Monte Castelo<\/a>. A ocorr\u00eancia envolveu um carro, uma carro\u00e7a e uma motocicleta.<\/p>\n<\/div>\n<div class=\"wall protected-content\">\n<div class=\"mc-column content-text active-extra-styles \" style=\"text-align: justify;\" data-block-type=\"unstyled\" data-block-weight=\"30\" data-block-id=\"3\">\n<p class=\"content-text__container \" data-track-category=\"Link no Texto\" data-track-links=\"\">De acordo com informa\u00e7\u00f5es da Pol\u00edcia Militar Rodovi\u00e1ria, o carro transitava no sentido Tupi Paulista \u2013 Monte Castelo, quando bateu frontalmente com a carro\u00e7a, que seguia pela contram\u00e3o de dire\u00e7\u00e3o.<\/p>\n<\/div>\n<div class=\"mc-column content-text active-extra-styles \" style=\"text-align: justify;\" data-block-type=\"unstyled\" data-block-weight=\"27\" data-block-id=\"4\">\n<p class=\"content-text__container \" data-track-category=\"Link no Texto\" data-track-links=\"\">Em seguida, a motocicleta, que transitava no sentido\u00a0<a href=\"https:\/\/g1.globo.com\/sp\/presidente-prudente-regiao\/cidade\/tupi-paulista\/\">Tupi Paulista<\/a>\u00a0\u2013 Monte Castelo, bateu na carro\u00e7a que ficou sobre a pista ap\u00f3s a colis\u00e3o com o autom\u00f3vel.<\/p>\n<\/div>\n<div class=\"mc-column content-text active-extra-styles \" style=\"text-align: justify;\" data-block-type=\"unstyled\" data-block-weight=\"20\" data-block-id=\"5\">\n<p class=\"content-text__container \" data-track-category=\"Link no Texto\" data-track-links=\"\">O motorista do carro Douglas Porf\u00edrio, de 34 anos e morador em Monte Castelo, morreu no local do acidente, segundo a pol\u00edcia.<\/p>\n<\/div>\n<div class=\"mc-column content-text active-extra-styles \" style=\"text-align: justify;\" data-block-type=\"unstyled\" data-block-weight=\"29\" data-block-id=\"6\">\n<p class=\"content-text__container \" data-track-category=\"Link no Texto\" data-track-links=\"\">Os ocupantes da carro\u00e7a, um homem de 51 e outro de 53 anos, tiveram ferimentos graves e foram encaminhados para receber atendimento m\u00e9dico na Santa Casa de Tupi Paulista.<\/p>\n<\/div>\n<div class=\"mc-column content-text active-extra-styles \" style=\"text-align: justify;\" data-block-type=\"unstyled\" data-block-weight=\"27\" data-block-id=\"7\">\n<p class=\"content-text__container \" data-track-category=\"Link no Texto\" data-track-links=\"\">J\u00e1 a condutora da motocicleta, uma mulher de 26 anos moradora de Monte Castelo, teve ferimentos leves. Ela tamb\u00e9m foi encaminhada para o hospital em Tupi Paulista.<\/p>\n<\/div>\n<div class=\"mc-column content-text active-extra-styles \" style=\"text-align: justify;\" data-block-type=\"unstyled\" data-block-weight=\"20\" data-block-id=\"8\">\n<p class=\"content-text__container \" data-track-category=\"Link no Texto\" data-track-links=\"\">Conforme a pol\u00edcia, a condutora da motocicleta realizou o teste do baf\u00f4metro, que n\u00e3o constatou concentra\u00e7\u00e3o de \u00e1lcool no organismo.<\/p>\n<\/div>\n<div class=\"mc-column content-text active-extra-styles \" style=\"text-align: justify;\" data-block-type=\"unstyled\" data-block-weight=\"10\" data-block-id=\"9\">\n<p class=\"content-text__container \" data-track-category=\"Link no Texto\" data-track-links=\"\">O carro e a motocicleta possu\u00edam placas de Monte Castelo.<\/p>\n<\/div>\n<div class=\"mc-column content-text active-extra-styles \" data-block-type=\"unstyled\" data-block-weight=\"27\" data-block-id=\"10\">\n<p class=\"content-text__container \" style=\"text-align: justify;\" data-track-category=\"Link no Texto\" data-track-links=\"\">A rodovia n\u00e3o precisou ser interditada durante o atendimento da ocorr\u00eancia. Al\u00e9m da pol\u00edcia, equipes do Departamento de Estradas de Rodagem (DER) tamb\u00e9m prestaram aux\u00edlio no local.<\/p>\n<p data-track-category=\"Link no Texto\" data-track-links=\"\"><img loading=\"lazy\" decoding=\"async\" class=\"alignnone size-full wp-image-21262\" src=\"https:\/\/jorgezanoni.com.br\/2019\/wp-content\/uploads\/2020\/03\/MONTE1.jpg\" alt=\"\" width=\"540\" height=\"960\" srcset=\"https:\/\/jorgezanoni.com.br\/2019\/wp-content\/uploads\/2020\/03\/MONTE1.jpg 540w, https:\/\/jorgezanoni.com.br\/2019\/wp-content\/uploads\/2020\/03\/MONTE1-169x300.jpg 169w, https:\/\/jorgezanoni.com.br\/2019\/wp-content\/uploads\/2020\/03\/MONTE1-236x420.jpg 236w\" sizes=\"auto, (max-width: 540px) 100vw, 540px\" \/><\/p>\n<p style=\"text-align: justify;\" data-track-category=\"Link no Texto\" data-track-links=\"\">Fonte: G1<\/p>\n<p data-track-category=\"Link no Texto\" data-track-links=\"\">Fotos PMR, Internauta e Rede Social<\/p>\n<\/div>\n<\/div>\n","protected":false},"excerpt":{"rendered":"<p>Motorista do autom\u00f3vel, de 34 anos, faleceu no local da batida. Ocupantes do ve\u00edculo de tra\u00e7\u00e3o animal foram socorridos em estado grave para a Santa Casa de Tupi Paulista. Um acidente de tr\u00e2nsito deixou uma pessoa morta e outras tr\u00eas feridas na noite deste s\u00e1bado (14) na SPA-147\/563 (rodovia sem denomina\u00e7\u00e3o), em\u00a0Monte Castelo. A ocorr\u00eancia [&hellip;]<\/p>\n","protected":false},"author":1,"featured_media":21263,"comment_status":"closed","ping_status":"open","sticky":false,"template":"","format":"standard","meta":{"footnotes":""},"categories":[170,110],"tags":[],"class_list":["post-21260","post","type-post","status-publish","format-standard","has-post-thumbnail","hentry","category-acidentes","category-noticiasdestaque"],"_links":{"self":[{"href":"https:\/\/jorgezanoni.com.br\/2019\/wp-json\/wp\/v2\/posts\/21260","targetHints":{"allow":["GET"]}}],"collection":[{"href":"https:\/\/jorgezanoni.com.br\/2019\/wp-json\/wp\/v2\/posts"}],"about":[{"href":"https:\/\/jorgezanoni.com.br\/2019\/wp-json\/wp\/v2\/types\/post"}],"author":[{"embeddable":true,"href":"https:\/\/jorgezanoni.com.br\/2019\/wp-json\/wp\/v2\/users\/1"}],"replies":[{"embeddable":true,"href":"https:\/\/jorgezanoni.com.br\/2019\/wp-json\/wp\/v2\/comments?post=21260"}],"version-history":[{"count":0,"href":"https:\/\/jorgezanoni.com.br\/2019\/wp-json\/wp\/v2\/posts\/21260\/revisions"}],"wp:featuredmedia":[{"embeddable":true,"href":"https:\/\/jorgezanoni.com.br\/2019\/wp-json\/wp\/v2\/media\/21263"}],"wp:attachment":[{"href":"https:\/\/jorgezanoni.com.br\/2019\/wp-json\/wp\/v2\/media?parent=21260"}],"wp:term":[{"taxonomy":"category","embeddable":true,"href":"https:\/\/jorgezanoni.com.br\/2019\/wp-json\/wp\/v2\/categories?post=21260"},{"taxonomy":"post_tag","embeddable":true,"href":"https:\/\/jorgezanoni.com.br\/2019\/wp-json\/wp\/v2\/tags?post=21260"}],"curies":[{"name":"wp","href":"https:\/\/api.w.org\/{rel}","templated":true}]}}