{"id":2125,"date":"2019-07-25T23:21:44","date_gmt":"2019-07-25T23:21:44","guid":{"rendered":"http:\/\/jorgezanoni.com.br\/2019\/?p=2125"},"modified":"2019-07-25T23:21:44","modified_gmt":"2019-07-25T23:21:44","slug":"policia-civil-prende-em-dracena-procurados-pela-justica","status":"publish","type":"post","link":"https:\/\/jorgezanoni.com.br\/2019\/policia-civil-prende-em-dracena-procurados-pela-justica\/","title":{"rendered":"Pol\u00edcia Civil prende em Dracena procurados pela Justi\u00e7a"},"content":{"rendered":"<p style=\"text-align: justify;\">A Pol\u00edcia Civil, por interm\u00e9dio de policiais civis das Unidades Especializadas: Delegacia de Pol\u00edcia de Investiga\u00e7\u00f5es Gerais, Delegacia de Pol\u00edcia de Investiga\u00e7\u00e3o Sobre Entorpecentes e Grupo de Opera\u00e7\u00f5es Especiais, na manh\u00e3 desta quinta-feira dia 25.07.19, realizou opera\u00e7\u00e3o tendente a prender pessoas foragidas da Justi\u00e7a, contra as quais pesavam mandados de pris\u00e3o e, combate a outros il\u00edcitos penais.<br \/>\nLogo no in\u00edcio das atividades, os agentes realizaram a pris\u00e3o de tr\u00eas pessoas, sendo um homem de 32 anos com pena inicial de dois anos e 10 dias de reclus\u00e3o, outro homem de 35 anos, sobre o qual recaia uma pris\u00e3o em regime aberto, e uma mulher de 20 anos, cuja pena inicial \u00e9 de 9 anos, oitos meses e 20 dias em regime fechado, decorrente da pr\u00e1tica dos crimes de tr\u00e1fico de drogas e associa\u00e7\u00e3o para o tr\u00e1fico.<br \/>\nAs pris\u00f5es ocorreram nos bairros S\u00e3o Francisco, Jardim Brasil\u00e2ndia e em um sitio localizado na \u00e1rea rural do munic\u00edpio de Dracena. Todos os mandados de pris\u00e3o s\u00e3o criminais, expedidos pelas Comarcas de Dracena e Osasco.<br \/>\nAinda no decorrer das atividades no \u00e2mbito de pol\u00edcia judici\u00e1ria, os policiais cumpriram um mandado de busca domiciliar, em resid\u00eancia localizada no Jardim Jussara, onde foi encontrada uma pequena por\u00e7\u00e3o de maconha. O morador, um jovem de 20 anos, foi conduzido \u00e0 delegacia, ouvido e ap\u00f3s assinar Termo de Compromisso por posse de droga para uso pr\u00f3prio, foi liberado.<br \/>\nAo t\u00e9rmino dos trabalhos, os presos em regime fechado, foram encaminhados a unidades prisionais da regi\u00e3o estando \u00e0 disposi\u00e7\u00e3o da Justi\u00e7a. J\u00e1 aquele do regime aberto foi apresentado ao F\u00f3rum da Comarca de Dracena, para realiza\u00e7\u00e3o de audi\u00eancia de compromisso relativo as san\u00e7\u00f5es impostas para o comprimento da pena em liberdade.<br \/>\nDesta forma, a Pol\u00edcia Civil cumpre em Dracena importante atividade que visa o bem estar da comunidade.<\/p>\n<p style=\"text-align: justify;\">Fonte: Comunica\u00e7\u00e3o Social Pol\u00edcia Civil<\/p>\n","protected":false},"excerpt":{"rendered":"<p>A Pol\u00edcia Civil, por interm\u00e9dio de policiais civis das Unidades Especializadas: Delegacia de Pol\u00edcia de Investiga\u00e7\u00f5es Gerais, Delegacia de Pol\u00edcia de Investiga\u00e7\u00e3o Sobre Entorpecentes e Grupo de Opera\u00e7\u00f5es Especiais, na manh\u00e3 desta quinta-feira dia 25.07.19, realizou opera\u00e7\u00e3o tendente a prender pessoas foragidas da Justi\u00e7a, contra as quais pesavam mandados de pris\u00e3o e, combate a outros [&hellip;]<\/p>\n","protected":false},"author":1,"featured_media":2126,"comment_status":"open","ping_status":"open","sticky":false,"template":"","format":"standard","meta":{"footnotes":""},"categories":[110,2],"tags":[],"class_list":["post-2125","post","type-post","status-publish","format-standard","has-post-thumbnail","hentry","category-noticiasdestaque","category-policial"],"_links":{"self":[{"href":"https:\/\/jorgezanoni.com.br\/2019\/wp-json\/wp\/v2\/posts\/2125","targetHints":{"allow":["GET"]}}],"collection":[{"href":"https:\/\/jorgezanoni.com.br\/2019\/wp-json\/wp\/v2\/posts"}],"about":[{"href":"https:\/\/jorgezanoni.com.br\/2019\/wp-json\/wp\/v2\/types\/post"}],"author":[{"embeddable":true,"href":"https:\/\/jorgezanoni.com.br\/2019\/wp-json\/wp\/v2\/users\/1"}],"replies":[{"embeddable":true,"href":"https:\/\/jorgezanoni.com.br\/2019\/wp-json\/wp\/v2\/comments?post=2125"}],"version-history":[{"count":0,"href":"https:\/\/jorgezanoni.com.br\/2019\/wp-json\/wp\/v2\/posts\/2125\/revisions"}],"wp:featuredmedia":[{"embeddable":true,"href":"https:\/\/jorgezanoni.com.br\/2019\/wp-json\/wp\/v2\/media\/2126"}],"wp:attachment":[{"href":"https:\/\/jorgezanoni.com.br\/2019\/wp-json\/wp\/v2\/media?parent=2125"}],"wp:term":[{"taxonomy":"category","embeddable":true,"href":"https:\/\/jorgezanoni.com.br\/2019\/wp-json\/wp\/v2\/categories?post=2125"},{"taxonomy":"post_tag","embeddable":true,"href":"https:\/\/jorgezanoni.com.br\/2019\/wp-json\/wp\/v2\/tags?post=2125"}],"curies":[{"name":"wp","href":"https:\/\/api.w.org\/{rel}","templated":true}]}}