{"id":21237,"date":"2020-03-14T19:33:43","date_gmt":"2020-03-14T19:33:43","guid":{"rendered":"https:\/\/jorgezanoni.com.br\/2019\/?p=21237"},"modified":"2020-03-14T19:33:43","modified_gmt":"2020-03-14T19:33:43","slug":"inscricoes-abertas-para-vestibular-de-inverno-da-unifadra","status":"publish","type":"post","link":"https:\/\/jorgezanoni.com.br\/2019\/inscricoes-abertas-para-vestibular-de-inverno-da-unifadra\/","title":{"rendered":"Inscri\u00e7\u00f5es abertas para Vestibular de Inverno da Unifadra"},"content":{"rendered":"<p style=\"font-weight: 400; text-align: justify;\">Est\u00e3o abertas as inscri\u00e7\u00f5es para o Vestibular de Inverno da Faculdade Unifadra, programado para o dia 19 de julho, \u00e0s 13h, na institui\u00e7\u00e3o, em Dracena. S\u00e3o oferecidos os cursos noturnos de Artes Visuais, An\u00e1lise e Desenvolvimento de Sistemas, Ci\u00eancias Biol\u00f3gicas, Educa\u00e7\u00e3o F\u00edsica, Enfermagem, Letras, Matem\u00e1tica, Pedagogia, Psicologia e Servi\u00e7o Social. O Vestibular de Inverno reserva vagas para ingresso em 2021. Os aprovados neste vestibular ter\u00e3o a isen\u00e7\u00e3o da taxa de matr\u00edcula.<br \/>\nOs candidatos tamb\u00e9m podem se inscrever com a nota do ENEM (com notas a partir do ano de 2010) para ingresso em um curso superior com 25% de desconto.<br \/>\nA Faculdade Unifadra Dracena \u00e9 refer\u00eancia em ensino superior em todo o Estado de S\u00e3o Paulo e recebe alunos de Dracena, regi\u00e3o e do Estado do Mato Grosso do Sul. O candidato pode conferir o edital completo, informa\u00e7\u00f5es sobre os cursos e todos os contatos no site\u00a0<a href=\"http:\/\/www.fundec.edu.br\/unifadra\">www.fundec.edu.br\/unifadra<\/a>.<\/p>\n<p style=\"font-weight: 400; text-align: justify;\"><strong>Medicina<\/strong><\/p>\n<p style=\"font-weight: 400; text-align: justify;\">O Vestibular de Inverno de Medicina tamb\u00e9m est\u00e1 com inscri\u00e7\u00f5es abertas e sua prova ser\u00e1 no dia 28\/06, \u00e0s 13h, em Dracena. O vestibular ser\u00e1 para reserva de vagas para 2021. Os candidatos dever\u00e3o se inscrever exclusivamente pelo site\u00a0<a href=\"http:\/\/www.vunesp.com.br\/\">www.vunesp.com.br<\/a>\u00a0at\u00e9 o dia 04\/06, conforme edital. Para este processo seletivo, ser\u00e3o ofertadas 40 vagas. Os aprovados neste vestibular iniciar\u00e3o suas aulas em 2021.<\/p>\n<p style=\"font-weight: 400; text-align: justify;\"><strong>Ensino a dist\u00e2ncia<\/strong><\/p>\n<p style=\"font-weight: 400; text-align: justify;\">A Unifadra EAD conta com mais de 20 cursos de licenciatura, bacharelado, forma\u00e7\u00e3o pedag\u00f3gica e superior de tecnologia, com mensalidades a partir de R$199,00. Utilizando a plataforma da Unitau (Universidade de Taubat\u00e9), a Unifadra trouxe para Dracena e regi\u00e3o uma modalidade de ensino com cont\u00ednuas inova\u00e7\u00f5es pedag\u00f3gicas e tecnol\u00f3gicas, para forma\u00e7\u00e3o de profissionais qualificados que atendam as demandas da sociedade.<br \/>\nOs cursos ofertados s\u00e3o: Artes Visuais, Ci\u00eancias Biol\u00f3gicas, Educa\u00e7\u00e3o Especial, Educa\u00e7\u00e3o F\u00edsica, Filosofia, F\u00edsica, Geografia, Hist\u00f3ria, Letras \u2013 L\u00edngua Portuguesa, Matem\u00e1tica, M\u00fasica, Pedagogia, Qu\u00edmica, Sociologia, Gest\u00e3o Comercial, Gest\u00e3o de Recursos Humanos, Gest\u00e3o de Agroneg\u00f3cio, Gest\u00e3o Financeira, Log\u00edstica, Processos Gerenciais, Administra\u00e7\u00e3o, Ci\u00eancias Cont\u00e1beis, Forma\u00e7\u00e3o Pedag\u00f3gica, Forma\u00e7\u00e3o Pedag\u00f3gica em Pedagogia.<br \/>\nAs inscri\u00e7\u00f5es para o vestibular dos cursos EAD da Unifadra podem ser feitas pelo site\u00a0<a href=\"http:\/\/www.fundec.edu.br\/\">www.fundec.edu.br<\/a>\u00a0e a prova \u00e9 on-line, sem taxa de inscri\u00e7\u00e3o.<\/p>\n<p style=\"font-weight: 400; text-align: justify;\">Mais informa\u00e7\u00f5es: (18) 3821-9004 \/ WhatsApp (18) 99802-1237 \/ Rua Bahia, 332 \u2013 Bairro Metr\u00f3pole \u2013 Dracena\/SP.<\/p>\n<p style=\"font-weight: 400; text-align: justify;\">Carolina Colnago<\/p>\n<p style=\"font-weight: 400; text-align: justify;\">Assessora de Comunica\u00e7\u00e3o da Fundec &#8211; Jornalista<\/p>\n","protected":false},"excerpt":{"rendered":"<p>Est\u00e3o abertas as inscri\u00e7\u00f5es para o Vestibular de Inverno da Faculdade Unifadra, programado para o dia 19 de julho, \u00e0s 13h, na institui\u00e7\u00e3o, em Dracena. S\u00e3o oferecidos os cursos noturnos de Artes Visuais, An\u00e1lise e Desenvolvimento de Sistemas, Ci\u00eancias Biol\u00f3gicas, Educa\u00e7\u00e3o F\u00edsica, Enfermagem, Letras, Matem\u00e1tica, Pedagogia, Psicologia e Servi\u00e7o Social. O Vestibular de Inverno reserva [&hellip;]<\/p>\n","protected":false},"author":1,"featured_media":21238,"comment_status":"closed","ping_status":"open","sticky":false,"template":"","format":"standard","meta":{"footnotes":""},"categories":[122],"tags":[],"class_list":["post-21237","post","type-post","status-publish","format-standard","has-post-thumbnail","hentry","category-saudeeducacaoeconcurso"],"_links":{"self":[{"href":"https:\/\/jorgezanoni.com.br\/2019\/wp-json\/wp\/v2\/posts\/21237","targetHints":{"allow":["GET"]}}],"collection":[{"href":"https:\/\/jorgezanoni.com.br\/2019\/wp-json\/wp\/v2\/posts"}],"about":[{"href":"https:\/\/jorgezanoni.com.br\/2019\/wp-json\/wp\/v2\/types\/post"}],"author":[{"embeddable":true,"href":"https:\/\/jorgezanoni.com.br\/2019\/wp-json\/wp\/v2\/users\/1"}],"replies":[{"embeddable":true,"href":"https:\/\/jorgezanoni.com.br\/2019\/wp-json\/wp\/v2\/comments?post=21237"}],"version-history":[{"count":0,"href":"https:\/\/jorgezanoni.com.br\/2019\/wp-json\/wp\/v2\/posts\/21237\/revisions"}],"wp:featuredmedia":[{"embeddable":true,"href":"https:\/\/jorgezanoni.com.br\/2019\/wp-json\/wp\/v2\/media\/21238"}],"wp:attachment":[{"href":"https:\/\/jorgezanoni.com.br\/2019\/wp-json\/wp\/v2\/media?parent=21237"}],"wp:term":[{"taxonomy":"category","embeddable":true,"href":"https:\/\/jorgezanoni.com.br\/2019\/wp-json\/wp\/v2\/categories?post=21237"},{"taxonomy":"post_tag","embeddable":true,"href":"https:\/\/jorgezanoni.com.br\/2019\/wp-json\/wp\/v2\/tags?post=21237"}],"curies":[{"name":"wp","href":"https:\/\/api.w.org\/{rel}","templated":true}]}}