{"id":21234,"date":"2020-03-14T19:23:06","date_gmt":"2020-03-14T19:23:06","guid":{"rendered":"https:\/\/jorgezanoni.com.br\/2019\/?p=21234"},"modified":"2020-03-14T19:23:06","modified_gmt":"2020-03-14T19:23:06","slug":"vem-ai-a-feira-de-ciencias-do-anglo-cid-dracena","status":"publish","type":"post","link":"https:\/\/jorgezanoni.com.br\/2019\/vem-ai-a-feira-de-ciencias-do-anglo-cid-dracena\/","title":{"rendered":"Vem a\u00ed a Feira de Ci\u00eancias do Anglo-CID Dracena"},"content":{"rendered":"<p style=\"font-weight: 400; text-align: justify;\">Feira de Ci\u00eancias \u00e9 assim: criar ideias com as pr\u00f3prias m\u00e3os! Movidos a uma busca cont\u00ednua por conhecimento, os alunos do Anglo-CID apresentar\u00e3o seus trabalhos na tradicional e enriquecedora Feira de Ci\u00eancias.<br \/>\nO evento, realizado anualmente, \u00e9 gratuito, aberto \u00e0 comunidade e \u00e0s escolas p\u00fablicas e particulares de Dracena e regi\u00e3o. Neste ano, completando a 23\u00aa edi\u00e7\u00e3o, o evento ser\u00e1 realizado no dia 27 de mar\u00e7o, na Fundec (Av. Alcides Chacon Couto, 296 \u2013 Bairro Metr\u00f3pole), aberto para visita\u00e7\u00e3o das 8h \u00e0s 12h, das 14h \u00e0s 17h e das 19h \u00e0s 21h. Escolas e grupos grandes dever\u00e3o agendar a visita pelo telefone (18) 3821-9007.<br \/>\nParticipem!!!<\/p>\n<p style=\"font-weight: 400; text-align: justify;\">Carolina Colnago<\/p>\n<p style=\"font-weight: 400; text-align: justify;\">Assessora de Comunica\u00e7\u00e3o da Fundec &#8211; Jornalista<\/p>\n","protected":false},"excerpt":{"rendered":"<p>Feira de Ci\u00eancias \u00e9 assim: criar ideias com as pr\u00f3prias m\u00e3os! Movidos a uma busca cont\u00ednua por conhecimento, os alunos do Anglo-CID apresentar\u00e3o seus trabalhos na tradicional e enriquecedora Feira de Ci\u00eancias. O evento, realizado anualmente, \u00e9 gratuito, aberto \u00e0 comunidade e \u00e0s escolas p\u00fablicas e particulares de Dracena e regi\u00e3o. Neste ano, completando a [&hellip;]<\/p>\n","protected":false},"author":1,"featured_media":21235,"comment_status":"closed","ping_status":"open","sticky":false,"template":"","format":"standard","meta":{"footnotes":""},"categories":[122],"tags":[],"class_list":["post-21234","post","type-post","status-publish","format-standard","has-post-thumbnail","hentry","category-saudeeducacaoeconcurso"],"_links":{"self":[{"href":"https:\/\/jorgezanoni.com.br\/2019\/wp-json\/wp\/v2\/posts\/21234","targetHints":{"allow":["GET"]}}],"collection":[{"href":"https:\/\/jorgezanoni.com.br\/2019\/wp-json\/wp\/v2\/posts"}],"about":[{"href":"https:\/\/jorgezanoni.com.br\/2019\/wp-json\/wp\/v2\/types\/post"}],"author":[{"embeddable":true,"href":"https:\/\/jorgezanoni.com.br\/2019\/wp-json\/wp\/v2\/users\/1"}],"replies":[{"embeddable":true,"href":"https:\/\/jorgezanoni.com.br\/2019\/wp-json\/wp\/v2\/comments?post=21234"}],"version-history":[{"count":0,"href":"https:\/\/jorgezanoni.com.br\/2019\/wp-json\/wp\/v2\/posts\/21234\/revisions"}],"wp:featuredmedia":[{"embeddable":true,"href":"https:\/\/jorgezanoni.com.br\/2019\/wp-json\/wp\/v2\/media\/21235"}],"wp:attachment":[{"href":"https:\/\/jorgezanoni.com.br\/2019\/wp-json\/wp\/v2\/media?parent=21234"}],"wp:term":[{"taxonomy":"category","embeddable":true,"href":"https:\/\/jorgezanoni.com.br\/2019\/wp-json\/wp\/v2\/categories?post=21234"},{"taxonomy":"post_tag","embeddable":true,"href":"https:\/\/jorgezanoni.com.br\/2019\/wp-json\/wp\/v2\/tags?post=21234"}],"curies":[{"name":"wp","href":"https:\/\/api.w.org\/{rel}","templated":true}]}}