{"id":21230,"date":"2020-03-14T19:09:08","date_gmt":"2020-03-14T19:09:08","guid":{"rendered":"https:\/\/jorgezanoni.com.br\/2019\/?p=21230"},"modified":"2020-03-14T19:09:08","modified_gmt":"2020-03-14T19:09:08","slug":"alunos-de-tecnico-em-enfermagem-do-cep-ume-participam-de-acao-comunitaria-em-dracena","status":"publish","type":"post","link":"https:\/\/jorgezanoni.com.br\/2019\/alunos-de-tecnico-em-enfermagem-do-cep-ume-participam-de-acao-comunitaria-em-dracena\/","title":{"rendered":"Alunos de T\u00e9cnico em Enfermagem do CEP\/UME participam de a\u00e7\u00e3o comunit\u00e1ria em Dracena"},"content":{"rendered":"<p style=\"text-align: justify;\">No dia 9 de mar\u00e7o, os alunos do curso T\u00e9cnico em Enfermagem participaram da a\u00e7\u00e3o comunit\u00e1ria &#8220;Feira de Sa\u00fade da Igreja Adventista do S\u00e9timo Dia&#8221;, no Jardim Brasil\u00e2ndia, em Dracena.<\/p>\n<p style=\"text-align: justify;\">A Profa. Jacqueline Maria de Souza acompanhou os alunos, que aferiram press\u00e3o arterial e glicemia capilar. A coordenadora do curso T\u00e9cnico em Enfermagem do CEP\/UME Profa. Esp. Lucilena Aparecida Esteves destacou que a a\u00e7\u00e3o visa ao bem-estar da popula\u00e7\u00e3o, atuando na preven\u00e7\u00e3o de doen\u00e7as f\u00edsicas, emocionais e psicossom\u00e1ticas.<\/p>\n<p><img loading=\"lazy\" decoding=\"async\" class=\"alignnone size-full wp-image-21231\" src=\"https:\/\/jorgezanoni.com.br\/2019\/wp-content\/uploads\/2020\/03\/comunitario.jpg\" alt=\"\" width=\"240\" height=\"184\" srcset=\"https:\/\/jorgezanoni.com.br\/2019\/wp-content\/uploads\/2020\/03\/comunitario.jpg 240w, https:\/\/jorgezanoni.com.br\/2019\/wp-content\/uploads\/2020\/03\/comunitario-80x60.jpg 80w\" sizes=\"auto, (max-width: 240px) 100vw, 240px\" \/> <img loading=\"lazy\" decoding=\"async\" class=\"alignnone size-full wp-image-21232\" src=\"https:\/\/jorgezanoni.com.br\/2019\/wp-content\/uploads\/2020\/03\/comunitario1.jpg\" alt=\"\" width=\"1280\" height=\"960\" srcset=\"https:\/\/jorgezanoni.com.br\/2019\/wp-content\/uploads\/2020\/03\/comunitario1.jpg 1280w, https:\/\/jorgezanoni.com.br\/2019\/wp-content\/uploads\/2020\/03\/comunitario1-300x225.jpg 300w, https:\/\/jorgezanoni.com.br\/2019\/wp-content\/uploads\/2020\/03\/comunitario1-768x576.jpg 768w, https:\/\/jorgezanoni.com.br\/2019\/wp-content\/uploads\/2020\/03\/comunitario1-1024x768.jpg 1024w, https:\/\/jorgezanoni.com.br\/2019\/wp-content\/uploads\/2020\/03\/comunitario1-80x60.jpg 80w, https:\/\/jorgezanoni.com.br\/2019\/wp-content\/uploads\/2020\/03\/comunitario1-265x198.jpg 265w, https:\/\/jorgezanoni.com.br\/2019\/wp-content\/uploads\/2020\/03\/comunitario1-696x522.jpg 696w, https:\/\/jorgezanoni.com.br\/2019\/wp-content\/uploads\/2020\/03\/comunitario1-1068x801.jpg 1068w, https:\/\/jorgezanoni.com.br\/2019\/wp-content\/uploads\/2020\/03\/comunitario1-560x420.jpg 560w\" sizes=\"auto, (max-width: 1280px) 100vw, 1280px\" \/><\/p>\n<p style=\"text-align: justify;\">Carolina Colnago<\/p>\n<p style=\"text-align: justify;\">Assessora de Comunica\u00e7\u00e3o da Fundec &#8211; Jornalista<\/p>\n","protected":false},"excerpt":{"rendered":"<p>No dia 9 de mar\u00e7o, os alunos do curso T\u00e9cnico em Enfermagem participaram da a\u00e7\u00e3o comunit\u00e1ria &#8220;Feira de Sa\u00fade da Igreja Adventista do S\u00e9timo Dia&#8221;, no Jardim Brasil\u00e2ndia, em Dracena. A Profa. Jacqueline Maria de Souza acompanhou os alunos, que aferiram press\u00e3o arterial e glicemia capilar. A coordenadora do curso T\u00e9cnico em Enfermagem do CEP\/UME [&hellip;]<\/p>\n","protected":false},"author":1,"featured_media":21231,"comment_status":"closed","ping_status":"open","sticky":false,"template":"","format":"standard","meta":{"footnotes":""},"categories":[122],"tags":[],"class_list":["post-21230","post","type-post","status-publish","format-standard","has-post-thumbnail","hentry","category-saudeeducacaoeconcurso"],"_links":{"self":[{"href":"https:\/\/jorgezanoni.com.br\/2019\/wp-json\/wp\/v2\/posts\/21230","targetHints":{"allow":["GET"]}}],"collection":[{"href":"https:\/\/jorgezanoni.com.br\/2019\/wp-json\/wp\/v2\/posts"}],"about":[{"href":"https:\/\/jorgezanoni.com.br\/2019\/wp-json\/wp\/v2\/types\/post"}],"author":[{"embeddable":true,"href":"https:\/\/jorgezanoni.com.br\/2019\/wp-json\/wp\/v2\/users\/1"}],"replies":[{"embeddable":true,"href":"https:\/\/jorgezanoni.com.br\/2019\/wp-json\/wp\/v2\/comments?post=21230"}],"version-history":[{"count":0,"href":"https:\/\/jorgezanoni.com.br\/2019\/wp-json\/wp\/v2\/posts\/21230\/revisions"}],"wp:featuredmedia":[{"embeddable":true,"href":"https:\/\/jorgezanoni.com.br\/2019\/wp-json\/wp\/v2\/media\/21231"}],"wp:attachment":[{"href":"https:\/\/jorgezanoni.com.br\/2019\/wp-json\/wp\/v2\/media?parent=21230"}],"wp:term":[{"taxonomy":"category","embeddable":true,"href":"https:\/\/jorgezanoni.com.br\/2019\/wp-json\/wp\/v2\/categories?post=21230"},{"taxonomy":"post_tag","embeddable":true,"href":"https:\/\/jorgezanoni.com.br\/2019\/wp-json\/wp\/v2\/tags?post=21230"}],"curies":[{"name":"wp","href":"https:\/\/api.w.org\/{rel}","templated":true}]}}